{"id":1160,"date":"2020-07-07T20:43:07","date_gmt":"2020-07-07T18:43:07","guid":{"rendered":"http:\/\/www.czechcyclingfederation.com\/?p=1160"},"modified":"2020-07-16T13:40:44","modified_gmt":"2020-07-16T11:40:44","slug":"novy-casopis-antidopingacek","status":"publish","type":"post","link":"https:\/\/www.czechcyclingfederation.com\/en\/novy-casopis-antidopingacek\/","title":{"rendered":"Nov\u00fd \u010dasopis Antidoping\u00e1\u010dek"},"content":{"rendered":"\n<p>Antidopingov\u00fd v\u00fdbor \u010cR p\u0159ich\u00e1z\u00ed s pomoc\u00ed pro v\u0161echny \u010desk\u00e9 sportovce. V nov\u00e9m form\u00e1tu &#8211; \u010dasopisu Antidoping\u00e1\u010dek &#8211; chce poutavou formou p\u0159ibl\u00ed\u017eit d\u011bn\u00ed v antidopingov\u00e9m sv\u011bt\u011b. &#8220;R\u00e1di bychom, aby jste v na\u0161em periodiku nach\u00e1zeli v\u011bci aktu\u00e1ln\u00ed, zaj\u00edmav\u00e9, pou\u010dn\u00e9 i z\u00e1bavn\u00e9,&#8221; \u0159\u00edk\u00e1 Veronika Zouharov\u00e1, vedouc\u00ed odd\u011blen\u00ed metodiky AV\u010cR.<br>&#8220;Zaj\u00edmaj\u00ed n\u00e1s va\u0161e post\u0159ehy ze sv\u011bta sportu a d\u011bn\u00ed okolo. A proto, pros\u00edme, pi\u0161te cokoliv, co v\u00e1s zaujme, p\u0159ekvap\u00ed, nemile zasko\u010d\u00ed \u010di pot\u011b\u0161\u00ed,&#8221; dod\u00e1v\u00e1.<\/p>\n\n\n<div class=\"wp-block-file\">\r\n                <a target=\"_blank\" rel=\"noopener\" href=\"https:\/\/www.czechcyclingfederation.com\/wp-content\/uploads\/2020\/07\/Newsletter-duben-\u010derven-2020.pdf\" class=\"wp-block-file__button wp-element-button\">\r\n                    <span class=\"wp-block-file__icon\"><\/span>\r\n                    Newsletter-duben-\u010derven-2020\r\n                <\/a>\r\n            <\/div>\n\n\n<p><\/p>\n","protected":false},"excerpt":{"rendered":"<p>Antidopingov\u00fd v\u00fdbor \u010cR p\u0159ich\u00e1z\u00ed s pomoc\u00ed pro v\u0161echny \u010desk\u00e9 sportovce. V nov\u00e9m form\u00e1tu &#8211; \u010dasopisu Antidoping\u00e1\u010dek &#8211; chce poutavou formou p\u0159ibl\u00ed\u017eit d\u011bn\u00ed v antidopingov\u00e9m sv\u011bt\u011b. &#8220;R\u00e1di bychom, aby jste v na\u0161em periodiku nach\u00e1zeli v\u011bci aktu\u00e1ln\u00ed, zaj\u00edmav\u00e9, pou\u010dn\u00e9 i z\u00e1bavn\u00e9,&#8221; \u0159\u00edk\u00e1 Veronika Zouharov\u00e1, vedouc\u00ed odd\u011blen\u00ed metodiky AV\u010cR.&#8220;Zaj\u00edmaj\u00ed n\u00e1s va\u0161e post\u0159ehy ze sv\u011bta sportu a d\u011bn\u00ed okolo. [&hellip;]<\/p>\n","protected":false},"author":2,"featured_media":1161,"comment_status":"closed","ping_status":"open","sticky":false,"template":"","format":"standard","meta":{"footnotes":""},"categories":[1],"tags":[],"class_list":["post-1160","post","type-post","status-publish","format-standard","has-post-thumbnail","hentry","category-uncategorized-cs"],"_links":{"self":[{"href":"https:\/\/www.czechcyclingfederation.com\/en\/wp-json\/wp\/v2\/posts\/1160","targetHints":{"allow":["GET"]}}],"collection":[{"href":"https:\/\/www.czechcyclingfederation.com\/en\/wp-json\/wp\/v2\/posts"}],"about":[{"href":"https:\/\/www.czechcyclingfederation.com\/en\/wp-json\/wp\/v2\/types\/post"}],"author":[{"embeddable":true,"href":"https:\/\/www.czechcyclingfederation.com\/en\/wp-json\/wp\/v2\/users\/2"}],"replies":[{"embeddable":true,"href":"https:\/\/www.czechcyclingfederation.com\/en\/wp-json\/wp\/v2\/comments?post=1160"}],"version-history":[{"count":2,"href":"https:\/\/www.czechcyclingfederation.com\/en\/wp-json\/wp\/v2\/posts\/1160\/revisions"}],"predecessor-version":[{"id":1188,"href":"https:\/\/www.czechcyclingfederation.com\/en\/wp-json\/wp\/v2\/posts\/1160\/revisions\/1188"}],"wp:featuredmedia":[{"embeddable":true,"href":"https:\/\/www.czechcyclingfederation.com\/en\/wp-json\/wp\/v2\/media\/1161"}],"wp:attachment":[{"href":"https:\/\/www.czechcyclingfederation.com\/en\/wp-json\/wp\/v2\/media?parent=1160"}],"wp:term":[{"taxonomy":"category","embeddable":true,"href":"https:\/\/www.czechcyclingfederation.com\/en\/wp-json\/wp\/v2\/categories?post=1160"},{"taxonomy":"post_tag","embeddable":true,"href":"https:\/\/www.czechcyclingfederation.com\/en\/wp-json\/wp\/v2\/tags?post=1160"}],"curies":[{"name":"wp","href":"https:\/\/api.w.org\/{rel}","templated":true}]}}