{"id":1155,"date":"2020-07-07T20:19:16","date_gmt":"2020-07-07T18:19:16","guid":{"rendered":"http:\/\/www.czechcyclingfederation.com\/?p=1155"},"modified":"2020-07-16T13:40:44","modified_gmt":"2020-07-16T11:40:44","slug":"visegrad-4-bicycle-race-se-pojede-v-rijnu","status":"publish","type":"post","link":"https:\/\/www.czechcyclingfederation.com\/en\/visegrad-4-bicycle-race-se-pojede-v-rijnu\/","title":{"rendered":"Visegrad 4 Bicycle Race se pojede v \u0159\u00edjnu"},"content":{"rendered":"\n<p>V&nbsp;Brn\u011b na \u0160pilberku vyvrchol\u00ed leto\u0161n\u00ed cyklistick\u00e1 sez\u00f3na<\/p>\n\n\n\n<p>Zadostiu\u010din\u011bn\u00edm za leto\u0161n\u00ed zkr\u00e1cenou sez\u00f3nou silni\u010dn\u00ed cyklistiky bude jej\u00ed velkolep\u00e9 fin\u00e1le v Brn\u011b. Dom\u00e1c\u00ed kalend\u00e1\u0159 z\u00e1vod\u016f toti\u017e zakon\u010d\u00ed nejv\u00fdznamn\u011bj\u0161\u00ed jednor\u00e1zov\u00e1 akce, mezin\u00e1rodn\u00ed z\u00e1vod Visegrad 4 Bicycle Race. Ze strany Mezin\u00e1rodn\u00ed cyklistick\u00e9 unie byl potvrzen nov\u00fd term\u00edn, kter\u00fd byl stanoven na 11. \u0159\u00edjna 2020.<\/p>\n\n\n\n<p>Z\u00e1vod, p\u016fvodn\u011b pl\u00e1novan\u00fd na 26. dubna 2020, byl z&nbsp;d\u016fvodu pandemie p\u0159esunut a po\u0159adatel\u00e9 d\u011blali v\u0161e pro to, aby byl zaji\u0161t\u011bn nov\u00fd term\u00edn, a hlavn\u011b m\u00edsto v&nbsp;kalend\u00e1\u0159i Mezin\u00e1rodn\u00ed cyklistick\u00e9 unie.<\/p>\n\n\n\n<p>\u201e<em>Na prohl\u00e1\u0161en\u00ed o zru\u0161en\u00ed \u010di p\u0159esunut\u00ed z\u00e1vod\u016f jsme okam\u017eit\u011b reagovali zasl\u00e1n\u00edm \u017e\u00e1dosti o n\u00e1hradn\u00ed term\u00edn. Byli jsme ale samoz\u0159ejm\u011b jedni z&nbsp;mnoha, kte\u0159\u00ed \u017e\u00e1dost odes\u00edlali, a z\u00e1rove\u0148 nebylo jist\u00e9, jak se situace vyvine. Proto se v\u011bci vyjasnili a\u017e ned\u00e1vno,<\/em>\u201c \u0159\u00edk\u00e1 za po\u0159adatelsk\u00fd t\u00fdm Favoritu Brno jeho tajemn\u00edk Zden\u011bk Valenta.&nbsp;<\/p>\n\n\n\n<p>Brn\u011bnsk\u00fd z\u00e1vod bude z\u00e1rove\u0148 tak\u00e9 fin\u00e1le minis\u00e9rie \u010dty\u0159 jednor\u00e1zov\u00fdch akc\u00ed v&nbsp;zem\u00edch Visegradsk\u00e9 4, tak jak bylo p\u016fvodn\u011b v&nbsp;pl\u00e1nu. Ostatn\u00edm po\u0159adatelsk\u00fdm zem\u00edm ji\u017e tak\u00e9 byly p\u0159id\u011bleny n\u00e1hradn\u00ed term\u00edny. Cel\u00fd seri\u00e1l z\u00e1vod\u016f tak za\u010dne 19. srpna v&nbsp;Ma\u010farsku, v&nbsp;z\u00e1\u0159\u00ed bude pokra\u010dovat v&nbsp;Polsku a term\u00edn slovensk\u00e9ho z\u00e1vodu bezprost\u0159edn\u011b p\u0159edch\u00e1z\u00ed fin\u00e1le v&nbsp;Brn\u011b.<\/p>\n\n\n\n<p>Po\u0159adatel\u00e9 v&nbsp;sou\u010dasn\u00e9 dob\u011b sestavuj\u00ed startovn\u00ed listinu a za\u010d\u00ednaj\u00ed konkretizovat doprovodn\u00fd program z\u00e1vodu.&nbsp;<\/p>\n\n\n\n<p>\u201e<em>Sn\u00ed\u017een\u00fd z\u00e1jem o start nepozorujeme, sp\u00ed\u0161e naopak. Pravd\u011bpodobn\u011b ani nebudeme moct vyj\u00edt vst\u0159\u00edc v\u0161em \u017e\u00e1dostem. Naopak ale chceme vyu\u017e\u00edt z\u00edskan\u00fd \u010das, abychom vyhov\u011bli co nejv\u00edce div\u00e1k\u016fm a fanou\u0161k\u016fm cyklistiky. Chceme, aby byl z\u00e1vod nejen velkolep\u00fdm zavr\u0161en\u00edm s\u00e9rie Visegradsk\u00e9 4, ale tak\u00e9 vyda\u0159enou te\u010dkou za leto\u0161n\u00ed silni\u010dn\u00ed sez\u00f3nou u n\u00e1s. Poda\u0159ilo se n\u00e1m ve spolupr\u00e1ci s&nbsp;m\u011bstem Brnem, Jihomoravsk\u00fdm krajem a polici\u00ed zajistit n\u00e1dhernou trasu z&nbsp;Brna do Mikulova a zp\u011bt, co\u017e u\u017e je samo o sob\u011b z\u00e1vazkem, aby z\u00e1\u017eitek m\u011bli nejen samotn\u00ed cyklist\u00e9, ale i v\u0161ichni, kdo se na n\u011b p\u0159ijdou pod\u00edvat. Moc si podpory ze strany m\u011bsta, zejm\u00e9na pak veden\u00ed v&nbsp;\u010dele s panem n\u00e1m\u011bstkem Hlad\u00edkem v\u00e1\u017e\u00edme, st\u00e1li p\u0159i n\u00e1s i v&nbsp;dob\u011b, kdy nebylo v\u016fbec jist\u00e9, zda se z\u00e1vod pojede<\/em>,\u201c prozrazuje pl\u00e1ny po\u0159adatelsk\u00e9ho t\u00fdmu Zden\u011bk Valenta.&nbsp;<\/p>\n\n\n\n<p>Celou trasu z\u00e1vodu, kter\u00e1 odstartuje z&nbsp;brn\u011bnsk\u00e9ho v\u00fdstavi\u0161t\u011b a dovede z\u00e1vodn\u00edky a\u017e na samotn\u00fd hrad \u0160pilberk si m\u016f\u017eete prohl\u00e9dnout zde:&nbsp;<\/p>\n\n\n\n<figure class=\"wp-block-embed-youtube wp-block-embed is-type-video is-provider-youtube wp-embed-aspect-16-9 wp-has-aspect-ratio\"><div class=\"wp-block-embed__wrapper\">\n<iframe loading=\"lazy\" title=\"Brno - Mikulov - Brno: trasa \/ the route\" width=\"500\" height=\"281\" src=\"https:\/\/www.youtube.com\/embed\/9gWrNiJz4Hg?feature=oembed\" frameborder=\"0\" allow=\"accelerometer; autoplay; clipboard-write; encrypted-media; gyroscope; picture-in-picture; web-share\" referrerpolicy=\"strict-origin-when-cross-origin\" allowfullscreen><\/iframe>\n<\/div><\/figure>\n\n\n\n<p>Novinky a sout\u011b\u017ee o zaj\u00edmav\u00e9 ceny, kter\u00e9 z\u00e1vodu p\u0159edch\u00e1z\u00ed pak sledujte na profilu po\u0159\u00e1daj\u00edc\u00edho TJ Favoritu Brno:\u00a0<a href=\"https:\/\/www.facebook.com\/Favorit.Brno.SCM2020\/\">https:\/\/www.facebook.com\/Favorit.Brno.SCM2020\/<\/a><\/p>\n\n\n\n<figure class=\"wp-block-image size-large\"><img loading=\"lazy\" decoding=\"async\" width=\"1024\" height=\"682\" src=\"https:\/\/www.czechcyclingfederation.com\/wp-content\/uploads\/2020\/07\/BrychtaJan_CP_Zabori_20190810_150555_DSC_0983-2-1024x682.jpg\" alt=\"\" class=\"wp-image-1156\" srcset=\"https:\/\/www.czechcyclingfederation.com\/wp-content\/uploads\/2020\/07\/BrychtaJan_CP_Zabori_20190810_150555_DSC_0983-2-1024x682.jpg 1024w, https:\/\/www.czechcyclingfederation.com\/wp-content\/uploads\/2020\/07\/BrychtaJan_CP_Zabori_20190810_150555_DSC_0983-2-300x200.jpg 300w, https:\/\/www.czechcyclingfederation.com\/wp-content\/uploads\/2020\/07\/BrychtaJan_CP_Zabori_20190810_150555_DSC_0983-2-768x511.jpg 768w, https:\/\/www.czechcyclingfederation.com\/wp-content\/uploads\/2020\/07\/BrychtaJan_CP_Zabori_20190810_150555_DSC_0983-2-1536x1022.jpg 1536w, https:\/\/www.czechcyclingfederation.com\/wp-content\/uploads\/2020\/07\/BrychtaJan_CP_Zabori_20190810_150555_DSC_0983-2-2048x1363.jpg 2048w, https:\/\/www.czechcyclingfederation.com\/wp-content\/uploads\/2020\/07\/BrychtaJan_CP_Zabori_20190810_150555_DSC_0983-2-1320x879.jpg 1320w\" sizes=\"auto, (max-width: 1024px) 100vw, 1024px\" \/><\/figure>\n","protected":false},"excerpt":{"rendered":"<p>V&nbsp;Brn\u011b na \u0160pilberku vyvrchol\u00ed leto\u0161n\u00ed cyklistick\u00e1 sez\u00f3na Zadostiu\u010din\u011bn\u00edm za leto\u0161n\u00ed zkr\u00e1cenou sez\u00f3nou silni\u010dn\u00ed cyklistiky bude jej\u00ed velkolep\u00e9 fin\u00e1le v Brn\u011b. Dom\u00e1c\u00ed kalend\u00e1\u0159 z\u00e1vod\u016f toti\u017e zakon\u010d\u00ed nejv\u00fdznamn\u011bj\u0161\u00ed jednor\u00e1zov\u00e1 akce, mezin\u00e1rodn\u00ed z\u00e1vod Visegrad 4 Bicycle Race. Ze strany Mezin\u00e1rodn\u00ed cyklistick\u00e9 unie byl potvrzen nov\u00fd term\u00edn, kter\u00fd byl stanoven na 11. \u0159\u00edjna 2020. Z\u00e1vod, p\u016fvodn\u011b pl\u00e1novan\u00fd na 26. [&hellip;]<\/p>\n","protected":false},"author":2,"featured_media":1156,"comment_status":"closed","ping_status":"open","sticky":true,"template":"","format":"standard","meta":{"footnotes":""},"categories":[2,18],"tags":[11],"class_list":["post-1155","post","type-post","status-publish","format-standard","has-post-thumbnail","hentry","category-novinky","category-silnice","tag-silnice"],"_links":{"self":[{"href":"https:\/\/www.czechcyclingfederation.com\/en\/wp-json\/wp\/v2\/posts\/1155","targetHints":{"allow":["GET"]}}],"collection":[{"href":"https:\/\/www.czechcyclingfederation.com\/en\/wp-json\/wp\/v2\/posts"}],"about":[{"href":"https:\/\/www.czechcyclingfederation.com\/en\/wp-json\/wp\/v2\/types\/post"}],"author":[{"embeddable":true,"href":"https:\/\/www.czechcyclingfederation.com\/en\/wp-json\/wp\/v2\/users\/2"}],"replies":[{"embeddable":true,"href":"https:\/\/www.czechcyclingfederation.com\/en\/wp-json\/wp\/v2\/comments?post=1155"}],"version-history":[{"count":1,"href":"https:\/\/www.czechcyclingfederation.com\/en\/wp-json\/wp\/v2\/posts\/1155\/revisions"}],"predecessor-version":[{"id":1157,"href":"https:\/\/www.czechcyclingfederation.com\/en\/wp-json\/wp\/v2\/posts\/1155\/revisions\/1157"}],"wp:featuredmedia":[{"embeddable":true,"href":"https:\/\/www.czechcyclingfederation.com\/en\/wp-json\/wp\/v2\/media\/1156"}],"wp:attachment":[{"href":"https:\/\/www.czechcyclingfederation.com\/en\/wp-json\/wp\/v2\/media?parent=1155"}],"wp:term":[{"taxonomy":"category","embeddable":true,"href":"https:\/\/www.czechcyclingfederation.com\/en\/wp-json\/wp\/v2\/categories?post=1155"},{"taxonomy":"post_tag","embeddable":true,"href":"https:\/\/www.czechcyclingfederation.com\/en\/wp-json\/wp\/v2\/tags?post=1155"}],"curies":[{"name":"wp","href":"https:\/\/api.w.org\/{rel}","templated":true}]}}