{"id":11542,"date":"2022-03-30T18:38:04","date_gmt":"2022-03-30T16:38:04","guid":{"rendered":"https:\/\/www.czechcyclingfederation.com\/?p=11542"},"modified":"2022-03-30T18:38:06","modified_gmt":"2022-03-30T16:38:06","slug":"kukrle-se-vraci-do-elkovu-kasper","status":"publish","type":"post","link":"https:\/\/www.czechcyclingfederation.com\/en\/kukrle-se-vraci-do-elkovu-kasper\/","title":{"rendered":"Kukrle se vrac\u00ed do Elkovu Kasper"},"content":{"rendered":"\n<p>\u00da\u0159aduj\u00edc\u00ed \u010desk\u00fd mistr a olympionik Michael Kukrle se vrac\u00ed do st\u00e1je Elkov Kasper. Kukrle p\u0159ed leto\u0161n\u00ed sezonou p\u0159estoupil z kr\u00e1lov\u00e9hradeck\u00e9ho t\u00fdmu do celku Gazprom \u2013 RusVelo z kategorie UCI ProTeam. Sedmadvacetilet\u00fd cyklista p\u016fsobil v Elkovu Kasper ji\u017e od roku 2016 a v minul\u00e9 sez\u00f3n\u011b z\u00edskal osm um\u00edst\u011bn\u00ed na stupn\u00edch v\u00edt\u011bz\u016f, v\u010detn\u011b titulu n\u00e1rodn\u00edho \u0161ampiona.<\/p>\n\n\n\n<p>V barv\u00e1ch rusk\u00e9ho t\u00fdmu objel Kukrle v \u00fanoru etapov\u00e9 z\u00e1vody v Om\u00e1nu a Spojen\u00fdch arabsk\u00fdch emir\u00e1tech a z\u00edskal 10 UCI bod\u016f. Po zah\u00e1jen\u00ed rusk\u00e9 agrese na Ukrajin\u011b ale dostal Gazprom \u2013 RusVelo od Mezin\u00e1rodn\u00ed cyklistick\u00e9 unie stopku a rod\u00e1k ze \u0160ternberka se tak na start z\u00e1vodu postavil v barv\u00e1ch \u010desk\u00e9ho reprezenta\u010dn\u00edho v\u00fdb\u011bru a\u017e v minul\u00e9m t\u00fddnu p\u0159i Velk\u00e9 cen\u011b Hlohovce, kde bral t\u0159et\u00ed m\u00edsto a fanou\u0161k\u016fm cyklistiky se p\u0159edstavil tak\u00e9 v ned\u011bln\u00edm zahajovac\u00edm z\u00e1vod\u011b \u0160KODA Cupu ve Velk\u00e9 B\u00edte\u0161i.<\/p>\n\n\n\n<p>&#8220;S veden\u00edm Elkovu Kasper jsme byli v kontaktu od chv\u00edle, kdy UCI rozhodla o zastaven\u00ed \u010dinnosti na\u0161eho t\u00fdmu. Gazprom \u2013 RusVelo n\u00e1m ihned stopnul v\u00fdplaty, ale dal n\u00e1m mo\u017enost odej\u00edt jinam. Dostal jsem nab\u00eddky z n\u011bkolika kontinent\u00e1ln\u00edch t\u00fdm\u016f, smysl mi ale d\u00e1val n\u00e1vrat. Jsem r\u00e1d, \u017ee se poda\u0159ilo p\u0159estup dohodnout, i kdy\u017e kv\u016fli neaktivn\u00edmu p\u0159\u00edstupu UCI je\u0161t\u011b nen\u00ed jasn\u00e9, kdy budu moct za t\u00fdm z\u00e1vodit. V\u011b\u0159\u00edm, \u017ee stihnu u\u017e etapov\u00fd z\u00e1vod Circuit des Ardennes International, kter\u00fd se pojede od 6. do 9. dubna,&#8221; \u0159ekl k p\u0159estupu do kr\u00e1lov\u00e9hradeck\u00e9 st\u00e1je Michael Kukrle.<\/p>\n\n\n\n<p>\u201eKdy\u017e jsme vid\u011bli, \u017ee t\u00fdm Gazprom \u2013 RusVelo skon\u010dil, hned jsme Michaelovi nab\u00eddli pomoc. P\u016fsobil u n\u00e1s \u0159adu let a je to dobr\u00fd z\u00e1vodn\u00edk. Z\u00e1sadn\u00ed ale bylo vy\u0159e\u0161it situaci po finan\u010dn\u00ed str\u00e1nce. Oslovil jsem tedy partnery, jestli n\u00e1m budou ochotni vyj\u00edt vst\u0159\u00edc. Chci pod\u011bkovat OLYMPU Centru sportu Ministerstva vnitra a hlavn\u00edm partner\u016fm t\u00fdmu, spole\u010dnostem Elkov elektro a KASPER CZ, kter\u00fdm se poda\u0159ilo ve velmi kr\u00e1tk\u00e9 dob\u011b vytvo\u0159it podm\u00ednky pro Kukrleho p\u0159estup zp\u011bt. Tak\u00e9 KALAS Sportswear ihned za\u010dne p\u0159ipravovat oble\u010den\u00ed v mistrovsk\u00fdch barv\u00e1ch, ve kter\u00fdch mus\u00ed \u00fa\u0159aduj\u00edc\u00ed \u0161ampion jezdit,\u201c popsal pr\u016fb\u011bh vyjedn\u00e1v\u00e1n\u00ed sportovn\u00ed \u0159editel Elkovu Kasper Vladim\u00edr V\u00e1vra.<\/p>\n\n\n\n<p>FOTO Jan Brychta<\/p>\n\n\n\n<figure class=\"wp-block-image size-large\"><img loading=\"lazy\" decoding=\"async\" width=\"1024\" height=\"560\" src=\"https:\/\/www.czechcyclingfederation.com\/wp-content\/uploads\/2022\/03\/Stupne-BrychtaJan_MR_MCR_MSR_Banovce_20210620_160237_DSC_5973-1-1024x560.jpg\" alt=\"\" class=\"wp-image-11544\" srcset=\"https:\/\/www.czechcyclingfederation.com\/wp-content\/uploads\/2022\/03\/Stupne-BrychtaJan_MR_MCR_MSR_Banovce_20210620_160237_DSC_5973-1-1024x560.jpg 1024w, https:\/\/www.czechcyclingfederation.com\/wp-content\/uploads\/2022\/03\/Stupne-BrychtaJan_MR_MCR_MSR_Banovce_20210620_160237_DSC_5973-1-300x164.jpg 300w, https:\/\/www.czechcyclingfederation.com\/wp-content\/uploads\/2022\/03\/Stupne-BrychtaJan_MR_MCR_MSR_Banovce_20210620_160237_DSC_5973-1-768x420.jpg 768w, https:\/\/www.czechcyclingfederation.com\/wp-content\/uploads\/2022\/03\/Stupne-BrychtaJan_MR_MCR_MSR_Banovce_20210620_160237_DSC_5973-1-1536x840.jpg 1536w, https:\/\/www.czechcyclingfederation.com\/wp-content\/uploads\/2022\/03\/Stupne-BrychtaJan_MR_MCR_MSR_Banovce_20210620_160237_DSC_5973-1-2048x1120.jpg 2048w, https:\/\/www.czechcyclingfederation.com\/wp-content\/uploads\/2022\/03\/Stupne-BrychtaJan_MR_MCR_MSR_Banovce_20210620_160237_DSC_5973-1-1320x722.jpg 1320w\" sizes=\"auto, (max-width: 1024px) 100vw, 1024px\" \/><\/figure>\n","protected":false},"excerpt":{"rendered":"<p>\u00da\u0159aduj\u00edc\u00ed \u010desk\u00fd mistr a olympionik Michael Kukrle se vrac\u00ed do st\u00e1je Elkov Kasper. Kukrle p\u0159ed leto\u0161n\u00ed sezonou p\u0159estoupil z kr\u00e1lov\u00e9hradeck\u00e9ho t\u00fdmu do celku Gazprom \u2013 RusVelo z kategorie UCI ProTeam. Sedmadvacetilet\u00fd cyklista p\u016fsobil v Elkovu Kasper ji\u017e od roku 2016 a v minul\u00e9 sez\u00f3n\u011b z\u00edskal osm um\u00edst\u011bn\u00ed na stupn\u00edch v\u00edt\u011bz\u016f, v\u010detn\u011b titulu n\u00e1rodn\u00edho \u0161ampiona. V [&hellip;]<\/p>\n","protected":false},"author":8,"featured_media":11543,"comment_status":"closed","ping_status":"open","sticky":false,"template":"","format":"standard","meta":{"footnotes":""},"categories":[2,18],"tags":[11],"class_list":["post-11542","post","type-post","status-publish","format-standard","has-post-thumbnail","hentry","category-novinky","category-silnice","tag-silnice"],"_links":{"self":[{"href":"https:\/\/www.czechcyclingfederation.com\/en\/wp-json\/wp\/v2\/posts\/11542","targetHints":{"allow":["GET"]}}],"collection":[{"href":"https:\/\/www.czechcyclingfederation.com\/en\/wp-json\/wp\/v2\/posts"}],"about":[{"href":"https:\/\/www.czechcyclingfederation.com\/en\/wp-json\/wp\/v2\/types\/post"}],"author":[{"embeddable":true,"href":"https:\/\/www.czechcyclingfederation.com\/en\/wp-json\/wp\/v2\/users\/8"}],"replies":[{"embeddable":true,"href":"https:\/\/www.czechcyclingfederation.com\/en\/wp-json\/wp\/v2\/comments?post=11542"}],"version-history":[{"count":1,"href":"https:\/\/www.czechcyclingfederation.com\/en\/wp-json\/wp\/v2\/posts\/11542\/revisions"}],"predecessor-version":[{"id":11545,"href":"https:\/\/www.czechcyclingfederation.com\/en\/wp-json\/wp\/v2\/posts\/11542\/revisions\/11545"}],"wp:featuredmedia":[{"embeddable":true,"href":"https:\/\/www.czechcyclingfederation.com\/en\/wp-json\/wp\/v2\/media\/11543"}],"wp:attachment":[{"href":"https:\/\/www.czechcyclingfederation.com\/en\/wp-json\/wp\/v2\/media?parent=11542"}],"wp:term":[{"taxonomy":"category","embeddable":true,"href":"https:\/\/www.czechcyclingfederation.com\/en\/wp-json\/wp\/v2\/categories?post=11542"},{"taxonomy":"post_tag","embeddable":true,"href":"https:\/\/www.czechcyclingfederation.com\/en\/wp-json\/wp\/v2\/tags?post=11542"}],"curies":[{"name":"wp","href":"https:\/\/api.w.org\/{rel}","templated":true}]}}