{"id":11509,"date":"2022-03-29T19:48:11","date_gmt":"2022-03-29T17:48:11","guid":{"rendered":"https:\/\/www.czechcyclingfederation.com\/?p=11509"},"modified":"2022-03-29T19:49:54","modified_gmt":"2022-03-29T17:49:54","slug":"cesky-svaz-cyklistiky-jde-s-dobou-elektromobilita-vladne-vozovemu-parku","status":"publish","type":"post","link":"https:\/\/www.czechcyclingfederation.com\/en\/cesky-svaz-cyklistiky-jde-s-dobou-elektromobilita-vladne-vozovemu-parku\/","title":{"rendered":"\u010cesk\u00fd svaz cyklistiky jde s dobou: elektromobilita vl\u00e1dne vozov\u00e9mu parku!"},"content":{"rendered":"\n<p>\u010cesk\u00fd svaz cyklistiky (\u010cSC) se v&nbsp;posledn\u00ed dob\u011b v\u00fdrazn\u011b m\u011bn\u00ed a nyn\u00ed m\u00e1 p\u0159ed sebou dal\u0161\u00ed velkou v\u00fdzvu. Chce se st\u00e1t prvn\u00ed dom\u00e1c\u00ed sportovn\u00ed federac\u00ed, jej\u00ed\u017e flotila osobn\u00edch voz\u016f bude ke konci tohoto roku pln\u011b elektrick\u00e1. Jedn\u00e1 se o v\u00fdsledek partnerstv\u00ed se Skupinou \u010cEZ a spole\u010dnost\u00ed \u0160KODA AUTO.<\/p>\n\n\n\n<p><em>\u201e\u010cesk\u00fd svaz cyklistiky vn\u00edm\u00e1 v\u0161eobecn\u00fd rozmach elektromobility ve sv\u011bt\u011b i v cyklistice. Elektromobily jsou dnes ned\u00edlnou sou\u010d\u00e1st\u00ed Tour de France, na elektrokolech se pod hlavi\u010dkou UCI bojuje o plnohodnotn\u00e9 sv\u011btov\u00e9 tituly, a i u n\u00e1s doma u\u017e dvakr\u00e1t prob\u011bhlo mistrovstv\u00ed republiky pro e-biky. Rozmach elektromobility je obrovsk\u00fd a my nechceme z\u016fstat pozadu,\u201c<\/em>&nbsp;\u0159\u00edk\u00e1 prezident \u010cesk\u00e9ho svazu cyklistiky, Ing. Petr Marek.<\/p>\n\n\n\n<p>\u010cSC sm\u00fd\u0161l\u00ed ekologicky, n\u00e1sleduje aktu\u00e1ln\u00ed trendy, a tak zapojen\u00ed elektromobility do vozov\u00e9ho parku bylo dal\u0161\u00edm logick\u00fdm krokem. \u201e<em>P\u0159i cyklistice se sportovci pohybuj\u00ed v\u00fdrazn\u011b bl\u00ed\u017ee automobil\u016fm ne\u017e p\u0159i vykon\u00e1v\u00e1n\u00ed jak\u00e9hokoli jin\u00e9ho sportu, a proto c\u00edt\u00edme, \u017ee bychom v tomto sm\u011bru m\u011bli j\u00edt ostatn\u00edm p\u0159\u00edkladem. B\u00fdt \u0161etrn\u00fd nejen k \u017eivotn\u00edmu prost\u0159ed\u00ed, ale i k ostatn\u00edm \u00fa\u010dastn\u00edk\u016fm provozu, zejm\u00e9na pak ke sportovc\u016fm,\u201c<\/em>&nbsp;dod\u00e1v\u00e1 Petr Marek.<\/p>\n\n\n\n<p>\u010cSC si elektrick\u00e9 vozy vyzkou\u0161el ji\u017e v minul\u00e9 sez\u00f3n\u011b, kdy do sv\u00e9 flotily 13 osobn\u00edch voz\u016f od zna\u010dky \u0160KODA AUTO, kter\u00e9 vyu\u017e\u00edv\u00e1 v r\u00e1mci partnerstv\u00ed, implementoval plugin hybridy a jedno pln\u011b elektrick\u00e9 vozidlo. Uk\u00e1zalo se, \u017ee tato vozidla zapojen\u00ed zvl\u00e1daj\u00ed, ostatn\u011b ji\u017e minul\u00fd rok v\u016fz \u0160KODA ENYAQ objel \u010cesk\u00fd poh\u00e1r na silnici \u0160KODA CUP a tento automobil v barv\u00e1ch \u010cSC vozil tak\u00e9 \u0159editelku z\u00e1vodu Mistrovstv\u00ed \u010cesk\u00e9 a Slovensk\u00e9 republiky 2021, kter\u00e9 se po\u0159\u00e1dalo v B\u00e1novc\u00edch nad Bebravou.<\/p>\n\n\n\n<p>\u201e<em>Partnerstv\u00ed s n\u00e1rodn\u00ed sportovn\u00ed autoritou v cyklistice je d\u016fle\u017eitou sou\u010d\u00e1st\u00ed na\u0161\u00ed sponzoringov\u00e9 strategie. Jsme r\u00e1di, \u017ee v jeho r\u00e1mci se nyn\u00ed dost\u00e1vaj\u00ed ke slovu elektrifikovan\u00e9 vozy, kter\u00e9 na z\u00e1vodech doprovod\u00ed cyklisty bez emis\u00ed,\u201c<\/em>&nbsp;uvedl Libor \u0160ediv\u00e1k, vedouc\u00ed marketingu \u0160KODA AUTO \u010cesk\u00e1 republika.<\/p>\n\n\n\n<p>Elektrick\u00e9 vozy \u010cSC se budou pohybovat po cel\u00e9 republice, kde budou pom\u00e1hat m\u00edstn\u00edm klub\u016fm, organiz\u00e1tor\u016fm atd. vytv\u00e1\u0159et zdrav\u011bj\u0161\u00ed a \u010dist\u011bj\u0161\u00ed z\u00e1vodn\u00ed prost\u0159ed\u00ed.&nbsp;<em>\u201eV r\u00e1mci partnerstv\u00ed se Skupinou \u010cEZ, kter\u00e1 je mimo jin\u00e9 PARTNEREM ELEKTROMOBILITY \u010cSC, jedn\u00e1me tak\u00e9 o vybudov\u00e1n\u00ed nab\u00edjec\u00edch stanic v s\u00eddle \u010cSC, kter\u00e9 by slou\u017eili nejen pro pot\u0159eby \u010cSC, ale i pro \u0161irokou ve\u0159ejnost.\u201c<\/em>&nbsp;doplnil je\u0161t\u011b Petr Marek.<\/p>\n\n\n\n<figure class=\"wp-block-embed aligncenter is-type-video is-provider-youtube wp-block-embed-youtube wp-embed-aspect-16-9 wp-has-aspect-ratio\"><div class=\"wp-block-embed__wrapper\">\n<iframe loading=\"lazy\" title=\"\u010cESK\u00dd SVAZ CYKLISTIKY p\u0159ech\u00e1z\u00ed na elektromobilitu!\" width=\"500\" height=\"281\" src=\"https:\/\/www.youtube.com\/embed\/7rYrqdic6RI?feature=oembed\" frameborder=\"0\" allow=\"accelerometer; autoplay; clipboard-write; encrypted-media; gyroscope; picture-in-picture; web-share\" referrerpolicy=\"strict-origin-when-cross-origin\" allowfullscreen><\/iframe>\n<\/div><\/figure>\n","protected":false},"excerpt":{"rendered":"<p>\u010cesk\u00fd svaz cyklistiky (\u010cSC) se v&nbsp;posledn\u00ed dob\u011b v\u00fdrazn\u011b m\u011bn\u00ed a nyn\u00ed m\u00e1 p\u0159ed sebou dal\u0161\u00ed velkou v\u00fdzvu. Chce se st\u00e1t prvn\u00ed dom\u00e1c\u00ed sportovn\u00ed federac\u00ed, jej\u00ed\u017e flotila osobn\u00edch voz\u016f bude ke konci tohoto roku pln\u011b elektrick\u00e1. Jedn\u00e1 se o v\u00fdsledek partnerstv\u00ed se Skupinou \u010cEZ a spole\u010dnost\u00ed \u0160KODA AUTO. \u201e\u010cesk\u00fd svaz cyklistiky vn\u00edm\u00e1 v\u0161eobecn\u00fd rozmach elektromobility ve [&hellip;]<\/p>\n","protected":false},"author":1,"featured_media":11510,"comment_status":"closed","ping_status":"open","sticky":false,"template":"","format":"standard","meta":{"footnotes":""},"categories":[28,17,2,1],"tags":[119],"class_list":["post-11509","post","type-post","status-publish","format-standard","has-post-thumbnail","hentry","category-cesky-svaz-cyklistiky","category-discipliny","category-novinky","category-uncategorized-cs","tag-csc"],"_links":{"self":[{"href":"https:\/\/www.czechcyclingfederation.com\/en\/wp-json\/wp\/v2\/posts\/11509","targetHints":{"allow":["GET"]}}],"collection":[{"href":"https:\/\/www.czechcyclingfederation.com\/en\/wp-json\/wp\/v2\/posts"}],"about":[{"href":"https:\/\/www.czechcyclingfederation.com\/en\/wp-json\/wp\/v2\/types\/post"}],"author":[{"embeddable":true,"href":"https:\/\/www.czechcyclingfederation.com\/en\/wp-json\/wp\/v2\/users\/1"}],"replies":[{"embeddable":true,"href":"https:\/\/www.czechcyclingfederation.com\/en\/wp-json\/wp\/v2\/comments?post=11509"}],"version-history":[{"count":3,"href":"https:\/\/www.czechcyclingfederation.com\/en\/wp-json\/wp\/v2\/posts\/11509\/revisions"}],"predecessor-version":[{"id":11528,"href":"https:\/\/www.czechcyclingfederation.com\/en\/wp-json\/wp\/v2\/posts\/11509\/revisions\/11528"}],"wp:featuredmedia":[{"embeddable":true,"href":"https:\/\/www.czechcyclingfederation.com\/en\/wp-json\/wp\/v2\/media\/11510"}],"wp:attachment":[{"href":"https:\/\/www.czechcyclingfederation.com\/en\/wp-json\/wp\/v2\/media?parent=11509"}],"wp:term":[{"taxonomy":"category","embeddable":true,"href":"https:\/\/www.czechcyclingfederation.com\/en\/wp-json\/wp\/v2\/categories?post=11509"},{"taxonomy":"post_tag","embeddable":true,"href":"https:\/\/www.czechcyclingfederation.com\/en\/wp-json\/wp\/v2\/tags?post=11509"}],"curies":[{"name":"wp","href":"https:\/\/api.w.org\/{rel}","templated":true}]}}