{"id":11492,"date":"2022-03-28T19:09:00","date_gmt":"2022-03-28T17:09:00","guid":{"rendered":"https:\/\/www.czechcyclingfederation.com\/?p=11492"},"modified":"2022-03-28T19:09:02","modified_gmt":"2022-03-28T17:09:02","slug":"mezinarodni-soutez-v-krasojizde-bohemiaopen","status":"publish","type":"post","link":"https:\/\/www.czechcyclingfederation.com\/en\/mezinarodni-soutez-v-krasojizde-bohemiaopen\/","title":{"rendered":"Mezin\u00e1rodn\u00ed sout\u011b\u017e v krasoj\u00edzd\u011b \u2013 Bohemiaopen"},"content":{"rendered":"\n<p>V hale TJ Pankr\u00e1c se o v\u00edkendu uskute\u010dnila mezin\u00e1rodn\u00ed sout\u011b\u017e v krasoj\u00edzd\u011b \u2013 Bohemiaopen. Krom\u011b jezdc\u016f z \u010desk\u00fdch klub\u016f se j\u00ed z\u00fa\u010dastnili z\u00e1stupci z N\u011bmecka, Ma\u010farska, Slovenska, Polska i Afgh\u00e1nist\u00e1nu. Sportovci z Ukrajiny se vzhledem k v\u00e1le\u010dn\u00fdm ud\u00e1lostem nemohli z\u00fa\u010dastnit, nicm\u00e9n\u011b b\u011bhem akce byla pro n\u011b vytvo\u0159ena potravinov\u00e1 sb\u00edrka, kterou do zem\u011b doprav\u00ed ma\u010far\u0161t\u00ed sportovci z p\u0159\u00edhrani\u010dn\u00ed oblasti.<\/p>\n\n\n\n<p>\u017d\u00e1kovsk\u00e9 sout\u011b\u017ee vyhr\u00e1li ve sv\u00fdch kategori\u00edch \u2013 Eli\u0161ka Rozehnalov\u00e1, Alena \u010cani, Vanessa Mbaye, Tobi\u00e1\u0161 Vejchoda, Lechner Benjamin a Roman Popovych. \u017d\u00e1kovsk\u00e9 dvojice pak Julie T\u016fmov\u00e1 s Hanou Cik\u00e1nkovou a Benjamin Lechner s Lisou Lechner. Juniorskou kategorii ovl\u00e1dli Kate\u0159ina Vosi\u010dkov\u00e1 a Kry\u0161tof Ne\u010das, dvojice Tereza Bur\u0161\u00edkov\u00e1 s Kate\u0159inou N\u00e1vojovou a Vojt\u011bch Bla\u017eek s Pavlem \u0160\u00ednem.<\/p>\n\n\n\n<p>V kategorii Elite zv\u00edt\u011bzila mistryn\u011b Evropy N\u011bmka Jana Pfannov\u00e1, v mu\u017e\u00edch na prvn\u00edm m\u00edst\u011b skon\u010dil jej\u00ed krajan a \u00fa\u0159aduj\u00edc\u00ed mistr sv\u011bta Lukas Kohl, kdy\u017e p\u00fa\u0159edvedl bezchybnou j\u00edzdu a jen p\u00e1r bod\u016f zaostal za sv\u00fdm sv\u011btov\u00fdm rekordem. Dvojice v t\u00e9to kategorii vyhr\u00e1li Veronika Kripnerov\u00e1 s Janem Kripnerem a Eszter Kulich s D\u00f3rou R\u00e1koczou.<\/p>\n\n\n\n<p>T\u0159e\u0161ni\u010dkou na dortu byla zku\u0161ebn\u00ed neofici\u00e1ln\u00ed discipl\u00edna zkr\u00e1cen\u00e9ho programu, kdy z\u00e1vodn\u00edci b\u011bhem dvou minut museli zvl\u00e1dnout deset cvik\u016f. V t\u00e9to discipl\u00edn\u011b se p\u0159edstavil i mistr sv\u011bta z roku 2004 Arno\u0161t Pokorn\u00fd, nicm\u00e9n\u011b v\u00edt\u011bzi se stali Csaba Varga a Jana Pfannov\u00e1.<\/p>\n\n\n\n<p>FOTO Jan \u0158asa<\/p>\n\n\n\n<figure class=\"wp-block-image size-large\"><img loading=\"lazy\" decoding=\"async\" width=\"1000\" height=\"563\" src=\"http:\/\/www.czechcyclingfederation.com\/wp-content\/uploads\/2022\/03\/20220327_1609220-1.jpg\" alt=\"\" class=\"wp-image-11493\" srcset=\"https:\/\/www.czechcyclingfederation.com\/wp-content\/uploads\/2022\/03\/20220327_1609220-1.jpg 1000w, https:\/\/www.czechcyclingfederation.com\/wp-content\/uploads\/2022\/03\/20220327_1609220-1-300x169.jpg 300w, https:\/\/www.czechcyclingfederation.com\/wp-content\/uploads\/2022\/03\/20220327_1609220-1-768x432.jpg 768w\" sizes=\"auto, (max-width: 1000px) 100vw, 1000px\" \/><\/figure>\n","protected":false},"excerpt":{"rendered":"<p>V hale TJ Pankr\u00e1c se o v\u00edkendu uskute\u010dnila mezin\u00e1rodn\u00ed sout\u011b\u017e v krasoj\u00edzd\u011b \u2013 Bohemiaopen. Krom\u011b jezdc\u016f z \u010desk\u00fdch klub\u016f se j\u00ed z\u00fa\u010dastnili z\u00e1stupci z N\u011bmecka, Ma\u010farska, Slovenska, Polska i Afgh\u00e1nist\u00e1nu. Sportovci z Ukrajiny se vzhledem k v\u00e1le\u010dn\u00fdm ud\u00e1lostem nemohli z\u00fa\u010dastnit, nicm\u00e9n\u011b b\u011bhem akce byla pro n\u011b vytvo\u0159ena potravinov\u00e1 sb\u00edrka, kterou do zem\u011b doprav\u00ed ma\u010far\u0161t\u00ed sportovci [&hellip;]<\/p>\n","protected":false},"author":8,"featured_media":11494,"comment_status":"closed","ping_status":"open","sticky":false,"template":"","format":"standard","meta":{"footnotes":""},"categories":[2,60],"tags":[61],"class_list":["post-11492","post","type-post","status-publish","format-standard","has-post-thumbnail","hentry","category-novinky","category-salovka","tag-salovka"],"_links":{"self":[{"href":"https:\/\/www.czechcyclingfederation.com\/en\/wp-json\/wp\/v2\/posts\/11492","targetHints":{"allow":["GET"]}}],"collection":[{"href":"https:\/\/www.czechcyclingfederation.com\/en\/wp-json\/wp\/v2\/posts"}],"about":[{"href":"https:\/\/www.czechcyclingfederation.com\/en\/wp-json\/wp\/v2\/types\/post"}],"author":[{"embeddable":true,"href":"https:\/\/www.czechcyclingfederation.com\/en\/wp-json\/wp\/v2\/users\/8"}],"replies":[{"embeddable":true,"href":"https:\/\/www.czechcyclingfederation.com\/en\/wp-json\/wp\/v2\/comments?post=11492"}],"version-history":[{"count":1,"href":"https:\/\/www.czechcyclingfederation.com\/en\/wp-json\/wp\/v2\/posts\/11492\/revisions"}],"predecessor-version":[{"id":11495,"href":"https:\/\/www.czechcyclingfederation.com\/en\/wp-json\/wp\/v2\/posts\/11492\/revisions\/11495"}],"wp:featuredmedia":[{"embeddable":true,"href":"https:\/\/www.czechcyclingfederation.com\/en\/wp-json\/wp\/v2\/media\/11494"}],"wp:attachment":[{"href":"https:\/\/www.czechcyclingfederation.com\/en\/wp-json\/wp\/v2\/media?parent=11492"}],"wp:term":[{"taxonomy":"category","embeddable":true,"href":"https:\/\/www.czechcyclingfederation.com\/en\/wp-json\/wp\/v2\/categories?post=11492"},{"taxonomy":"post_tag","embeddable":true,"href":"https:\/\/www.czechcyclingfederation.com\/en\/wp-json\/wp\/v2\/tags?post=11492"}],"curies":[{"name":"wp","href":"https:\/\/api.w.org\/{rel}","templated":true}]}}