{"id":11487,"date":"2022-03-28T08:49:35","date_gmt":"2022-03-28T06:49:35","guid":{"rendered":"https:\/\/www.czechcyclingfederation.com\/?p=11487"},"modified":"2022-03-29T08:43:35","modified_gmt":"2022-03-29T06:43:35","slug":"v-nedeli-absolvovala-mladez-a-zeny-prvni-zavod-techniserv-cupu","status":"publish","type":"post","link":"https:\/\/www.czechcyclingfederation.com\/en\/v-nedeli-absolvovala-mladez-a-zeny-prvni-zavod-techniserv-cupu\/","title":{"rendered":"V ned\u011bli absolvovala ml\u00e1de\u017e a \u017eeny prvn\u00ed z\u00e1vod Techniserv cupu"},"content":{"rendered":"\n<p>Prvn\u00ed z\u00e1vod Techniserv cupu pro ml\u00e1de\u017e a \u017eeny se uskute\u010dnil v Pardubic\u00edch. V sobotu se v centru m\u011bsta jelo krit\u00e9rium a v ned\u011bli o n\u011bkolik kilometr\u016f ji\u017en\u011bji na \u00fapat\u00ed \u017delezn\u00fdch hor startoval leto\u0161n\u00ed Techniserv cup, kter\u00fd p\u0159iv\u00edtal p\u0159es 350 z\u00e1vodn\u00edk\u016f a z\u00e1vodnic. Z\u00e1vod se jel na okruhu o d\u00e9lce 16, 9 km s p\u0159ev\u00fd\u0161en\u00edm 215 m, kter\u00fd vedl i kolem h\u0159eb\u010d\u00edna ve Slati\u0148anech na Chrudimsku. V kategorii \u017een se z\u00e1vodu z\u00fa\u010dastnila i Mark\u00e9ta H\u00e1jkov\u00e1 z formace Bepink a polsk\u00fd t\u00fdm&nbsp;Atom Deweloper Posciellux.pl Wroclaw, kter\u00fd ovl\u00e1dl ned\u011bln\u00ed z\u00e1vod \u017een. Po\u010das\u00ed vy\u0161lo na jedni\u010dku, bylo slune\u010dno a v\u00edtr t\u00e9m\u011b\u0159 nulov\u00fd.&nbsp;<\/p>\n\n\n\n<p><br><strong>Mlad\u0161\u00ed \u017e\u00e1kyn\u011b:<\/strong><\/p>\n\n\n\n<p>1. Eli\u0161ka KR\u00c1LOV\u00c1,&nbsp;Akademie cyklistick\u00fdch sport\u016f, 2. Vilma Pazourkov\u00e1,&nbsp;CYCLING ACADEMY T\u00c1BOR, 3. Kamila RUS\u0147\u00c1KOV\u00c1,&nbsp;VELO AKADEMIE KLADNO<\/p>\n\n\n\n<p><br><strong>Mlad\u0161\u00ed \u017e\u00e1ci:<\/strong><\/p>\n\n\n\n<p>1. Franti\u0161ek&nbsp;HLAD\u00cdK,&nbsp;BRILON RACING TEAM MB, 2. Vojt\u011bch&nbsp;RADA,&nbsp;REXONIX Racing Team, 3. Mikul\u00e1\u0161&nbsp;ZAVADIL,&nbsp;CYCLING ACADEMY T\u00c1BOR<\/p>\n\n\n\n<p><br><strong>Star\u0161\u00ed \u017e\u00e1kyn\u011b:<\/strong><\/p>\n\n\n\n<p>1. Antonie&nbsp;Cermanov\u00e1,&nbsp;CK P\u0159\u00edbram Fany Gastro, 2. Lucie&nbsp;Grohov\u00e1,&nbsp;CK P\u0159\u00edbram Fany Gastro, 3. Zuzka&nbsp;KR\u00c1TK\u00c1,&nbsp;Bike Freaks Holice<\/p>\n\n\n\n<p><br><strong>Star\u0161\u00ed \u017e\u00e1ci:<\/strong><\/p>\n\n\n\n<p>1.&nbsp;Jakub&nbsp;Tesa\u0159\u00edk,&nbsp;MAPEI MERIDA KA\u0147KOVSK\u00dd, 2. Filip&nbsp;BURSA,&nbsp;LYKO KLUB PRACHATICE z.s., 3. Anton\u00edn&nbsp;JOHN,&nbsp;BRILON RACING TEAM MB<\/p>\n\n\n\n<p><strong>Kadetky:<\/strong><\/p>\n\n\n\n<p>1. Nela&nbsp;KA\u0147KOVSK\u00c1,&nbsp;MAPEI MERIDA KA\u0147KOVSK\u00dd, 2. Sofia&nbsp;UNGEROV\u00c1,&nbsp;Cycling Academy Tren\u010d\u00edn o.z., 3. Kate\u0159ina&nbsp;DOUD\u011aROV\u00c1,&nbsp;Jaroslav Kulhavy Cycling Team<\/p>\n\n\n\n<p><strong>Kadeti:<\/strong><\/p>\n\n\n\n<p>1.&nbsp;&nbsp;Pavel \u0160UMP\u00cdK, Jaroslav Kulhavy Cycling Team, 2. Adam PE\u0160EK,&nbsp;Roman Kreuziger Cycling Academy, 3. \u0160t\u011bp\u00e1n&nbsp;ZAH\u00c1LKA,&nbsp;CK SLAVOJ TEREZ\u00cdN<\/p>\n\n\n\n<p><br><strong>Juniorky:<\/strong><\/p>\n\n\n\n<p>1. Eli\u0161ka&nbsp;KVASNI\u010cKOV\u00c1,&nbsp;SportRaces Cycling Team, 2. Patricie&nbsp;M\u00dcLLEROV\u00c1,&nbsp;TUFO PARDUS Prost\u011bjov z.s., 3. Ad\u00e9la&nbsp;MARKOV\u00c1,&nbsp;TEAM DUKLA PRAHA<\/p>\n\n\n\n<p><strong>Junio\u0159i:<\/strong><\/p>\n\n\n\n<p>1. Richard&nbsp;KOBR, Roman Kreuziger Cycling Academy, 2. Tom\u00e1\u0161&nbsp;P\u0159idal, MAPEI MERIDA KA\u0147KOVSK\u00dd, 3. Mirek&nbsp;M\u00dcLLER, BRILON RACING TEAM MB<\/p>\n\n\n\n<p><br><strong>\u017deny:<\/strong><\/p>\n\n\n\n<p>1. Katarzyna&nbsp;Wilkos,&nbsp;Atom Deweloper Posciellux.pl Wroclaw, 2. Agnieszka&nbsp;Skalniak S\u00f3jka,&nbsp;Atom Deweloper Posciellux.pl Wroclaw, 3. Dominika&nbsp;W\u0142odarczyk, Atom Deweloper Posciellux.pl Wroclaw, 4. Nikola BAJGEROV\u00c1,&nbsp;FORCE KCK ZL\u00cdN, 5. Mark\u00e9ta&nbsp;H\u00c1JKOV\u00c1,&nbsp;BEPINK<\/p>\n\n\n\n<p><br>Kompletn\u00ed v\u00fdsledky na webu&nbsp;<a class=\"\" href=\"https:\/\/nasecasomira.cz\/\">https:\/\/nasecasomira.cz<\/a><\/p>\n","protected":false},"excerpt":{"rendered":"<p>Prvn\u00ed z\u00e1vod Techniserv cupu pro ml\u00e1de\u017e a \u017eeny se uskute\u010dnil v Pardubic\u00edch. V sobotu se v centru m\u011bsta jelo krit\u00e9rium a v ned\u011bli o n\u011bkolik kilometr\u016f ji\u017en\u011bji na \u00fapat\u00ed \u017delezn\u00fdch hor startoval leto\u0161n\u00ed Techniserv cup, kter\u00fd p\u0159iv\u00edtal p\u0159es 350 z\u00e1vodn\u00edk\u016f a z\u00e1vodnic. Z\u00e1vod se jel na okruhu o d\u00e9lce 16, 9 km s p\u0159ev\u00fd\u0161en\u00edm 215 [&hellip;]<\/p>\n","protected":false},"author":1,"featured_media":11488,"comment_status":"closed","ping_status":"open","sticky":false,"template":"","format":"standard","meta":{"footnotes":""},"categories":[17,2,18],"tags":[11],"class_list":["post-11487","post","type-post","status-publish","format-standard","has-post-thumbnail","hentry","category-discipliny","category-novinky","category-silnice","tag-silnice"],"_links":{"self":[{"href":"https:\/\/www.czechcyclingfederation.com\/en\/wp-json\/wp\/v2\/posts\/11487","targetHints":{"allow":["GET"]}}],"collection":[{"href":"https:\/\/www.czechcyclingfederation.com\/en\/wp-json\/wp\/v2\/posts"}],"about":[{"href":"https:\/\/www.czechcyclingfederation.com\/en\/wp-json\/wp\/v2\/types\/post"}],"author":[{"embeddable":true,"href":"https:\/\/www.czechcyclingfederation.com\/en\/wp-json\/wp\/v2\/users\/1"}],"replies":[{"embeddable":true,"href":"https:\/\/www.czechcyclingfederation.com\/en\/wp-json\/wp\/v2\/comments?post=11487"}],"version-history":[{"count":2,"href":"https:\/\/www.czechcyclingfederation.com\/en\/wp-json\/wp\/v2\/posts\/11487\/revisions"}],"predecessor-version":[{"id":11490,"href":"https:\/\/www.czechcyclingfederation.com\/en\/wp-json\/wp\/v2\/posts\/11487\/revisions\/11490"}],"wp:featuredmedia":[{"embeddable":true,"href":"https:\/\/www.czechcyclingfederation.com\/en\/wp-json\/wp\/v2\/media\/11488"}],"wp:attachment":[{"href":"https:\/\/www.czechcyclingfederation.com\/en\/wp-json\/wp\/v2\/media?parent=11487"}],"wp:term":[{"taxonomy":"category","embeddable":true,"href":"https:\/\/www.czechcyclingfederation.com\/en\/wp-json\/wp\/v2\/categories?post=11487"},{"taxonomy":"post_tag","embeddable":true,"href":"https:\/\/www.czechcyclingfederation.com\/en\/wp-json\/wp\/v2\/tags?post=11487"}],"curies":[{"name":"wp","href":"https:\/\/api.w.org\/{rel}","templated":true}]}}