{"id":11480,"date":"2022-03-28T08:40:26","date_gmt":"2022-03-28T06:40:26","guid":{"rendered":"https:\/\/www.czechcyclingfederation.com\/?p=11480"},"modified":"2022-03-29T08:44:07","modified_gmt":"2022-03-29T06:44:07","slug":"prvni-zavod-carla-kriterijni-ligy-slunecna-sobota-v-pardubicich-se-povedla-na-jednicku","status":"publish","type":"post","link":"https:\/\/www.czechcyclingfederation.com\/en\/prvni-zavod-carla-kriterijni-ligy-slunecna-sobota-v-pardubicich-se-povedla-na-jednicku\/","title":{"rendered":"Prvn\u00ed z\u00e1vod CARLA KRITERIJN\u00cd LIGY &#8211;  Pardubice"},"content":{"rendered":"\n<p><strong>Slune\u010dn\u00e1 sobota v Pardubic\u00edch se povedla na jedni\u010dku!<\/strong> Celkov\u011b se sobotn\u00edho krit\u00e9ria z\u00fa\u010dastnilo v\u00edce ne\u017e 260 z\u00e1vodn\u00edk\u016f a z\u00e1vodnic z cel\u00fdch \u010cech a tak\u00e9 ze Slovenska, Polska a Finska.&nbsp;<br>P\u00f3diov\u00e9 v\u00fdsledky sobotn\u00ed Carla Kriterijn\u00ed Ligy:<\/p>\n\n\n\n<p><strong>Mlad\u0161\u00ed \u017e\u00e1kyn\u011b:<\/strong><\/p>\n\n\n\n<p>1. Eli\u0161ka KR\u00c1LOV\u00c1,&nbsp;Akademie cyklistick\u00fdch sport\u016f, 2. Vilma PAZOURKOV\u00c1,&nbsp;CYCLING ACADEMY T\u00c1BOR, 3. Emma NI\u010cOV\u00c1, DUKLA &nbsp;PRAHA<\/p>\n\n\n\n<p><br><strong>Mlad\u0161\u00ed \u017e\u00e1ci:<\/strong><\/p>\n\n\n\n<p>1. Michal BRAD\u00c1\u010c,&nbsp;DUKLA &nbsp;PRAHA, 2. Mikol\u00e1\u0161&nbsp;Zavadil,&nbsp;CYCLING ACADEMY T\u00c1BOR, 3. Josef HORN,&nbsp;Akademie cyklistick\u00fdch sport\u016f<\/p>\n\n\n\n<p><strong>Star\u0161\u00ed \u017e\u00e1kyn\u011b:<\/strong><\/p>\n\n\n\n<p>1.&nbsp;Antonie&nbsp;Cermanov\u00e1,&nbsp;CK P\u0159\u00edbram Fany Gastro, 2. Lucie&nbsp;Grohov\u00e1,&nbsp;CK P\u0159\u00edbram Fany Gastro, 3.&nbsp;Zuzka KR\u00c1TK\u00c1, Bike Freaks Holice<\/p>\n\n\n\n<p><strong>Star\u0161\u00ed \u017e\u00e1ci:<\/strong><\/p>\n\n\n\n<p>1.&nbsp;Jakub Tesa\u0159\u00edk. MAPEI MERIDA KA\u0147KOVSK\u00dd, 2. Daniel KUB\u011aNA,&nbsp;Akademie cyklistick\u00fdch sport\u016f, 3. Anton\u00edn&nbsp;\u017dUF\u00c1NEK, MAPEI MERIDA KA\u0147KOVSK\u00dd<\/p>\n\n\n\n<p><strong>Kadetky:<\/strong><\/p>\n\n\n\n<p>1. Nela&nbsp;KA\u0147KOVSK\u00c1,&nbsp;MAPEI MERIDA KA\u0147KOVSK\u00dd, 2.&nbsp;Aneta DLOUH\u00c1, BRILON RACING TEAM MB, 3.&nbsp;Hanka VIKOV\u00c1, DUKLA &nbsp;PRAHA<\/p>\n\n\n\n<p><br><strong>Kadeti:<\/strong><\/p>\n\n\n\n<p>1.&nbsp;Pavel \u0160UMP\u00cdK, Jaroslav Kulhavy Cycling Team, 2. Adam&nbsp;PE\u0160EK,&nbsp;Roman Kreuziger Cycling Academy, 3. Luk\u00e1\u0161&nbsp;RA\u0160KA,&nbsp;MAPEI MERIDA KA\u0147KOVSK\u00dd<\/p>\n\n\n\n<p><br><strong>Juniorky:<\/strong><\/p>\n\n\n\n<p><strong>&nbsp;<\/strong>1. Anna&nbsp;R\u016e\u017dI\u010cKOV\u00c1,&nbsp;TEAM DUKLA PRAHA, 2. Patricie&nbsp;M\u00dcLLEROV\u00c1,&nbsp;TUFO PARDUS Prost\u011bjov z.s., 3. Vanda&nbsp;DLASKOV\u00c1,&nbsp;AUTO \u0160KODA MLAD\u00c1 BOLESLAV<\/p>\n\n\n\n<p><br><strong>Junio\u0159i:<\/strong> <\/p>\n\n\n\n<p>1.&nbsp;Jarom\u00edr&nbsp;KOHOUT,&nbsp;Roman Kreuziger Cycling Academy, 2. Robert&nbsp;KOBR,&nbsp;Roman Kreuziger Cycling Academy, 3. Mirek&nbsp;M\u00dcLLER,&nbsp;BRILON RACING TEAM MB<\/p>\n\n\n\n<p><strong>\u017deny:<\/strong> 1.&nbsp;Dominika&nbsp;W\u0142odarczyk,&nbsp;Atom Deweloper Posciellux.pl Wroclaw, 2. Nikola&nbsp;Bajgerov\u00e1, FORCE KCK ZL\u00cdN, 3. \u0141ucja&nbsp;Miedzi\u0144ska,&nbsp;Atom Deweloper Posciellux.pl Wroclaw, 4. Gabriela&nbsp;B\u00c1RTOV\u00c1,&nbsp;TEAM DUKLA PRAHA, 5. Kaja&nbsp;Rysz,&nbsp;Atom Deweloper Posciellux.pl Wroclaw<\/p>\n\n\n\n<p><br><strong>Elite (vlo\u017een\u00fd z\u00e1vod):<\/strong><\/p>\n\n\n\n<p>1. Michal&nbsp;ROTTER, ATT Investments, 2. Petr&nbsp;HETFLEI\u0160,&nbsp;ATT Investments, 3. Jakub&nbsp;HAVRLANT,&nbsp;ATT Investments, 4. Jan&nbsp;KA\u0160PAR,&nbsp;ATT Investments, 5. Michal&nbsp;SCHURAN,&nbsp;ATT Investments<\/p>\n\n\n\n<p><br>Kompletn\u00ed v\u00fdsledky na webu&nbsp;<a class=\"\" href=\"https:\/\/nasecasomira.cz\/\">https:\/\/nasecasomira.cz<\/a><\/p>\n\n\n\n<figure class=\"wp-block-image size-large\"><img loading=\"lazy\" decoding=\"async\" width=\"1024\" height=\"683\" src=\"https:\/\/www.czechcyclingfederation.com\/wp-content\/uploads\/2022\/03\/Unknown-1-1-1024x683.jpeg\" alt=\"\" class=\"wp-image-11482\" srcset=\"https:\/\/www.czechcyclingfederation.com\/wp-content\/uploads\/2022\/03\/Unknown-1-1-1024x683.jpeg 1024w, https:\/\/www.czechcyclingfederation.com\/wp-content\/uploads\/2022\/03\/Unknown-1-1-300x200.jpeg 300w, https:\/\/www.czechcyclingfederation.com\/wp-content\/uploads\/2022\/03\/Unknown-1-1-768x512.jpeg 768w, https:\/\/www.czechcyclingfederation.com\/wp-content\/uploads\/2022\/03\/Unknown-1-1.jpeg 1280w\" sizes=\"auto, (max-width: 1024px) 100vw, 1024px\" \/><\/figure>\n\n\n\n<figure class=\"wp-block-image size-large\"><img loading=\"lazy\" decoding=\"async\" width=\"1024\" height=\"682\" src=\"https:\/\/www.czechcyclingfederation.com\/wp-content\/uploads\/2022\/03\/Unknown-2-1-1024x682.jpeg\" alt=\"\" class=\"wp-image-11483\" srcset=\"https:\/\/www.czechcyclingfederation.com\/wp-content\/uploads\/2022\/03\/Unknown-2-1-1024x682.jpeg 1024w, https:\/\/www.czechcyclingfederation.com\/wp-content\/uploads\/2022\/03\/Unknown-2-1-300x200.jpeg 300w, https:\/\/www.czechcyclingfederation.com\/wp-content\/uploads\/2022\/03\/Unknown-2-1-768x511.jpeg 768w, https:\/\/www.czechcyclingfederation.com\/wp-content\/uploads\/2022\/03\/Unknown-2-1.jpeg 1280w\" sizes=\"auto, (max-width: 1024px) 100vw, 1024px\" \/><\/figure>\n","protected":false},"excerpt":{"rendered":"<p>Slune\u010dn\u00e1 sobota v Pardubic\u00edch se povedla na jedni\u010dku! Celkov\u011b se sobotn\u00edho krit\u00e9ria z\u00fa\u010dastnilo v\u00edce ne\u017e 260 z\u00e1vodn\u00edk\u016f a z\u00e1vodnic z cel\u00fdch \u010cech a tak\u00e9 ze Slovenska, Polska a Finska.&nbsp;P\u00f3diov\u00e9 v\u00fdsledky sobotn\u00ed Carla Kriterijn\u00ed Ligy: Mlad\u0161\u00ed \u017e\u00e1kyn\u011b: 1. Eli\u0161ka KR\u00c1LOV\u00c1,&nbsp;Akademie cyklistick\u00fdch sport\u016f, 2. Vilma PAZOURKOV\u00c1,&nbsp;CYCLING ACADEMY T\u00c1BOR, 3. Emma NI\u010cOV\u00c1, DUKLA &nbsp;PRAHA Mlad\u0161\u00ed \u017e\u00e1ci: 1. Michal [&hellip;]<\/p>\n","protected":false},"author":1,"featured_media":11481,"comment_status":"closed","ping_status":"open","sticky":false,"template":"","format":"standard","meta":{"footnotes":""},"categories":[17,2,18],"tags":[11],"class_list":["post-11480","post","type-post","status-publish","format-standard","has-post-thumbnail","hentry","category-discipliny","category-novinky","category-silnice","tag-silnice"],"_links":{"self":[{"href":"https:\/\/www.czechcyclingfederation.com\/en\/wp-json\/wp\/v2\/posts\/11480","targetHints":{"allow":["GET"]}}],"collection":[{"href":"https:\/\/www.czechcyclingfederation.com\/en\/wp-json\/wp\/v2\/posts"}],"about":[{"href":"https:\/\/www.czechcyclingfederation.com\/en\/wp-json\/wp\/v2\/types\/post"}],"author":[{"embeddable":true,"href":"https:\/\/www.czechcyclingfederation.com\/en\/wp-json\/wp\/v2\/users\/1"}],"replies":[{"embeddable":true,"href":"https:\/\/www.czechcyclingfederation.com\/en\/wp-json\/wp\/v2\/comments?post=11480"}],"version-history":[{"count":3,"href":"https:\/\/www.czechcyclingfederation.com\/en\/wp-json\/wp\/v2\/posts\/11480\/revisions"}],"predecessor-version":[{"id":11496,"href":"https:\/\/www.czechcyclingfederation.com\/en\/wp-json\/wp\/v2\/posts\/11480\/revisions\/11496"}],"wp:featuredmedia":[{"embeddable":true,"href":"https:\/\/www.czechcyclingfederation.com\/en\/wp-json\/wp\/v2\/media\/11481"}],"wp:attachment":[{"href":"https:\/\/www.czechcyclingfederation.com\/en\/wp-json\/wp\/v2\/media?parent=11480"}],"wp:term":[{"taxonomy":"category","embeddable":true,"href":"https:\/\/www.czechcyclingfederation.com\/en\/wp-json\/wp\/v2\/categories?post=11480"},{"taxonomy":"post_tag","embeddable":true,"href":"https:\/\/www.czechcyclingfederation.com\/en\/wp-json\/wp\/v2\/tags?post=11480"}],"curies":[{"name":"wp","href":"https:\/\/api.w.org\/{rel}","templated":true}]}}