{"id":11465,"date":"2022-03-27T18:00:14","date_gmt":"2022-03-27T16:00:14","guid":{"rendered":"https:\/\/www.czechcyclingfederation.com\/?p=11465"},"modified":"2022-03-27T18:00:16","modified_gmt":"2022-03-27T16:00:16","slug":"mathias-vacek-vyhral-bites","status":"publish","type":"post","link":"https:\/\/www.czechcyclingfederation.com\/en\/mathias-vacek-vyhral-bites\/","title":{"rendered":"Mathias Vacek vyhr\u00e1l B\u00edte\u0161"},"content":{"rendered":"\n<p>V\u00edt\u011bzem \u00favodn\u00edho z\u00e1vodu \u0160KODA Cupu v silni\u010dn\u00ed cyklistice se dnes stal Mathias Vacek startuj\u00edc\u00ed v t\u00fdmu reprezentace \u010cR. Ve spurtu vedouc\u00ed trojice ve 46. ro\u010dn\u00edku z\u00e1vodu Velk\u00e1 B\u00edte\u0161 &#8211; Brno &#8211; Velk\u00e1 B\u00edte\u0161 zdolal sv\u00e9 dva spolujezdce z \u00faniku Jana Ka\u0161para (ATT Investments) a Jakuba \u0164oupal\u00edka z celku Elkov Kasper.\u00a0\u00a0\u00a0<\/p>\n\n\n\n<p>Hned od \u00favodu 162 kilometr\u016f dlouh\u00e9ho z\u00e1vodu se nastupovalo a neust\u00e1le se n\u011bkdo pokou\u0161el ujet. Je\u0161t\u011b p\u0159ed n\u00e1jezdem do stoup\u00e1n\u00ed do Kohoutovic to zkusili M. Vacek a Milan Kadlec (reprezentace \u010cR) a tak\u00e9 Michal Schuran z ATT Investments. Hodn\u011b aktivn\u00ed byl p\u0159edev\u0161\u00edm M. Vacek a na prvn\u00ed vrcha\u0159sk\u00e9 pr\u00e9mii byl druh\u00fd za J. \u0164oupal\u00edkem a spolu s nimi se pot\u00e9 vydal do \u00faniku je\u0161t\u011b Ka\u0161par.<\/p>\n\n\n\n<p>Siln\u00e1 trojice dob\u0159e spolupracovala, postupn\u011b si vytv\u00e1\u0159ela n\u00e1skok nad pelotonem. Po hodin\u011b z\u00e1vodu m\u011blo trio k dobru 50 vte\u0159in, po pades\u00e1ti kilometrech minutu. Dal\u0161\u00ed vrcha\u0159skou pr\u00e9mii vyhr\u00e1l jedenadvacetilet\u00fd Ka\u0161par p\u0159ed J. \u0164oupal\u00edkem a M. Vackem. N\u00e1skok trojice p\u0159ed n\u00e1vratem do Velk\u00e9 B\u00edte\u0161e narostl na 2:20 a za n\u00ed se vydal Tom\u00e1\u0161 Kaloj\u00edros ze Sparty Praha, ale po \u010dase se vr\u00e1til zp\u011bt do pasivn\u00edho pelotonu a ve Velk\u00e9 B\u00edte\u0161i ztr\u00e1cel ji\u017e \u010dty\u0159i minuty. Druh\u00fdm m\u00edstem na t\u0159et\u00ed vrcha\u0159sk\u00e9 pr\u00e9mii si prvenstv\u00ed v t\u00e9to sout\u011b\u017ei zajistil J. \u0164oupal\u00edk.<\/p>\n\n\n\n<p>Teprve pot\u00e9 se za\u010dalo v pelotonu jet, \u00fato\u010dil Pol\u00edk Stosz z Voster ATS a hlavn\u00ed pole se p\u0159ece jen d\u011blilo, aktivn\u00ed byl i mistr republiky Michael Kukrle, ale nakonec skon\u010dil a\u017e na 59. m\u00edst\u011b.<\/p>\n\n\n\n<p>V z\u00e1v\u011bre\u010dn\u00e9 t\u0159etin\u011b z\u00e1vodu za\u010dalo foukat a n\u00e1skok uprchl\u00edk\u016f se za\u010dal zten\u010dovat. P\u0159i n\u00e1jezdu do t\u0159\u00ed osmn\u00e1ctikilometrov\u00fdch okruh\u016f m\u011blo trio k dobru ji\u017e jen 1:40 n\u00e1skok, po dal\u0161\u00edm okruhu ji\u017e jen minutu a vypadalo to, \u017ee bude dojeto. Ov\u0161em za dal\u0161\u00ed okruh se n\u00e1skok ji\u017e nesn\u00ed\u017eil a stejn\u00fd byl i v polovin\u011b posledn\u00edho okruhu. To zkusil ujet z pelotonu Schuran, ale marn\u011b a soupe\u0159i si rychle vedouc\u00edmu triu p\u0159ibli\u017eovali. Uprchl\u00edci ale dok\u00e1zali i nad\u00e1le spolupracovat a nepatrn\u00fd n\u00e1skok si p\u0159ivezli a\u017e do c\u00edlov\u00e9ho m\u011bsta, kdy\u017e spurtovali o sedm vte\u0159in p\u0159ed pelotonem.<\/p>\n\n\n\n<p>Nejv\u00edce sil m\u011bl M. Vacek, kter\u00fd m\u011bs\u00edc po v\u00edt\u011bzstv\u00ed v etap\u011b z\u00e1vodu elitn\u00ed s\u00e9rie WorldTour, to je\u0161t\u011b v barv\u00e1ch st\u00e1je Gazprom-RusVelo, p\u0159i z\u00e1vod\u011b Kolem Spojen\u00fdch arabsk\u00fdch emir\u00e1t\u016f, si na sv\u00e9 konto p\u0159idal dal\u0161\u00ed cenn\u00fd \u00fasp\u011bch.<\/p>\n\n\n\n<p>&#8220;M\u011bli jsme taktiku ud\u011blat z\u00e1vod t\u011b\u017ek\u00fd. Odjeli jsme ve t\u0159ech hodn\u011b brzo a jeli doraz a poda\u0159ilo se n\u00e1m z\u00edskat n\u00e1skok \u010dty\u0159 minuty, ale \u0161edes\u00e1t p\u0159ed c\u00edlem to byly ji\u017e jen dv\u011b minuty, proto jsme museli zase zabrat. Spurt n\u00e1m siln\u00fd, v\u011b\u0159il jsem si a i ze \u0161pice jsem dok\u00e1zal vyhr\u00e1t a jsem moc r\u00e1d, \u017ee jsem to dok\u00e1zal prodal,&#8221; \u0159ekl v c\u00edli Mathias Vacek v \u010desk\u00e9m reprezenta\u010dn\u00edm trikotu, kter\u00fd \u0159e\u0161\u00ed svoji budoucnost. \u201eSt\u00e1j Trek &#8211; Segafredo je co do po\u010dtu jezdc\u016f pln\u00e1 a \u0159e\u0161\u00ed se n\u011bjak\u00e1 v\u00fdjimka. Snad se to p\u0159\u00ed\u0161t\u00ed t\u00fdden rozhodne a v p\u016flce dubna bych ji\u017e mohl z\u00e1vodit,&#8221; dodal devaten\u00e1ctilet\u00fd talent \u010desk\u00e9 cyklistiky.<\/p>\n\n\n\n<p>V\u00fdsledky:<\/p>\n\n\n\n<p>1. M. Vacek (reprezentace \u010cR) 3:49:33, 2. Ka\u0161par (ATT Investments), 3. J. Toupal\u00edk (Elkov Kasper) oba stejn\u00fd \u010das, 4. B\u00e1rta, 5. Str\u00e1nsk\u00fd (oba ATT Investments), 6. Mierzynski (Pol.), 7. Boro\u0161 (Elkov Kasper), 8. Kadlec (reprezentace \u010cR), 9. Vone\u0161 (Dukla Praha), 10. Pavel Kelemen (Sparta Praha) v\u0161ichni +7.<\/p>\n\n\n\n<p>Vrcha\u0159sk\u00e1 sout\u011b\u017e:<\/p>\n\n\n\n<p>1. J. \u0164oupal\u00edk 7, 2. Ka\u0161par 6, 3. M. Vacek 4.<\/p>\n\n\n\n<p>Bodovac\u00ed sout\u011b\u017e:<\/p>\n\n\n\n<p>1. Ka\u0161par 10, 2. J. \u0164oupal\u00edk 8, 3. M. Vacek 6.<\/p>\n\n\n\n<p>Zelen\u00fd trikot nejlep\u0161\u00edho jezdec: M. Vacek.<\/p>\n\n\n\n<p>\u010cerven\u00fd trikot nejlep\u0161\u00edho jezdce U23: M. Vacek.<\/p>\n\n\n\n<p>B\u00edl\u00fd trikot nejlep\u0161\u00edho nov\u00e1\u010dka: Mat\u011bj Str\u00e1nsk\u00fd.<\/p>\n\n\n\n<p>FOTO Jan Brychta<\/p>\n\n\n\n<figure class=\"wp-block-image size-large\"><img loading=\"lazy\" decoding=\"async\" width=\"1024\" height=\"684\" src=\"https:\/\/www.czechcyclingfederation.com\/wp-content\/uploads\/2022\/03\/BrychtaJan_VelkaBites_Brno_VelkaBites_20220327_110016_DSC_5116-1024x684.jpg\" alt=\"\" class=\"wp-image-11467\" srcset=\"https:\/\/www.czechcyclingfederation.com\/wp-content\/uploads\/2022\/03\/BrychtaJan_VelkaBites_Brno_VelkaBites_20220327_110016_DSC_5116-1024x684.jpg 1024w, https:\/\/www.czechcyclingfederation.com\/wp-content\/uploads\/2022\/03\/BrychtaJan_VelkaBites_Brno_VelkaBites_20220327_110016_DSC_5116-300x200.jpg 300w, https:\/\/www.czechcyclingfederation.com\/wp-content\/uploads\/2022\/03\/BrychtaJan_VelkaBites_Brno_VelkaBites_20220327_110016_DSC_5116-768x513.jpg 768w, https:\/\/www.czechcyclingfederation.com\/wp-content\/uploads\/2022\/03\/BrychtaJan_VelkaBites_Brno_VelkaBites_20220327_110016_DSC_5116-1536x1025.jpg 1536w, https:\/\/www.czechcyclingfederation.com\/wp-content\/uploads\/2022\/03\/BrychtaJan_VelkaBites_Brno_VelkaBites_20220327_110016_DSC_5116-1320x881.jpg 1320w, https:\/\/www.czechcyclingfederation.com\/wp-content\/uploads\/2022\/03\/BrychtaJan_VelkaBites_Brno_VelkaBites_20220327_110016_DSC_5116.jpg 2000w\" sizes=\"auto, (max-width: 1024px) 100vw, 1024px\" \/><\/figure>\n\n\n\n<figure class=\"wp-block-image size-large\"><img loading=\"lazy\" decoding=\"async\" width=\"1024\" height=\"684\" src=\"https:\/\/www.czechcyclingfederation.com\/wp-content\/uploads\/2022\/03\/BrychtaJan_VelkaBites_Brno_VelkaBites_20220327_140239_DSC_5268-1024x684.jpg\" alt=\"\" class=\"wp-image-11468\" srcset=\"https:\/\/www.czechcyclingfederation.com\/wp-content\/uploads\/2022\/03\/BrychtaJan_VelkaBites_Brno_VelkaBites_20220327_140239_DSC_5268-1024x684.jpg 1024w, https:\/\/www.czechcyclingfederation.com\/wp-content\/uploads\/2022\/03\/BrychtaJan_VelkaBites_Brno_VelkaBites_20220327_140239_DSC_5268-300x200.jpg 300w, https:\/\/www.czechcyclingfederation.com\/wp-content\/uploads\/2022\/03\/BrychtaJan_VelkaBites_Brno_VelkaBites_20220327_140239_DSC_5268-768x513.jpg 768w, https:\/\/www.czechcyclingfederation.com\/wp-content\/uploads\/2022\/03\/BrychtaJan_VelkaBites_Brno_VelkaBites_20220327_140239_DSC_5268-1536x1025.jpg 1536w, https:\/\/www.czechcyclingfederation.com\/wp-content\/uploads\/2022\/03\/BrychtaJan_VelkaBites_Brno_VelkaBites_20220327_140239_DSC_5268-1320x881.jpg 1320w, https:\/\/www.czechcyclingfederation.com\/wp-content\/uploads\/2022\/03\/BrychtaJan_VelkaBites_Brno_VelkaBites_20220327_140239_DSC_5268.jpg 2000w\" sizes=\"auto, (max-width: 1024px) 100vw, 1024px\" \/><\/figure>\n\n\n\n<figure class=\"wp-block-image size-large\"><img loading=\"lazy\" decoding=\"async\" width=\"1024\" height=\"684\" src=\"https:\/\/www.czechcyclingfederation.com\/wp-content\/uploads\/2022\/03\/Kaspar-J.-Toupalik-M.-Vacek-f8b01e9d-aa2b-4b55-b7ab-66461239fab7-1024x684.jpg\" alt=\"\" class=\"wp-image-11469\" srcset=\"https:\/\/www.czechcyclingfederation.com\/wp-content\/uploads\/2022\/03\/Kaspar-J.-Toupalik-M.-Vacek-f8b01e9d-aa2b-4b55-b7ab-66461239fab7-1024x684.jpg 1024w, https:\/\/www.czechcyclingfederation.com\/wp-content\/uploads\/2022\/03\/Kaspar-J.-Toupalik-M.-Vacek-f8b01e9d-aa2b-4b55-b7ab-66461239fab7-300x200.jpg 300w, https:\/\/www.czechcyclingfederation.com\/wp-content\/uploads\/2022\/03\/Kaspar-J.-Toupalik-M.-Vacek-f8b01e9d-aa2b-4b55-b7ab-66461239fab7-768x513.jpg 768w, https:\/\/www.czechcyclingfederation.com\/wp-content\/uploads\/2022\/03\/Kaspar-J.-Toupalik-M.-Vacek-f8b01e9d-aa2b-4b55-b7ab-66461239fab7-1320x881.jpg 1320w, https:\/\/www.czechcyclingfederation.com\/wp-content\/uploads\/2022\/03\/Kaspar-J.-Toupalik-M.-Vacek-f8b01e9d-aa2b-4b55-b7ab-66461239fab7.jpg 1504w\" sizes=\"auto, (max-width: 1024px) 100vw, 1024px\" \/><\/figure>\n\n\n\n<figure class=\"wp-block-image size-large\"><img loading=\"lazy\" decoding=\"async\" width=\"1024\" height=\"681\" src=\"https:\/\/www.czechcyclingfederation.com\/wp-content\/uploads\/2022\/03\/Stupne-BrychtaJan_VelkaBites_Brno_VelkaBites_20220327_150623_DSC_4537-1024x681.jpg\" alt=\"\" class=\"wp-image-11470\" srcset=\"https:\/\/www.czechcyclingfederation.com\/wp-content\/uploads\/2022\/03\/Stupne-BrychtaJan_VelkaBites_Brno_VelkaBites_20220327_150623_DSC_4537-1024x681.jpg 1024w, https:\/\/www.czechcyclingfederation.com\/wp-content\/uploads\/2022\/03\/Stupne-BrychtaJan_VelkaBites_Brno_VelkaBites_20220327_150623_DSC_4537-300x200.jpg 300w, https:\/\/www.czechcyclingfederation.com\/wp-content\/uploads\/2022\/03\/Stupne-BrychtaJan_VelkaBites_Brno_VelkaBites_20220327_150623_DSC_4537-768x511.jpg 768w, https:\/\/www.czechcyclingfederation.com\/wp-content\/uploads\/2022\/03\/Stupne-BrychtaJan_VelkaBites_Brno_VelkaBites_20220327_150623_DSC_4537-1536x1022.jpg 1536w, https:\/\/www.czechcyclingfederation.com\/wp-content\/uploads\/2022\/03\/Stupne-BrychtaJan_VelkaBites_Brno_VelkaBites_20220327_150623_DSC_4537-1320x878.jpg 1320w, https:\/\/www.czechcyclingfederation.com\/wp-content\/uploads\/2022\/03\/Stupne-BrychtaJan_VelkaBites_Brno_VelkaBites_20220327_150623_DSC_4537.jpg 2000w\" sizes=\"auto, (max-width: 1024px) 100vw, 1024px\" \/><\/figure>\n\n\n\n<figure class=\"wp-block-image size-large\"><img loading=\"lazy\" decoding=\"async\" width=\"1024\" height=\"681\" src=\"https:\/\/www.czechcyclingfederation.com\/wp-content\/uploads\/2022\/03\/Stupne-BrychtaJan_VelkaBites_Brno_VelkaBites_20220327_150937_DSC_4547-1024x681.jpg\" alt=\"\" class=\"wp-image-11471\" srcset=\"https:\/\/www.czechcyclingfederation.com\/wp-content\/uploads\/2022\/03\/Stupne-BrychtaJan_VelkaBites_Brno_VelkaBites_20220327_150937_DSC_4547-1024x681.jpg 1024w, https:\/\/www.czechcyclingfederation.com\/wp-content\/uploads\/2022\/03\/Stupne-BrychtaJan_VelkaBites_Brno_VelkaBites_20220327_150937_DSC_4547-300x200.jpg 300w, https:\/\/www.czechcyclingfederation.com\/wp-content\/uploads\/2022\/03\/Stupne-BrychtaJan_VelkaBites_Brno_VelkaBites_20220327_150937_DSC_4547-768x511.jpg 768w, https:\/\/www.czechcyclingfederation.com\/wp-content\/uploads\/2022\/03\/Stupne-BrychtaJan_VelkaBites_Brno_VelkaBites_20220327_150937_DSC_4547-1536x1022.jpg 1536w, https:\/\/www.czechcyclingfederation.com\/wp-content\/uploads\/2022\/03\/Stupne-BrychtaJan_VelkaBites_Brno_VelkaBites_20220327_150937_DSC_4547-1320x878.jpg 1320w, https:\/\/www.czechcyclingfederation.com\/wp-content\/uploads\/2022\/03\/Stupne-BrychtaJan_VelkaBites_Brno_VelkaBites_20220327_150937_DSC_4547.jpg 2000w\" sizes=\"auto, (max-width: 1024px) 100vw, 1024px\" \/><\/figure>\n\n\n\n<figure class=\"wp-block-image size-large\"><img loading=\"lazy\" decoding=\"async\" width=\"1024\" height=\"681\" src=\"https:\/\/www.czechcyclingfederation.com\/wp-content\/uploads\/2022\/03\/Stupne-BrychtaJan_VelkaBites_Brno_VelkaBites_20220327_151400_DSC_4575-1024x681.jpg\" alt=\"\" class=\"wp-image-11472\" srcset=\"https:\/\/www.czechcyclingfederation.com\/wp-content\/uploads\/2022\/03\/Stupne-BrychtaJan_VelkaBites_Brno_VelkaBites_20220327_151400_DSC_4575-1024x681.jpg 1024w, https:\/\/www.czechcyclingfederation.com\/wp-content\/uploads\/2022\/03\/Stupne-BrychtaJan_VelkaBites_Brno_VelkaBites_20220327_151400_DSC_4575-300x200.jpg 300w, https:\/\/www.czechcyclingfederation.com\/wp-content\/uploads\/2022\/03\/Stupne-BrychtaJan_VelkaBites_Brno_VelkaBites_20220327_151400_DSC_4575-768x511.jpg 768w, https:\/\/www.czechcyclingfederation.com\/wp-content\/uploads\/2022\/03\/Stupne-BrychtaJan_VelkaBites_Brno_VelkaBites_20220327_151400_DSC_4575-1536x1022.jpg 1536w, https:\/\/www.czechcyclingfederation.com\/wp-content\/uploads\/2022\/03\/Stupne-BrychtaJan_VelkaBites_Brno_VelkaBites_20220327_151400_DSC_4575-1320x878.jpg 1320w, https:\/\/www.czechcyclingfederation.com\/wp-content\/uploads\/2022\/03\/Stupne-BrychtaJan_VelkaBites_Brno_VelkaBites_20220327_151400_DSC_4575.jpg 2000w\" sizes=\"auto, (max-width: 1024px) 100vw, 1024px\" \/><\/figure>\n","protected":false},"excerpt":{"rendered":"<p>V\u00edt\u011bzem \u00favodn\u00edho z\u00e1vodu \u0160KODA Cupu v silni\u010dn\u00ed cyklistice se dnes stal Mathias Vacek startuj\u00edc\u00ed v t\u00fdmu reprezentace \u010cR. Ve spurtu vedouc\u00ed trojice ve 46. ro\u010dn\u00edku z\u00e1vodu Velk\u00e1 B\u00edte\u0161 &#8211; Brno &#8211; Velk\u00e1 B\u00edte\u0161 zdolal sv\u00e9 dva spolujezdce z \u00faniku Jana Ka\u0161para (ATT Investments) a Jakuba \u0164oupal\u00edka z celku Elkov Kasper.\u00a0\u00a0\u00a0 Hned od \u00favodu 162 kilometr\u016f [&hellip;]<\/p>\n","protected":false},"author":8,"featured_media":11466,"comment_status":"closed","ping_status":"open","sticky":false,"template":"","format":"standard","meta":{"footnotes":""},"categories":[2,18],"tags":[11],"class_list":["post-11465","post","type-post","status-publish","format-standard","has-post-thumbnail","hentry","category-novinky","category-silnice","tag-silnice"],"_links":{"self":[{"href":"https:\/\/www.czechcyclingfederation.com\/en\/wp-json\/wp\/v2\/posts\/11465","targetHints":{"allow":["GET"]}}],"collection":[{"href":"https:\/\/www.czechcyclingfederation.com\/en\/wp-json\/wp\/v2\/posts"}],"about":[{"href":"https:\/\/www.czechcyclingfederation.com\/en\/wp-json\/wp\/v2\/types\/post"}],"author":[{"embeddable":true,"href":"https:\/\/www.czechcyclingfederation.com\/en\/wp-json\/wp\/v2\/users\/8"}],"replies":[{"embeddable":true,"href":"https:\/\/www.czechcyclingfederation.com\/en\/wp-json\/wp\/v2\/comments?post=11465"}],"version-history":[{"count":1,"href":"https:\/\/www.czechcyclingfederation.com\/en\/wp-json\/wp\/v2\/posts\/11465\/revisions"}],"predecessor-version":[{"id":11473,"href":"https:\/\/www.czechcyclingfederation.com\/en\/wp-json\/wp\/v2\/posts\/11465\/revisions\/11473"}],"wp:featuredmedia":[{"embeddable":true,"href":"https:\/\/www.czechcyclingfederation.com\/en\/wp-json\/wp\/v2\/media\/11466"}],"wp:attachment":[{"href":"https:\/\/www.czechcyclingfederation.com\/en\/wp-json\/wp\/v2\/media?parent=11465"}],"wp:term":[{"taxonomy":"category","embeddable":true,"href":"https:\/\/www.czechcyclingfederation.com\/en\/wp-json\/wp\/v2\/categories?post=11465"},{"taxonomy":"post_tag","embeddable":true,"href":"https:\/\/www.czechcyclingfederation.com\/en\/wp-json\/wp\/v2\/tags?post=11465"}],"curies":[{"name":"wp","href":"https:\/\/api.w.org\/{rel}","templated":true}]}}