{"id":1146,"date":"2020-07-01T08:27:20","date_gmt":"2020-07-01T06:27:20","guid":{"rendered":"http:\/\/www.czechcyclingfederation.com\/?p=1146"},"modified":"2020-07-16T13:40:44","modified_gmt":"2020-07-16T11:40:44","slug":"informace-o-zruseni-tretiho-a-ctvrteho-zavodu-cp-mladeze-a-zen-techniserv-cupu","status":"publish","type":"post","link":"https:\/\/www.czechcyclingfederation.com\/en\/informace-o-zruseni-tretiho-a-ctvrteho-zavodu-cp-mladeze-a-zen-techniserv-cupu\/","title":{"rendered":"Informace o zru\u0161en\u00ed t\u0159et\u00edho a \u010dtvrt\u00e9ho z\u00e1vodu \u010cP ml\u00e1de\u017ee a \u017een &#8211; Techniserv Cupu"},"content":{"rendered":"\n<p>Z d\u016fvodu lok\u00e1ln\u00edch povodn\u00ed v m\u00edst\u011b kon\u00e1n\u00ed, nen\u00ed technicky mo\u017en\u00e9 uskute\u010dnit z\u00e1vody Techniserv Cupu 4.7. a 5.7.2020 v P\u0148ovic\u00edch a Olomouci. Z\u00e1vodn\u00edci, kte\u0159\u00ed ji\u017e maj\u00ed zaplacen\u00e9 startovn\u00e9, se nemus\u00ed ob\u00e1vat, \u010d\u00e1stka jim bude v pln\u00e9 v\u00fd\u0161i vr\u00e1cena stejnou cestou, jakou byla uhrazena.<\/p>\n\n\n\n<figure class=\"wp-block-image size-large\"><img loading=\"lazy\" decoding=\"async\" width=\"512\" height=\"282\" src=\"http:\/\/www.czechcyclingfederation.com\/wp-content\/uploads\/2020\/04\/csc_logo.jpg\" alt=\"\" class=\"wp-image-439\" srcset=\"https:\/\/www.czechcyclingfederation.com\/wp-content\/uploads\/2020\/04\/csc_logo.jpg 512w, https:\/\/www.czechcyclingfederation.com\/wp-content\/uploads\/2020\/04\/csc_logo-300x165.jpg 300w\" sizes=\"auto, (max-width: 512px) 100vw, 512px\" \/><\/figure>\n","protected":false},"excerpt":{"rendered":"<p>Z d\u016fvodu lok\u00e1ln\u00edch povodn\u00ed v m\u00edst\u011b kon\u00e1n\u00ed, nen\u00ed technicky mo\u017en\u00e9 uskute\u010dnit z\u00e1vody Techniserv Cupu 4.7. a 5.7.2020 v P\u0148ovic\u00edch a Olomouci. Z\u00e1vodn\u00edci, kte\u0159\u00ed ji\u017e maj\u00ed zaplacen\u00e9 startovn\u00e9, se nemus\u00ed ob\u00e1vat, \u010d\u00e1stka jim bude v pln\u00e9 v\u00fd\u0161i vr\u00e1cena stejnou cestou, jakou byla uhrazena.<\/p>\n","protected":false},"author":2,"featured_media":439,"comment_status":"closed","ping_status":"open","sticky":false,"template":"","format":"standard","meta":{"footnotes":""},"categories":[28,18],"tags":[],"class_list":["post-1146","post","type-post","status-publish","format-standard","has-post-thumbnail","hentry","category-cesky-svaz-cyklistiky","category-silnice"],"_links":{"self":[{"href":"https:\/\/www.czechcyclingfederation.com\/en\/wp-json\/wp\/v2\/posts\/1146","targetHints":{"allow":["GET"]}}],"collection":[{"href":"https:\/\/www.czechcyclingfederation.com\/en\/wp-json\/wp\/v2\/posts"}],"about":[{"href":"https:\/\/www.czechcyclingfederation.com\/en\/wp-json\/wp\/v2\/types\/post"}],"author":[{"embeddable":true,"href":"https:\/\/www.czechcyclingfederation.com\/en\/wp-json\/wp\/v2\/users\/2"}],"replies":[{"embeddable":true,"href":"https:\/\/www.czechcyclingfederation.com\/en\/wp-json\/wp\/v2\/comments?post=1146"}],"version-history":[{"count":1,"href":"https:\/\/www.czechcyclingfederation.com\/en\/wp-json\/wp\/v2\/posts\/1146\/revisions"}],"predecessor-version":[{"id":1147,"href":"https:\/\/www.czechcyclingfederation.com\/en\/wp-json\/wp\/v2\/posts\/1146\/revisions\/1147"}],"wp:featuredmedia":[{"embeddable":true,"href":"https:\/\/www.czechcyclingfederation.com\/en\/wp-json\/wp\/v2\/media\/439"}],"wp:attachment":[{"href":"https:\/\/www.czechcyclingfederation.com\/en\/wp-json\/wp\/v2\/media?parent=1146"}],"wp:term":[{"taxonomy":"category","embeddable":true,"href":"https:\/\/www.czechcyclingfederation.com\/en\/wp-json\/wp\/v2\/categories?post=1146"},{"taxonomy":"post_tag","embeddable":true,"href":"https:\/\/www.czechcyclingfederation.com\/en\/wp-json\/wp\/v2\/tags?post=1146"}],"curies":[{"name":"wp","href":"https:\/\/api.w.org\/{rel}","templated":true}]}}