{"id":11434,"date":"2022-03-23T10:11:01","date_gmt":"2022-03-23T09:11:01","guid":{"rendered":"https:\/\/www.czechcyclingfederation.com\/?p=11434"},"modified":"2022-03-23T10:11:04","modified_gmt":"2022-03-23T09:11:04","slug":"velka-cena-hlohovce-jiz-v-sobotu","status":"publish","type":"post","link":"https:\/\/www.czechcyclingfederation.com\/en\/velka-cena-hlohovce-jiz-v-sobotu\/","title":{"rendered":"Velk\u00e1 cena Hlohovce ji\u017e v sobotu"},"content":{"rendered":"\n<p>Posledn\u00ed sobota v b\u0159eznu (26. b\u0159ezna) neodmysliteln\u011b pat\u0159\u00ed nejen dom\u00e1c\u00ed cyklistick\u00e9 komunit\u011b, kon\u00e1 se toti\u017e slavnostn\u00ed otev\u0159en\u00ed silni\u010d\u00e1\u0159sk\u00e9 sezony na \u010desk\u00e9m \u00fazem\u00ed pod n\u00e1zvem Trofeo Cinelli \u2013 VC Hlohovce 2022. Z\u00e1\u0161titu nad t\u00edmto z\u00e1vodem p\u0159evzal hejtman JMK Jan Grolich a tradici tohoto z\u00e1vodu, ji\u017e od roku 1976 podporuje tak\u00e9 obec Hlohovec a nyn\u00ed jej\u00ed starosta Jaroslav Hajda.<\/p>\n\n\n\n<p>Des\u00e1t\u00fd novodob\u00fd ro\u010dn\u00edk byl ji\u017e dvakr\u00e1t odkl\u00e1d\u00e1n, tak\u017ee organiz\u00e1to\u0159i jej chystaj\u00ed po t\u0159et\u00ed a bude v sobotu velkolep\u00fd. Z\u00e1vodn\u00edky \u010dek\u00e1 op\u011bt osmikilometrov\u00fd okruh ve tvaru trianglu s kr\u00e1tk\u00fdm prudk\u00fdm stoup\u00e1n\u00edm a tak\u00e9 na z\u00e1vodn\u00edky obvykle \u010dek\u00e1 ostr\u00fd bo\u010dn\u00ed v\u00edtr za obc\u00ed. Vyhr\u00e1t tento \u00favodn\u00ed z\u00e1vod je presti\u017en\u00ed a o mezin\u00e1rodn\u00ed konkurenci nebude op\u011bt nouze.<\/p>\n\n\n\n<p>Ji\u017e dopoledne startuj\u00ed amat\u00e9\u0159i a ml\u00e1de\u017enick\u00e9 kategorie se\u0159azeny do startovn\u00edch vln dle v\u00fdkonnosti a rozumn\u00e9ho po\u010dtu z\u00e1vodn\u00edk\u016f. V\u0161e za\u010d\u00edn\u00e1 v 9:30 kr\u00e1tk\u00fdm z\u00e1vodem n\u00e1boru a v 10:00 ji\u017e vyr\u00e1\u017e\u00ed na tra\u0165 bal\u00edky z\u00e1vodn\u00edk\u016f.<\/p>\n\n\n\n<p>Odpoledne za\u010d\u00edn\u00e1 ve 12:00 p\u0159edstaven\u00edm elitn\u00edch t\u00fdm\u016f a o hodinu pozd\u011bji vyr\u00e1\u017e\u00ed s n\u00e1skokem 5 minut do spole\u010dn\u00e9ho z\u00e1vodu s mu\u017ei junio\u0159i na 104 km. Je se tedy na co t\u011b\u0161it, v\u011bt\u0161inu z\u00e1vodn\u00edk\u016f \u010dek\u00e1 prvn\u00ed ostr\u00fd st\u0159et s konkurenc\u00ed po dlouh\u00e9 zimn\u00ed p\u0159\u00edprav\u011b a fanou\u0161ci si v Hlohovci p\u0159ijdou tak\u00e9 na sv\u00e9. Atmosf\u00e9ra v hlohoveck\u00e9m stoup\u00e1n\u00ed je podpo\u0159en\u00e1 koment\u00e1torem, bohatou tombolou a tak\u00e9 zavd\u00e1v\u00e1n\u00edm vinn\u00e9ho moravsk\u00e9ho moku. Ve stoup\u00e1n\u00ed dle startovn\u00ed listiny uvid\u00edme t\u0159eba mistra \u010cR na silnici Michaela Kukrleho a tak\u00e9 mistra \u010cR v cyklokrose Michaela Boro\u0161e, ty by m\u011bl doplnit i biker a olympijsk\u00fd v\u00edt\u011bz z Lond\u00fdna Jaroslav Kulhav\u00fd.<\/p>\n\n\n\n<p>Str\u00e1nky z\u00e1vodu: https:\/\/sportcomplex.cz\/projekty\/32-trofeo-cinelli-vc-hlohovce<\/p>\n\n\n\n<p>Propozice: https:\/\/sportcomplex.cz\/images\/Propozice_Hlohovec_2022_k.pdf<\/p>\n\n\n\n<p>FOTO Jan Brychta<\/p>\n\n\n\n<figure class=\"wp-block-image size-large\"><img loading=\"lazy\" decoding=\"async\" width=\"1024\" height=\"682\" src=\"https:\/\/www.czechcyclingfederation.com\/wp-content\/uploads\/2022\/03\/Hlohovec-mladez-1024x682.jpg\" alt=\"\" class=\"wp-image-11436\" srcset=\"https:\/\/www.czechcyclingfederation.com\/wp-content\/uploads\/2022\/03\/Hlohovec-mladez-1024x682.jpg 1024w, https:\/\/www.czechcyclingfederation.com\/wp-content\/uploads\/2022\/03\/Hlohovec-mladez-300x200.jpg 300w, https:\/\/www.czechcyclingfederation.com\/wp-content\/uploads\/2022\/03\/Hlohovec-mladez-768x511.jpg 768w, https:\/\/www.czechcyclingfederation.com\/wp-content\/uploads\/2022\/03\/Hlohovec-mladez-1320x879.jpg 1320w, https:\/\/www.czechcyclingfederation.com\/wp-content\/uploads\/2022\/03\/Hlohovec-mladez.jpg 1398w\" sizes=\"auto, (max-width: 1024px) 100vw, 1024px\" \/><\/figure>\n","protected":false},"excerpt":{"rendered":"<p>Posledn\u00ed sobota v b\u0159eznu (26. b\u0159ezna) neodmysliteln\u011b pat\u0159\u00ed nejen dom\u00e1c\u00ed cyklistick\u00e9 komunit\u011b, kon\u00e1 se toti\u017e slavnostn\u00ed otev\u0159en\u00ed silni\u010d\u00e1\u0159sk\u00e9 sezony na \u010desk\u00e9m \u00fazem\u00ed pod n\u00e1zvem Trofeo Cinelli \u2013 VC Hlohovce 2022. Z\u00e1\u0161titu nad t\u00edmto z\u00e1vodem p\u0159evzal hejtman JMK Jan Grolich a tradici tohoto z\u00e1vodu, ji\u017e od roku 1976 podporuje tak\u00e9 obec Hlohovec a nyn\u00ed jej\u00ed starosta [&hellip;]<\/p>\n","protected":false},"author":8,"featured_media":11435,"comment_status":"closed","ping_status":"open","sticky":false,"template":"","format":"standard","meta":{"footnotes":""},"categories":[2,18],"tags":[11],"class_list":["post-11434","post","type-post","status-publish","format-standard","has-post-thumbnail","hentry","category-novinky","category-silnice","tag-silnice"],"_links":{"self":[{"href":"https:\/\/www.czechcyclingfederation.com\/en\/wp-json\/wp\/v2\/posts\/11434","targetHints":{"allow":["GET"]}}],"collection":[{"href":"https:\/\/www.czechcyclingfederation.com\/en\/wp-json\/wp\/v2\/posts"}],"about":[{"href":"https:\/\/www.czechcyclingfederation.com\/en\/wp-json\/wp\/v2\/types\/post"}],"author":[{"embeddable":true,"href":"https:\/\/www.czechcyclingfederation.com\/en\/wp-json\/wp\/v2\/users\/8"}],"replies":[{"embeddable":true,"href":"https:\/\/www.czechcyclingfederation.com\/en\/wp-json\/wp\/v2\/comments?post=11434"}],"version-history":[{"count":1,"href":"https:\/\/www.czechcyclingfederation.com\/en\/wp-json\/wp\/v2\/posts\/11434\/revisions"}],"predecessor-version":[{"id":11437,"href":"https:\/\/www.czechcyclingfederation.com\/en\/wp-json\/wp\/v2\/posts\/11434\/revisions\/11437"}],"wp:featuredmedia":[{"embeddable":true,"href":"https:\/\/www.czechcyclingfederation.com\/en\/wp-json\/wp\/v2\/media\/11435"}],"wp:attachment":[{"href":"https:\/\/www.czechcyclingfederation.com\/en\/wp-json\/wp\/v2\/media?parent=11434"}],"wp:term":[{"taxonomy":"category","embeddable":true,"href":"https:\/\/www.czechcyclingfederation.com\/en\/wp-json\/wp\/v2\/categories?post=11434"},{"taxonomy":"post_tag","embeddable":true,"href":"https:\/\/www.czechcyclingfederation.com\/en\/wp-json\/wp\/v2\/tags?post=11434"}],"curies":[{"name":"wp","href":"https:\/\/api.w.org\/{rel}","templated":true}]}}