{"id":11416,"date":"2022-03-22T21:12:11","date_gmt":"2022-03-22T20:12:11","guid":{"rendered":"https:\/\/www.czechcyclingfederation.com\/?p=11416"},"modified":"2022-11-11T11:23:29","modified_gmt":"2022-11-11T10:23:29","slug":"repa-a-kvasnickova-mistry-republiky-v-e-cyklistice","status":"publish","type":"post","link":"https:\/\/www.czechcyclingfederation.com\/en\/repa-a-kvasnickova-mistry-republiky-v-e-cyklistice\/","title":{"rendered":"\u0158epa a Kvasni\u010dkov\u00e1 mistry republiky v e-cyklistice"},"content":{"rendered":"\n<p>Vojt\u011bch \u0158epa ze \u0161pan\u011blsk\u00e9ho t\u00fdmu Equipo Kern Pharma a Eli\u0161ka Kvasni\u010dkov\u00e1 (SportRaces) se stali mistry republiky ve virtu\u00e1ln\u00ed cyklistice na trena\u017eerech na platform\u011b Rouvy. Tituly v elitn\u00edch kategori\u00edch \u0160KODA eM\u010cR 2022 vybojovali ve spole\u010dn\u00e9m z\u00e1vod\u011b v Showroomu AUTO OPAT v Nupak\u00e1ch u Prahy. Juniorsk\u00fdm mistrem republiky se stal Milan Kadlec z Dukly Praha.<\/p>\n\n\n\n<p>Druh\u00fd ro\u010dn\u00edk dom\u00e1c\u00edho \u0161ampion\u00e1tu v e-cyklistice se uskute\u010dnil na \u010d\u00e1sti trasy klasiky Velk\u00e1 B\u00edte\u0161-Brno-Velk\u00e1 B\u00edte\u0161, jej\u00ed\u017e re\u00e1ln\u00fd 45. ro\u010dn\u00edk \u010dek\u00e1 na cyklisty u\u017e tuto ned\u011bli. P\u0159i boji na trena\u017eerech \u010dekal na z\u00e1vodn\u00edky \u00fasek dlouh\u00fd 36,5 km.<\/p>\n\n\n\n<p>\u0158epa, kter\u00fd ve Velk\u00e9 B\u00edte\u0161i \u017eije a start z\u00e1vodu je 200 m od jeho domu, vyu\u017eil znalost \u201edom\u00e1c\u00edho\u201c prost\u0159ed\u00ed i ve virtu\u00e1ln\u00edm z\u00e1vod\u011b. \u201eV den z\u00e1vodu jsem si byl projet trasu i v re\u00e1lu a mysl\u00edm, \u017ee mi to pomohlo. Zn\u00e1m tam skoro ka\u017ed\u00e9 m\u00edsto a jsem r\u00e1d, \u017ee jsem dok\u00e1zal vyhr\u00e1t,\u201c \u0159ekl novope\u010den\u00fd mistr republiky, jen\u017e hned o 6 minut vylep\u0161il tra\u0165ov\u00fd rekord na aplikaci Rouvy.<\/p>\n\n\n\n<p>Lo\u0148sk\u00fd \u0161ampi\u00f3n Daniel Turek, kter\u00fd h\u00e1j\u00ed barvy rakousk\u00e9 st\u00e1je Felbermayr Simplon Wels, skon\u010dil tentokr\u00e1t druh\u00fd. \u201eVojta z n\u00e1s byl v rozhoduj\u00edc\u00edm stoup\u00e1n\u00ed nejsiln\u011bj\u0161\u00ed a po z\u00e1sluze vyhr\u00e1l. J\u00e1 se sna\u017eil, abych urval ve spurtu aspo\u0148 druh\u00e9 m\u00edsto. Bylo to hodn\u011b o zku\u0161enostech a spr\u00e1vn\u00e9m na\u010dasov\u00e1n\u00ed a vy\u0161lo mi to dob\u0159e,\u201c p\u0159iznal Turek.<\/p>\n\n\n\n<p>\u201eVojta \u0158epa n\u00e1m ujel v kopci, nem\u011bli jsme na n\u011bj. Ve spurtu jsem bohu\u017eel tro\u0161ku chyboval, proto\u017ee jsem za\u010dal pozd\u011bji. Ale jinak to bylo fajn a u\u017e se t\u011b\u0161\u00edm na re\u00e1lnou B\u00edte\u0161,\u201c uvedl bronzov\u00fd Filip \u0158eha z dom\u00e1c\u00ed st\u00e1je Elkov Kasper.<\/p>\n\n\n\n<p>Suver\u00e9nn\u00edm zp\u016fsobem si dojela pro titul v \u017eensk\u00e9 kategorii Eli\u0161ka Kvasni\u010dkov\u00e1, kter\u00e9 virtu\u00e1ln\u00ed z\u00e1vody o\u010dividn\u011b sv\u011bd\u010d\u00ed. V leto\u0161n\u00edm seri\u00e1lu Visegrad 4 e-CUP skon\u010dila celkov\u011b druh\u00e1 a v mistrovsk\u00e9m z\u00e1vod\u011b soupe\u0159ky doslova deklasovala. Hned ve stoup\u00e1n\u00ed z B\u00edte\u0161e se osamostatnila na \u010dele a sv\u016fj n\u00e1skok do c\u00edle neust\u00e1le zvy\u0161ovala.<\/p>\n\n\n\n<p><strong>V\u00fdsledky \u0160KODA eM\u010cR 2022 (36,5 km)<\/strong><\/p>\n\n\n\n<p><strong>Mu\u017ei \u2013 Elite:<\/strong>&nbsp;1. \u0158epa (Equipo Kern Pharma) 51:00 min., 2. Turek (Felbermayr Simplon Wels) -17 s, 3. \u0158eha (Elkov Kasper) -18, 4. Sk\u00e1la (Rouvy Specialized) -3:07, 5. Obdr\u017e\u00e1lek (Elkov Kasper) -3:43.<\/p>\n\n\n\n<p><strong>Junio\u0159i:<\/strong>&nbsp;1. Kadlec (Dukla Praha) 53:22 min., Kobr (Roman Kreuziger Cycling Academy) -1:22<\/p>\n\n\n\n<p><strong>\u017deny:<\/strong>&nbsp;1. Kvasni\u010dkov\u00e1 (SportRaces) 57:58, 2. Slan\u00edkov\u00e1 (Roman Kreuziger Cycling Academy) -2:55, 3. Srnsk\u00e1 (Dukla Praha) -3:35<\/p>\n\n\n\n\n\n\n\n<figure class=\"wp-block-image size-large\"><img loading=\"lazy\" decoding=\"async\" width=\"1024\" height=\"682\" src=\"https:\/\/www.czechcyclingfederation.com\/wp-content\/uploads\/2022\/03\/BrychtaJan_eMCR_20220322_192221_DSC_2290-1024x682.jpg\" alt=\"\" class=\"wp-image-11423\" srcset=\"https:\/\/www.czechcyclingfederation.com\/wp-content\/uploads\/2022\/03\/BrychtaJan_eMCR_20220322_192221_DSC_2290-1024x682.jpg 1024w, https:\/\/www.czechcyclingfederation.com\/wp-content\/uploads\/2022\/03\/BrychtaJan_eMCR_20220322_192221_DSC_2290-300x200.jpg 300w, https:\/\/www.czechcyclingfederation.com\/wp-content\/uploads\/2022\/03\/BrychtaJan_eMCR_20220322_192221_DSC_2290-768x511.jpg 768w, https:\/\/www.czechcyclingfederation.com\/wp-content\/uploads\/2022\/03\/BrychtaJan_eMCR_20220322_192221_DSC_2290-1536x1022.jpg 1536w, https:\/\/www.czechcyclingfederation.com\/wp-content\/uploads\/2022\/03\/BrychtaJan_eMCR_20220322_192221_DSC_2290-2048x1363.jpg 2048w, https:\/\/www.czechcyclingfederation.com\/wp-content\/uploads\/2022\/03\/BrychtaJan_eMCR_20220322_192221_DSC_2290-1320x879.jpg 1320w\" sizes=\"auto, (max-width: 1024px) 100vw, 1024px\" \/><\/figure>\n\n\n\n<figure class=\"wp-block-image size-large\"><img loading=\"lazy\" decoding=\"async\" width=\"1024\" height=\"684\" src=\"http:\/\/www.czechcyclingfederation.com\/wp-content\/uploads\/2022\/03\/BrychtaJan_eMCR_20220322_183650_DSC_4572-1-1024x684.jpg\" alt=\"\" class=\"wp-image-11426\" srcset=\"https:\/\/www.czechcyclingfederation.com\/wp-content\/uploads\/2022\/03\/BrychtaJan_eMCR_20220322_183650_DSC_4572-1-1024x684.jpg 1024w, https:\/\/www.czechcyclingfederation.com\/wp-content\/uploads\/2022\/03\/BrychtaJan_eMCR_20220322_183650_DSC_4572-1-300x200.jpg 300w, https:\/\/www.czechcyclingfederation.com\/wp-content\/uploads\/2022\/03\/BrychtaJan_eMCR_20220322_183650_DSC_4572-1-768x513.jpg 768w, https:\/\/www.czechcyclingfederation.com\/wp-content\/uploads\/2022\/03\/BrychtaJan_eMCR_20220322_183650_DSC_4572-1-1536x1025.jpg 1536w\" sizes=\"auto, (max-width: 1024px) 100vw, 1024px\" \/><\/figure>\n\n\n\n<figure class=\"wp-block-image size-large\"><img decoding=\"async\" src=\"http:\/\/www.czechcyclingfederation.com\/wp-content\/uploads\/2022\/03\/BrychtaJan_eMCR_20220322_181330_DSC_4540-2-1024x684.jpg\" alt=\"\" class=\"wp-image-11427\"\/><\/figure>\n","protected":false},"excerpt":{"rendered":"<p>Vojt\u011bch \u0158epa ze \u0161pan\u011blsk\u00e9ho t\u00fdmu Equipo Kern Pharma a Eli\u0161ka Kvasni\u010dkov\u00e1 (SportRaces) se stali mistry republiky ve virtu\u00e1ln\u00ed cyklistice na trena\u017eerech na platform\u011b Rouvy. Tituly v elitn\u00edch kategori\u00edch \u0160KODA eM\u010cR 2022 vybojovali ve spole\u010dn\u00e9m z\u00e1vod\u011b v Showroomu AUTO OPAT v Nupak\u00e1ch u Prahy. Juniorsk\u00fdm mistrem republiky se stal Milan Kadlec z Dukly Praha. Druh\u00fd ro\u010dn\u00edk [&hellip;]<\/p>\n","protected":false},"author":1,"featured_media":11420,"comment_status":"closed","ping_status":"open","sticky":false,"template":"","format":"standard","meta":{"footnotes":""},"categories":[201,2],"tags":[119],"class_list":["post-11416","post","type-post","status-publish","format-standard","has-post-thumbnail","hentry","category-cyklistika-pro-vsechny","category-novinky","tag-csc"],"_links":{"self":[{"href":"https:\/\/www.czechcyclingfederation.com\/en\/wp-json\/wp\/v2\/posts\/11416","targetHints":{"allow":["GET"]}}],"collection":[{"href":"https:\/\/www.czechcyclingfederation.com\/en\/wp-json\/wp\/v2\/posts"}],"about":[{"href":"https:\/\/www.czechcyclingfederation.com\/en\/wp-json\/wp\/v2\/types\/post"}],"author":[{"embeddable":true,"href":"https:\/\/www.czechcyclingfederation.com\/en\/wp-json\/wp\/v2\/users\/1"}],"replies":[{"embeddable":true,"href":"https:\/\/www.czechcyclingfederation.com\/en\/wp-json\/wp\/v2\/comments?post=11416"}],"version-history":[{"count":4,"href":"https:\/\/www.czechcyclingfederation.com\/en\/wp-json\/wp\/v2\/posts\/11416\/revisions"}],"predecessor-version":[{"id":11491,"href":"https:\/\/www.czechcyclingfederation.com\/en\/wp-json\/wp\/v2\/posts\/11416\/revisions\/11491"}],"wp:featuredmedia":[{"embeddable":true,"href":"https:\/\/www.czechcyclingfederation.com\/en\/wp-json\/wp\/v2\/media\/11420"}],"wp:attachment":[{"href":"https:\/\/www.czechcyclingfederation.com\/en\/wp-json\/wp\/v2\/media?parent=11416"}],"wp:term":[{"taxonomy":"category","embeddable":true,"href":"https:\/\/www.czechcyclingfederation.com\/en\/wp-json\/wp\/v2\/categories?post=11416"},{"taxonomy":"post_tag","embeddable":true,"href":"https:\/\/www.czechcyclingfederation.com\/en\/wp-json\/wp\/v2\/tags?post=11416"}],"curies":[{"name":"wp","href":"https:\/\/api.w.org\/{rel}","templated":true}]}}