{"id":114,"date":"2020-04-02T22:27:45","date_gmt":"2020-04-02T20:27:45","guid":{"rendered":"https:\/\/www.czechcyclingfederation.com\/?p=114"},"modified":"2020-07-16T13:41:45","modified_gmt":"2020-07-16T11:41:45","slug":"testovaci-prispeve-2","status":"publish","type":"post","link":"https:\/\/www.czechcyclingfederation.com\/en\/testovaci-prispeve-2\/","title":{"rendered":"Tr\u00e9nuj s repre MTB \u2013 3. d\u00edl Jana Czeczinkarov\u00e1"},"content":{"rendered":"\n<p>Testovac\u00ed p\u0159\u00edsp\u011bve 2Testovac\u00ed p\u0159\u00edsp\u011bve 2Testovac\u00ed p\u0159\u00edsp\u011bve 2Testovac\u00ed p\u0159\u00edsp\u011bve 2Testovac\u00ed p\u0159\u00edsp\u011bve 2Testovac\u00ed p\u0159\u00edsp\u011bve 2Testovac\u00ed p\u0159\u00edsp\u011bve 2Testovac\u00ed p\u0159\u00edsp\u011bve 2Testovac\u00ed p\u0159\u00edsp\u011bve 2Testovac\u00ed p\u0159\u00edsp\u011bve 2Testovac\u00ed p\u0159\u00edsp\u011bve 2Testovac\u00ed p\u0159\u00edsp\u011bve 2Testovac\u00ed p\u0159\u00edsp\u011bve 2Testovac\u00ed p\u0159\u00edsp\u011bve 2Testovac\u00ed p\u0159\u00edsp\u011bve 2Testovac\u00ed p\u0159\u00edsp\u011bve 2<\/p>\n","protected":false},"excerpt":{"rendered":"<p>Testovac\u00ed p\u0159\u00edsp\u011bve 2Testovac\u00ed p\u0159\u00edsp\u011bve 2Testovac\u00ed p\u0159\u00edsp\u011bve 2Testovac\u00ed p\u0159\u00edsp\u011bve 2Testovac\u00ed p\u0159\u00edsp\u011bve 2Testovac\u00ed p\u0159\u00edsp\u011bve 2Testovac\u00ed p\u0159\u00edsp\u011bve 2Testovac\u00ed p\u0159\u00edsp\u011bve 2Testovac\u00ed p\u0159\u00edsp\u011bve 2Testovac\u00ed p\u0159\u00edsp\u011bve 2Testovac\u00ed p\u0159\u00edsp\u011bve 2Testovac\u00ed p\u0159\u00edsp\u011bve 2Testovac\u00ed p\u0159\u00edsp\u011bve 2Testovac\u00ed p\u0159\u00edsp\u011bve 2Testovac\u00ed p\u0159\u00edsp\u011bve 2Testovac\u00ed p\u0159\u00edsp\u011bve 2<\/p>\n","protected":false},"author":1,"featured_media":111,"comment_status":"closed","ping_status":"open","sticky":false,"template":"","format":"standard","meta":{"footnotes":""},"categories":[2],"tags":[9],"class_list":["post-114","post","type-post","status-publish","format-standard","has-post-thumbnail","hentry","category-novinky","tag-draha"],"_links":{"self":[{"href":"https:\/\/www.czechcyclingfederation.com\/en\/wp-json\/wp\/v2\/posts\/114","targetHints":{"allow":["GET"]}}],"collection":[{"href":"https:\/\/www.czechcyclingfederation.com\/en\/wp-json\/wp\/v2\/posts"}],"about":[{"href":"https:\/\/www.czechcyclingfederation.com\/en\/wp-json\/wp\/v2\/types\/post"}],"author":[{"embeddable":true,"href":"https:\/\/www.czechcyclingfederation.com\/en\/wp-json\/wp\/v2\/users\/1"}],"replies":[{"embeddable":true,"href":"https:\/\/www.czechcyclingfederation.com\/en\/wp-json\/wp\/v2\/comments?post=114"}],"version-history":[{"count":3,"href":"https:\/\/www.czechcyclingfederation.com\/en\/wp-json\/wp\/v2\/posts\/114\/revisions"}],"predecessor-version":[{"id":250,"href":"https:\/\/www.czechcyclingfederation.com\/en\/wp-json\/wp\/v2\/posts\/114\/revisions\/250"}],"wp:featuredmedia":[{"embeddable":true,"href":"https:\/\/www.czechcyclingfederation.com\/en\/wp-json\/wp\/v2\/media\/111"}],"wp:attachment":[{"href":"https:\/\/www.czechcyclingfederation.com\/en\/wp-json\/wp\/v2\/media?parent=114"}],"wp:term":[{"taxonomy":"category","embeddable":true,"href":"https:\/\/www.czechcyclingfederation.com\/en\/wp-json\/wp\/v2\/categories?post=114"},{"taxonomy":"post_tag","embeddable":true,"href":"https:\/\/www.czechcyclingfederation.com\/en\/wp-json\/wp\/v2\/tags?post=114"}],"curies":[{"name":"wp","href":"https:\/\/api.w.org\/{rel}","templated":true}]}}