{"id":11397,"date":"2022-03-22T07:46:41","date_gmt":"2022-03-22T06:46:41","guid":{"rendered":"https:\/\/www.czechcyclingfederation.com\/?p=11397"},"modified":"2022-03-22T07:46:43","modified_gmt":"2022-03-22T06:46:43","slug":"mladez-zacina-silnicarskou-sezonu-vikendovym-doublem-na-pardubicku","status":"publish","type":"post","link":"https:\/\/www.czechcyclingfederation.com\/en\/mladez-zacina-silnicarskou-sezonu-vikendovym-doublem-na-pardubicku\/","title":{"rendered":"Ml\u00e1de\u017e za\u010d\u00edn\u00e1 silni\u010d\u00e1\u0159skou sez\u00f3nu v\u00edkendov\u00fdm doublem na Pardubicku!"},"content":{"rendered":"\n<p>V sobotu, 26. 3., startuje ml\u00e1de\u017enick\u00e1 silni\u010d\u00e1\u0159sk\u00e1 sez\u00f3na tradi\u010dn\u00edm krit\u00e9riem v Pardubic\u00edch. A hned druh\u00fd den v ned\u011bli za\u010d\u00edn\u00e1 poh\u00e1r pro ml\u00e1de\u017e a \u017eeny Techniserv cup ve Slati\u0148anech u Chrudimi.\u00a0<\/p>\n\n\n\n<p><br>Pardubick\u00e9 krit\u00e9rium navazuje na dlouholetou tradici silni\u010d\u00e1\u0159sk\u00e9ho krit\u00e9ria v sam\u00e9m centru m\u011bsta na t\u0159\u00edd\u011b M\u00edru. Notoricky zn\u00e1m\u00fd okruh o d\u00e9lce 1,5 km p\u0159iv\u00edt\u00e1 na \u00favod Carla Kriterijn\u00ed Ligu, kde se p\u0159edstav\u00ed ml\u00e1de\u017e a \u017eeny, startuj\u00ed tak\u00e9 amat\u00e9rsk\u00e9 Hobby kategorie a z\u00e1vod vyvrchol\u00ed tradi\u010dn\u00ed Velkou cenou DEKOM SYSTEM v kategorie Elite.<\/p>\n\n\n\n<p><strong>Program:<\/strong><\/p>\n\n\n\n<p>10:00 h Carla Kriterjn\u00ed liga ml\u00e1de\u017enick\u00e9 kategorie<\/p>\n\n\n\n<p>13:00 h Hobby z\u00e1vody<\/p>\n\n\n\n<p>14:35 h Juniorky<\/p>\n\n\n\n<p>15:20 h \u017deny<\/p>\n\n\n\n<p>16:10 h Junio\u0159i<\/p>\n\n\n\n<p>17:00 h Elite na 50 okruh\u016f (75 km)<\/p>\n\n\n\n<p><br>V ned\u011bli se program p\u0159esune o p\u00e1r kilometr\u016f na jih do \u017delezn\u00fdch hor, kde u v\u00fdletn\u00ed restaurace Monaco nad slati\u0148ansk\u00fdm h\u0159eb\u010d\u00ednem odstartuje 1. Techniserv cup pro ml\u00e1de\u017e a \u017eeny v tomto roce. Trasa je stejn\u00e1 jako p\u0159i lo\u0148sk\u00e9m podzimn\u00edm M\u010cR Extraligy Masters (a vlo\u017een\u00e9m z\u00e1vodu pro ml\u00e1de\u017e) a i nad\u00e1le m\u00e1j\u00ed po\u0159adatel\u00e9 s t\u00edmto kr\u00e1sn\u00fdm cca 20 km dlouh\u00fdm okruhem velk\u00e9 pl\u00e1ny!<\/p>\n\n\n\n<p><strong>Program:\u00a0<\/strong><\/p>\n\n\n\n<p>10:00 h 1. vlna (Kadetky, Mlad\u0161\u00ed \u017e\u00e1ci, \u017d\u00e1kyn\u011b)<\/p>\n\n\n\n<p>12:00 h 2. vlna (Kadeti, Star\u0161\u00ed \u017e\u00e1ci)<\/p>\n\n\n\n<p>14:00 h 3. vlna (Junio\u0159i a \u017deny s Juniorkami)<\/p>\n\n\n\n<p><br>Zejm\u00e9na v kategorii \u017een se maj\u00ed fanou\u0161ci na co t\u011b\u0161it. Velmi zaj\u00edmav\u00e9 bude sledovat, jak si dom\u00e1c\u00ed \u017eensk\u00fd t\u00fdm Dukly Praha povede v konkurenci polsk\u00fdch \u017een z t\u00fdmu\u00a0Atom Deweloper Posciellux.pl Wroclaw. Po dlouh\u00e9 dob\u011b tak do Pardubic p\u0159ijede zahrani\u010dn\u00ed t\u00fdm, kter\u00fd je\u0161t\u011b dopln\u00ed juniorky z\u00a0UKS Copernicus CCC SMS Toru\u0144. <\/p>\n\n\n\n<p>Z\u00e1vod se po\u0159\u00e1d\u00e1 pod z\u00e1\u0161titou prim\u00e1tora Martina Charv\u00e1ta a tak\u00e9 s podporou Pardubick\u00e9ho kraje.\u00a0<br><\/p>\n\n\n\n<figure class=\"wp-block-image size-large\"><img loading=\"lazy\" decoding=\"async\" width=\"961\" height=\"1024\" src=\"https:\/\/www.czechcyclingfederation.com\/wp-content\/uploads\/2022\/03\/Unknown.jpeg\" alt=\"\" class=\"wp-image-11399\" srcset=\"https:\/\/www.czechcyclingfederation.com\/wp-content\/uploads\/2022\/03\/Unknown.jpeg 961w, https:\/\/www.czechcyclingfederation.com\/wp-content\/uploads\/2022\/03\/Unknown-188x200.jpeg 188w, https:\/\/www.czechcyclingfederation.com\/wp-content\/uploads\/2022\/03\/Unknown-768x818.jpeg 768w\" sizes=\"auto, (max-width: 961px) 100vw, 961px\" \/><\/figure>\n","protected":false},"excerpt":{"rendered":"<p>V sobotu, 26. 3., startuje ml\u00e1de\u017enick\u00e1 silni\u010d\u00e1\u0159sk\u00e1 sez\u00f3na tradi\u010dn\u00edm krit\u00e9riem v Pardubic\u00edch. A hned druh\u00fd den v ned\u011bli za\u010d\u00edn\u00e1 poh\u00e1r pro ml\u00e1de\u017e a \u017eeny Techniserv cup ve Slati\u0148anech u Chrudimi.\u00a0 Pardubick\u00e9 krit\u00e9rium navazuje na dlouholetou tradici silni\u010d\u00e1\u0159sk\u00e9ho krit\u00e9ria v sam\u00e9m centru m\u011bsta na t\u0159\u00edd\u011b M\u00edru. Notoricky zn\u00e1m\u00fd okruh o d\u00e9lce 1,5 km p\u0159iv\u00edt\u00e1 na \u00favod [&hellip;]<\/p>\n","protected":false},"author":1,"featured_media":11398,"comment_status":"closed","ping_status":"open","sticky":false,"template":"","format":"standard","meta":{"footnotes":""},"categories":[17,88,2,18],"tags":[11],"class_list":["post-11397","post","type-post","status-publish","format-standard","has-post-thumbnail","hentry","category-discipliny","category-mladez-kontakty","category-novinky","category-silnice","tag-silnice"],"_links":{"self":[{"href":"https:\/\/www.czechcyclingfederation.com\/en\/wp-json\/wp\/v2\/posts\/11397","targetHints":{"allow":["GET"]}}],"collection":[{"href":"https:\/\/www.czechcyclingfederation.com\/en\/wp-json\/wp\/v2\/posts"}],"about":[{"href":"https:\/\/www.czechcyclingfederation.com\/en\/wp-json\/wp\/v2\/types\/post"}],"author":[{"embeddable":true,"href":"https:\/\/www.czechcyclingfederation.com\/en\/wp-json\/wp\/v2\/users\/1"}],"replies":[{"embeddable":true,"href":"https:\/\/www.czechcyclingfederation.com\/en\/wp-json\/wp\/v2\/comments?post=11397"}],"version-history":[{"count":1,"href":"https:\/\/www.czechcyclingfederation.com\/en\/wp-json\/wp\/v2\/posts\/11397\/revisions"}],"predecessor-version":[{"id":11400,"href":"https:\/\/www.czechcyclingfederation.com\/en\/wp-json\/wp\/v2\/posts\/11397\/revisions\/11400"}],"wp:featuredmedia":[{"embeddable":true,"href":"https:\/\/www.czechcyclingfederation.com\/en\/wp-json\/wp\/v2\/media\/11398"}],"wp:attachment":[{"href":"https:\/\/www.czechcyclingfederation.com\/en\/wp-json\/wp\/v2\/media?parent=11397"}],"wp:term":[{"taxonomy":"category","embeddable":true,"href":"https:\/\/www.czechcyclingfederation.com\/en\/wp-json\/wp\/v2\/categories?post=11397"},{"taxonomy":"post_tag","embeddable":true,"href":"https:\/\/www.czechcyclingfederation.com\/en\/wp-json\/wp\/v2\/tags?post=11397"}],"curies":[{"name":"wp","href":"https:\/\/api.w.org\/{rel}","templated":true}]}}