{"id":11380,"date":"2022-03-19T09:05:00","date_gmt":"2022-03-19T08:05:00","guid":{"rendered":"https:\/\/www.czechcyclingfederation.com\/?p=11380"},"modified":"2022-03-19T16:24:37","modified_gmt":"2022-03-19T15:24:37","slug":"prvni-dil-skoda-cupu-obstara-tradicne-bites","status":"publish","type":"post","link":"https:\/\/www.czechcyclingfederation.com\/en\/prvni-dil-skoda-cupu-obstara-tradicne-bites\/","title":{"rendered":"Prvn\u00ed d\u00edl \u0160KODA Cupu obstar\u00e1 tradi\u010dn\u011b B\u00edte\u0161"},"content":{"rendered":"\n<p>Start dom\u00e1c\u00ed silni\u010dn\u00ed sezony se bl\u00ed\u017e\u00ed. Ji\u017e v&nbsp;ned\u011bli 27. b\u0159ezna vyraz\u00ed jezdci ve 12:00 na tratu 46. ro\u010dn\u00edku z\u00e1vodu Velk\u00e1 B\u00edte\u0161 &#8211; Brno &#8211; Velk\u00e1 B\u00edt\u011b\u0161. A bude to z\u00e1rove\u0148 prvn\u00ed podnik p\u011btid\u00edln\u00e9ho presti\u017en\u00edho seri\u00e1lu \u0160KODA CUP.<\/p>\n\n\n\n<p>V\u00a0roce 2020 se kv\u016fli pandemii covid-19 musela akce na posledn\u00ed chv\u00edli zru\u0161it a loni byla odlo\u017eena na 17. dubna, kdy se po\u0159adatel\u00e9 z TJ Favorit Brno rozhodli zm\u011bnit sm\u011br z\u00e1vodu z d\u016fvodu spln\u011bn\u00ed podm\u00ednek po\u0159\u00e1d\u00e1n\u00ed akc\u00ed v nouzov\u00e9m stavu (akce bez div\u00e1k\u016f). Proto se za\u010d\u00ednalo na brn\u011bnsk\u00e9m velodromu, kde byl tak\u00e9 dojezd. Letos se z\u00e1vod vrac\u00ed k trase z roku 2019.<\/p>\n\n\n\n<p>Z\u00e1vod dlouh\u00fd celkem 162 kilometr\u016f odstartuje na Masarykov\u011b n\u00e1m\u011bst\u00ed ve Velk\u00e9 B\u00edte\u0161 a peloton najede na prvn\u00ed okruh dlouh\u00fd 70 kilometr\u016f vedouc\u00ed p\u0159es Doma\u0161ov, Ostrova\u010dice, Pop\u016fvky a Veselku do brn\u011bnsk\u00fdch Kohoutovic, kde bude prvn\u00ed vrcha\u0159sk\u00e1 pr\u00e9mie. P\u0159es brn\u011bnsk\u00e9 Bosonohy, \u0158\u00ed\u010dany, Rosice a Zast\u00e1vku (zde bude druh\u00e1 a t\u0159et\u00ed vrcha\u0159sk\u00e1 pr\u00e9mie) se vrac\u00ed do Velk\u00e9 B\u00edte\u0161e (na c\u00edlov\u00e9 p\u00e1sce jsou p\u0159ipraveny rychlostn\u00ed pr\u00e9mie) a z\u00e1vodn\u00edci se op\u011bt vydaj\u00ed na zkr\u00e1cen\u00fd okruh p\u0159es Zast\u00e1vku (38 km) a o v\u00edt\u011bzi by se m\u011blo rozhodnout na 18 kilometr\u016f dlouh\u00e9m okruhu mezi Velkou B\u00edte\u0161\u00ed a Osovou B\u00edt\u00fd\u0161kou, kter\u00fd se pojede t\u0159ikr\u00e1t. Po\u010det z\u00e1v\u011bre\u010dn\u00fdch okruh\u016f m\u016f\u017ee b\u00fdt sn\u00ed\u017een rozhodnut\u00edm hlavn\u00edho rozhod\u010d\u00edho a \u0159editele z\u00e1vodu na z\u00e1klad\u011b pov\u011btrnostn\u00edch podm\u00ednek.<\/p>\n\n\n\n<p>V roce 2019 zv\u00edt\u011bzil Jakub Otruba (Elkov Kasper), lo\u0148sk\u00e9 v\u00edt\u011bzstv\u00ed na odli\u0161n\u00e9 trati obhajuje Michael Kukrle. Mistr \u010cesk\u00e9 republiky p\u0159ed rokem z\u00e1vodil v barv\u00e1ch Elkov Kasper, letos bude reprezentovat \u010desk\u00fd n\u00e1rodn\u00ed t\u00fdm a op\u011bt se \u0159ad\u00ed mezi nejv\u011bt\u0161\u00ed favority. Loni vyhr\u00e1l p\u0159ed Danielem Turkem a Jakubem Otrubou.<\/p>\n\n\n\n<p>S&nbsp;Kukrlem pojedou v&nbsp;reprezenta\u010dn\u00edch barv\u00e1ch pod veden\u00edm tren\u00e9ra Tom\u00e1\u0161e Kone\u010dn\u00e9ho hlavn\u011b mlad\u00ed jezdci \u2013 v\u00edt\u011bz jedn\u00e9 z&nbsp;etap z\u00e1vodu WorldTour Kolem Spojen\u00fdch arabsk\u00fdch emir\u00e1t\u016f Mathias Vacek a d\u00e1le \u0160t\u011bp\u00e1n Teleck\u00fd, Milan Kadlec, Jan Luke\u0161 a Daniel Mr\u00e1z.<\/p>\n\n\n\n<p>\u201ePro mlad\u00e9 jezdce je dobr\u00e9, \u017ee mohou startovat. Nemaj\u00ed moc z\u00e1vod\u016f a start mezi seniory na B\u00edte\u0161i pro n\u011b bude obrovsk\u00e1 zkou\u0161ka a tak\u00e9 zku\u0161enost,\u201c prozradil reprezenta\u010dn\u00ed kou\u010d Tom\u00e1\u0161 Kone\u010dn\u00fd. \u201ePro kluky to bude velk\u00fdm p\u0159\u00ednosem. Je t\u011b\u017ek\u00e9 jen tr\u00e9novat a nez\u00e1vodit a to hlavn\u011b na psychiku.\u201d dodal.<\/p>\n\n\n\n<p>Zaj\u00edmav\u00e9 bude sledovat souboj jezdc\u016f dvou na\u0161ich p\u0159edn\u00edch st\u00e1j\u00ed Elkov Kasper a ATT Investments Pro Cycling. Zat\u00edmco druh\u00e1 jmenovan\u00e1 nastoup\u00ed v&nbsp;t\u00e9m\u011b\u0159 kompletn\u00edm slo\u017een\u00ed, Elkov Kasper se p\u0159edstav\u00ed pouze s&nbsp;kvartetem jezdc\u016f Michael Boro\u0161, Filip \u0158eha, Tom\u00e1\u0161 Obdr\u017e\u00e1lek a Jakub \u0164oupal\u00edk. \u201cJi\u017e \u0159adu let nejezd\u00edme dom\u00e1c\u00ed poh\u00e1rov\u00e9 z\u00e1vody kompletn\u00ed, ale sp\u00ed\u0161e se zam\u011b\u0159ujeme na z\u00e1vody mezin\u00e1rodn\u00ed. Stejn\u011b tomu tak bude i letos, kdy v&nbsp;dob\u011b kon\u00e1n\u00ed B\u00edt\u011b\u0161e pojede v\u011bt\u0161ina jezdc\u016f z\u00e1vod Kolem Normandie,\u201c prozradil tren\u00e9r Elkovu Kasper Otakar Fiala.<\/p>\n\n\n\n<p>FOTO Jan Brychta<\/p>\n\n\n\n<figure class=\"wp-block-image size-large\"><img loading=\"lazy\" decoding=\"async\" width=\"1024\" height=\"682\" src=\"https:\/\/www.czechcyclingfederation.com\/wp-content\/uploads\/2022\/03\/Brychta-DSC_5435-1024x682.jpg\" alt=\"\" class=\"wp-image-11383\" srcset=\"https:\/\/www.czechcyclingfederation.com\/wp-content\/uploads\/2022\/03\/Brychta-DSC_5435-1024x682.jpg 1024w, https:\/\/www.czechcyclingfederation.com\/wp-content\/uploads\/2022\/03\/Brychta-DSC_5435-300x200.jpg 300w, https:\/\/www.czechcyclingfederation.com\/wp-content\/uploads\/2022\/03\/Brychta-DSC_5435-768x511.jpg 768w, https:\/\/www.czechcyclingfederation.com\/wp-content\/uploads\/2022\/03\/Brychta-DSC_5435-1536x1022.jpg 1536w, https:\/\/www.czechcyclingfederation.com\/wp-content\/uploads\/2022\/03\/Brychta-DSC_5435-2048x1363.jpg 2048w, https:\/\/www.czechcyclingfederation.com\/wp-content\/uploads\/2022\/03\/Brychta-DSC_5435-1320x879.jpg 1320w\" sizes=\"auto, (max-width: 1024px) 100vw, 1024px\" \/><\/figure>\n\n\n\n<figure class=\"wp-block-image size-large\"><img loading=\"lazy\" decoding=\"async\" width=\"1024\" height=\"681\" src=\"https:\/\/www.czechcyclingfederation.com\/wp-content\/uploads\/2022\/03\/BrychtaJan_CP_Mlada_Boleslav_20211002_140114_DSC_3020-1024x681.jpg\" alt=\"\" class=\"wp-image-11384\" srcset=\"https:\/\/www.czechcyclingfederation.com\/wp-content\/uploads\/2022\/03\/BrychtaJan_CP_Mlada_Boleslav_20211002_140114_DSC_3020-1024x681.jpg 1024w, https:\/\/www.czechcyclingfederation.com\/wp-content\/uploads\/2022\/03\/BrychtaJan_CP_Mlada_Boleslav_20211002_140114_DSC_3020-300x200.jpg 300w, https:\/\/www.czechcyclingfederation.com\/wp-content\/uploads\/2022\/03\/BrychtaJan_CP_Mlada_Boleslav_20211002_140114_DSC_3020-768x511.jpg 768w, https:\/\/www.czechcyclingfederation.com\/wp-content\/uploads\/2022\/03\/BrychtaJan_CP_Mlada_Boleslav_20211002_140114_DSC_3020-1536x1022.jpg 1536w, https:\/\/www.czechcyclingfederation.com\/wp-content\/uploads\/2022\/03\/BrychtaJan_CP_Mlada_Boleslav_20211002_140114_DSC_3020-1320x878.jpg 1320w, https:\/\/www.czechcyclingfederation.com\/wp-content\/uploads\/2022\/03\/BrychtaJan_CP_Mlada_Boleslav_20211002_140114_DSC_3020.jpg 2000w\" sizes=\"auto, (max-width: 1024px) 100vw, 1024px\" \/><\/figure>\n\n\n\n<figure class=\"wp-block-image size-large\"><img loading=\"lazy\" decoding=\"async\" width=\"1024\" height=\"600\" src=\"https:\/\/www.czechcyclingfederation.com\/wp-content\/uploads\/2022\/03\/Mapa-2022-1-1024x600.png\" alt=\"\" class=\"wp-image-11385\" srcset=\"https:\/\/www.czechcyclingfederation.com\/wp-content\/uploads\/2022\/03\/Mapa-2022-1-1024x600.png 1024w, https:\/\/www.czechcyclingfederation.com\/wp-content\/uploads\/2022\/03\/Mapa-2022-1-300x176.png 300w, https:\/\/www.czechcyclingfederation.com\/wp-content\/uploads\/2022\/03\/Mapa-2022-1-768x450.png 768w, https:\/\/www.czechcyclingfederation.com\/wp-content\/uploads\/2022\/03\/Mapa-2022-1-1536x900.png 1536w, https:\/\/www.czechcyclingfederation.com\/wp-content\/uploads\/2022\/03\/Mapa-2022-1-2048x1200.png 2048w, https:\/\/www.czechcyclingfederation.com\/wp-content\/uploads\/2022\/03\/Mapa-2022-1-1320x773.png 1320w\" sizes=\"auto, (max-width: 1024px) 100vw, 1024px\" \/><\/figure>\n\n\n\n\n\n<figure class=\"wp-block-image size-large\"><img decoding=\"async\" src=\"http:\/\/www.czechcyclingfederation.com\/wp-content\/uploads\/2022\/03\/plak\u00e1t-\u0160kodaCup-2022-02--728x1024.jpg\" alt=\"\" class=\"wp-image-11382\"\/><\/figure>\n","protected":false},"excerpt":{"rendered":"<p>Start dom\u00e1c\u00ed silni\u010dn\u00ed sezony se bl\u00ed\u017e\u00ed. Ji\u017e v&nbsp;ned\u011bli 27. b\u0159ezna vyraz\u00ed jezdci ve 12:00 na tratu 46. ro\u010dn\u00edku z\u00e1vodu Velk\u00e1 B\u00edte\u0161 &#8211; Brno &#8211; Velk\u00e1 B\u00edt\u011b\u0161. A bude to z\u00e1rove\u0148 prvn\u00ed podnik p\u011btid\u00edln\u00e9ho presti\u017en\u00edho seri\u00e1lu \u0160KODA CUP. V\u00a0roce 2020 se kv\u016fli pandemii covid-19 musela akce na posledn\u00ed chv\u00edli zru\u0161it a loni byla odlo\u017eena na 17. [&hellip;]<\/p>\n","protected":false},"author":8,"featured_media":11387,"comment_status":"closed","ping_status":"open","sticky":false,"template":"","format":"standard","meta":{"footnotes":""},"categories":[2,18],"tags":[11],"class_list":["post-11380","post","type-post","status-publish","format-standard","has-post-thumbnail","hentry","category-novinky","category-silnice","tag-silnice"],"_links":{"self":[{"href":"https:\/\/www.czechcyclingfederation.com\/en\/wp-json\/wp\/v2\/posts\/11380","targetHints":{"allow":["GET"]}}],"collection":[{"href":"https:\/\/www.czechcyclingfederation.com\/en\/wp-json\/wp\/v2\/posts"}],"about":[{"href":"https:\/\/www.czechcyclingfederation.com\/en\/wp-json\/wp\/v2\/types\/post"}],"author":[{"embeddable":true,"href":"https:\/\/www.czechcyclingfederation.com\/en\/wp-json\/wp\/v2\/users\/8"}],"replies":[{"embeddable":true,"href":"https:\/\/www.czechcyclingfederation.com\/en\/wp-json\/wp\/v2\/comments?post=11380"}],"version-history":[{"count":3,"href":"https:\/\/www.czechcyclingfederation.com\/en\/wp-json\/wp\/v2\/posts\/11380\/revisions"}],"predecessor-version":[{"id":11391,"href":"https:\/\/www.czechcyclingfederation.com\/en\/wp-json\/wp\/v2\/posts\/11380\/revisions\/11391"}],"wp:featuredmedia":[{"embeddable":true,"href":"https:\/\/www.czechcyclingfederation.com\/en\/wp-json\/wp\/v2\/media\/11387"}],"wp:attachment":[{"href":"https:\/\/www.czechcyclingfederation.com\/en\/wp-json\/wp\/v2\/media?parent=11380"}],"wp:term":[{"taxonomy":"category","embeddable":true,"href":"https:\/\/www.czechcyclingfederation.com\/en\/wp-json\/wp\/v2\/categories?post=11380"},{"taxonomy":"post_tag","embeddable":true,"href":"https:\/\/www.czechcyclingfederation.com\/en\/wp-json\/wp\/v2\/tags?post=11380"}],"curies":[{"name":"wp","href":"https:\/\/api.w.org\/{rel}","templated":true}]}}