{"id":11362,"date":"2022-03-17T13:38:03","date_gmt":"2022-03-17T12:38:03","guid":{"rendered":"https:\/\/www.czechcyclingfederation.com\/?p=11362"},"modified":"2022-03-17T13:38:06","modified_gmt":"2022-03-17T12:38:06","slug":"skoda-emcr-jiz-pristi-tyden","status":"publish","type":"post","link":"https:\/\/www.czechcyclingfederation.com\/en\/skoda-emcr-jiz-pristi-tyden\/","title":{"rendered":"\u0160KODA eM\u010cR ji\u017e p\u0159\u00ed\u0161t\u00ed t\u00fdden!"},"content":{"rendered":"\n<p><strong>U\u017e podruh\u00e9 se na dom\u00e1c\u00ed sc\u00e9n\u011b bude bojovat o tituly ve virtu\u00e1ln\u00ed cyklistice na trena\u017eerech na platform\u011b ROUVY. \u0160KODA eM\u010cR 2022 se uskute\u010dn\u00ed u\u017e p\u0159\u00ed\u0161t\u00ed t\u00fdden, v \u00fater\u00fd 22. b\u0159ezna od 18 do 20 hodin v Showroomu AUTO OPAT v\u00a0Nupak\u00e1ch u Prahy. Startovn\u00ed listiny se teprve finalizuj\u00ed, ale u\u017e te\u010f je jist\u00e9, \u017ee se na startu objev\u00ed \u0159ada hv\u011bzd.<\/strong><\/p>\n\n\n\n<p>Vloni se uskute\u010dnil premi\u00e9rov\u00fd ro\u010dn\u00edk \u0161ampion\u00e1tu ve virtu\u00e1ln\u00ed cyklistice, letos k&nbsp;tomu p\u0159ibyl \u010dty\u0159d\u00edln\u00fd mezin\u00e1rodn\u00ed seri\u00e1l Visegrad 4 e-CUP a v\u0161e nyn\u00ed vyvrchol\u00ed druh\u00fdm bojem o \u010desk\u00e9 tituly v&nbsp;r\u00e1mci \u0160KODA eM\u010cR. Vloni vybojovali tituly Daniel Turek a Martina S\u00e1bl\u00edkov\u00e1, mezi juniory byl nejlep\u0161\u00ed \u0160t\u011bp\u00e1n Teleck\u00fd.<\/p>\n\n\n\n<p>Turek letos vyhr\u00e1l jeden ze z\u00e1vod\u016f Visegrad 4 e-CUP, konkr\u00e9tn\u011b GP Slovenska, a o titul mistra republiky bude usilovat i letos. \u201e<em>Z&nbsp;virtu\u00e1ln\u00edch z\u00e1vod\u016f se st\u00e1v\u00e1 skoro regul\u00e9rn\u00ed cyklistick\u00e1 discipl\u00edna. \u0158ada kluk\u016f tomu v&nbsp;zim\u011b propadla a j\u00e1 to rozhodn\u011b nepova\u017euji za n\u011bjakou degradaci. Titulu mistra republiky si cen\u00edm a ur\u010dit\u011b ho budu cht\u00edt obh\u00e1jit<\/em>,\u201c \u0159ekl Daniel Turek, profesion\u00e1l z&nbsp;rakousk\u00e9ho t\u00fdmu Felbermayr-Simplon Wels.<\/p>\n\n\n\n<p>\u00da\u010dast potvrdil i \u010dlen \u0161pan\u011blsk\u00e9 st\u00e1je Equipo Kern Pharma Vojt\u011bch \u0158epa, jen\u017e v&nbsp;lednu vyhr\u00e1l GP \u010cesk\u00e9 republiky, \u00favodn\u00ed d\u00edl&nbsp;Visegrad 4 e-CUP. Dom\u00e1c\u00ed nejlep\u0161\u00ed st\u00e1j Elkov Kasper budou reprezentovat Tom\u00e1\u0161 Obdr\u017e\u00e1lek a Filip \u0158eha. Chyb\u011bt nebude ani celkov\u00fd v\u00edt\u011bz kategorie junior\u016f Visegrad 4 e-CUP Milan Kadlec (Dukla Praha), kter\u00fd je lo\u0148sk\u00fdm juniorsk\u00fdm mistrem Evropy v&nbsp;bodovac\u00edm z\u00e1vod\u011b. Dal\u0161\u00edm skv\u011bl\u00fdm dr\u00e1ha\u0159em na startu bude Radovan \u0160tec (Tufo Pardus Prost\u011bjov), jen\u017e na MS na dr\u00e1ze v&nbsp;Egypt\u011b 2021 z\u00edskal mezi juniory titul v&nbsp;omniu a k&nbsp;n\u011bmu p\u0159idal st\u0159\u00edbra v&nbsp;bodova\u010dce a madisonu. V&nbsp;boji o mistrovsk\u00fd dres mezi \u017eenami bude ur\u010dit\u011b pat\u0159it k&nbsp;velk\u00fdm favoritk\u00e1m Eli\u0161ka Kvasni\u010dkov\u00e1. Z\u00e1vodnice t\u00fdmu SportRaces skon\u010dila v&nbsp;seri\u00e1lu Visegrad 4 e-CUP 2022 celkov\u011b druh\u00e1.<\/p>\n\n\n\n<p><em>\u201eZvu\u010dn\u00e1 jm\u00e9na profesion\u00e1l\u016f nechyb\u00ed ani v leto\u0161n\u00edm ro\u010dn\u00edku, n<\/em><em>ovinkou oproti lo\u0148sk\u00e9mu roku ale bude start dvou nejlep\u0161\u00edch jezdc\u016f v&nbsp;kategorii Hobby, tedy nejlep\u0161\u00edho mu\u017ee a \u017eeny, kte\u0159\u00ed nevlastn\u00ed z\u00e1vodn\u00ed licenci \u010cSC. Ti dostanou mo\u017enost startovat vedle opravdov\u00fdch profesion\u00e1l\u016f, a \u010dek\u00e1 je tak zcela nev\u00eddan\u00fd z\u00e1\u017eitek. Snahou \u010cesk\u00e9ho svazu cyklistiky je i t\u00edmto zp\u016fsobem propojovat profesion\u00e1ln\u00ed cyklistiku s&nbsp;\u0161irokou ve\u0159ejnost\u00ed,<\/em>\u201d uvedl Petr Marek, prezident \u010cesk\u00e9ho svazu cyklistiky.<\/p>\n\n\n\n<p><em>\u201eJsme velice r\u00e1di, \u017ee z\u00e1jem o sportovn\u00ed kl\u00e1n\u00ed nepolevuje a t\u011b\u0161\u00ed n\u00e1s i stoupaj\u00edc\u00ed zapojen\u00ed \u017een. Sledujeme s nad\u0161en\u00edm rostouc\u00ed z\u00e1jem o z\u00e1vody, v r\u00e1mci nich\u017e se mohou k \u0159ad\u00e1m profesion\u00e1l\u016f p\u0159ipojit i z\u00e1stupci hobby cyklist\u016f. Sez\u00f3na je v pln\u00e9m proudu a tento \u0161ampion\u00e1t op\u011bt otev\u00edr\u00e1 p\u0159\u00edle\u017eitost za\u017e\u00edt n\u011bco nov\u00e9ho,\u201c<\/em>&nbsp;uv\u00e1d\u00ed jeden ze zakladatel\u016f a CEO ROUVY Petr Samek.<\/p>\n\n\n\n<p>\u0160KODA eM\u010cR se pojede na \u010d\u00e1sti trasy jarn\u00ed silni\u010dn\u00ed klasiky&nbsp;<a href=\"https:\/\/my.rouvy.com\/virtual-routes\/detail\/45459\">Velk\u00e1 B\u00edte\u0161-Brno-Velk\u00e1 B\u00edte\u0161<\/a>. Ve h\u0159e budou celkem t\u0159i mistrovsk\u00e9 dresy: mu\u017ei\/U23, junio\u0159i a \u017eeny\/juniorky.<\/p>\n\n\n\n<p>Celkem by m\u011blo p\u0159\u00edmo v&nbsp;Showroomu Auto Opat bojovat o tituly do 20 vybran\u00fdch z\u00e1vodn\u00edk\u016f. Pojedou na stejn\u00e9m typu trena\u017e\u00e9r\u016f, kter\u00e9 budou kalibrov\u00e1ny a nastaveny na p\u0159esn\u00e9 parametry hmotnosti nominovan\u00fdch, aby v\u0161e prob\u011bhlo podle pravidel UCI pro e-sport. Z\u00e1vod bude \u017eiv\u011b streamov\u00e1n na youtube kan\u00e1lu ROUVY a bude ho vys\u00edlat tak\u00e9 \u010cesk\u00e1 televize v&nbsp;r\u00e1mci HbbTV\/www vys\u00edl\u00e1n\u00ed.<\/p>\n\n\n\n<p><strong>P\u0159edpokl\u00e1dan\u00e1 startovn\u00ed listina:<\/strong><\/p>\n\n\n\n<p><strong>MU\u017dI ELITE\/U23<\/strong><\/p>\n\n\n\n<p>Petr V\u00e1vra, DUKLA Praha<\/p>\n\n\n\n<p>Jarom\u00edr Sk\u00e1la, ROUVY Specialized Cycling Team<\/p>\n\n\n\n<p>Vojt\u011bch \u0158epa, Equipo Kern Pharma<\/p>\n\n\n\n<p>Mathias Vacek, Czech National Team<\/p>\n\n\n\n<p>Turek Daniel, Felbermayr Simplon Wels<\/p>\n\n\n\n<p>Tom\u00e1\u0161 Obdr\u017e\u00e1lek, Elkov Kasper Czech Cycling Team<\/p>\n\n\n\n<p>Filip \u0158eha, Elkov Kasper Czech Cycling Team<\/p>\n\n\n\n<p><strong>JUNIO\u0158I&nbsp;&nbsp;&nbsp;&nbsp;&nbsp;&nbsp;&nbsp;&nbsp;&nbsp;&nbsp;&nbsp;&nbsp;&nbsp;&nbsp;&nbsp;&nbsp;&nbsp;&nbsp;&nbsp;&nbsp;<\/strong><\/p>\n\n\n\n<p>Milan Kadlec, DUKLA Praha<\/p>\n\n\n\n<p>Kobr Richard, Roman Kreuziger Cycling Academy<\/p>\n\n\n\n<p>\u0160tec Radovan, Tufo Pardus Prost\u011bjov<\/p>\n\n\n\n<p><strong>\u017dENY ELITE\/JUNIORKY&nbsp;&nbsp;&nbsp;&nbsp;&nbsp;&nbsp;&nbsp;&nbsp;&nbsp;&nbsp;&nbsp;&nbsp;&nbsp;&nbsp;&nbsp;&nbsp;&nbsp;&nbsp;&nbsp;&nbsp;&nbsp;&nbsp;&nbsp;&nbsp;&nbsp;&nbsp;&nbsp;&nbsp;&nbsp;&nbsp;&nbsp;&nbsp;&nbsp;&nbsp;&nbsp;&nbsp;&nbsp;&nbsp;&nbsp;&nbsp;&nbsp;&nbsp;<\/strong><\/p>\n\n\n\n<p>Eli\u0161ka Kvasni\u010dkov\u00e1, SportRaces Cycling Team<\/p>\n\n\n\n<p>Hanka Runtov\u00e1, DUKLA Praha<\/p>\n\n\n\n<p>Tereza Kadlecov\u00e1, SportRaces Cycling Team<\/p>\n\n\n\n<p>Patricie Srnsk\u00e1, DUKLA Praha<\/p>\n\n\n\n<p><strong>HOBBY<\/strong><\/p>\n\n\n\n<p>Ji\u0159\u00ed Petr, Salomon\/Suunto&nbsp;<\/p>\n\n\n\n<p>Eli\u0161ka Kleiberov\u00e1&nbsp;<\/p>\n\n\n\n<p><strong>Z\u00e1vodu se m\u016f\u017ee z\u00fa\u010dastnit ka\u017ed\u00fd u\u017eivatel s&nbsp;chytr\u00fdm trena\u017eerem a z\u00e1vodit tak spolu s hv\u011bzdami na stejn\u00e9 trati a ve stejn\u00fd \u010das, av\u0161ak profesion\u00e1lov\u00e9 budou m\u00edt sv\u00e9 vlastn\u00ed kategorie a v\u00fdsledky.<\/strong><\/p>\n\n\n\n<figure class=\"wp-block-image size-large\"><img loading=\"lazy\" decoding=\"async\" width=\"1024\" height=\"683\" src=\"https:\/\/www.czechcyclingfederation.com\/wp-content\/uploads\/2022\/03\/a66-1024x683.jpg\" alt=\"\" class=\"wp-image-11363\" srcset=\"https:\/\/www.czechcyclingfederation.com\/wp-content\/uploads\/2022\/03\/a66-1024x683.jpg 1024w, https:\/\/www.czechcyclingfederation.com\/wp-content\/uploads\/2022\/03\/a66-300x200.jpg 300w, https:\/\/www.czechcyclingfederation.com\/wp-content\/uploads\/2022\/03\/a66-768x512.jpg 768w, https:\/\/www.czechcyclingfederation.com\/wp-content\/uploads\/2022\/03\/a66-1536x1024.jpg 1536w, https:\/\/www.czechcyclingfederation.com\/wp-content\/uploads\/2022\/03\/a66-2048x1365.jpg 2048w, https:\/\/www.czechcyclingfederation.com\/wp-content\/uploads\/2022\/03\/a66-1320x880.jpg 1320w\" sizes=\"auto, (max-width: 1024px) 100vw, 1024px\" \/><\/figure>\n","protected":false},"excerpt":{"rendered":"<p>U\u017e podruh\u00e9 se na dom\u00e1c\u00ed sc\u00e9n\u011b bude bojovat o tituly ve virtu\u00e1ln\u00ed cyklistice na trena\u017eerech na platform\u011b ROUVY. \u0160KODA eM\u010cR 2022 se uskute\u010dn\u00ed u\u017e p\u0159\u00ed\u0161t\u00ed t\u00fdden, v \u00fater\u00fd 22. b\u0159ezna od 18 do 20 hodin v Showroomu AUTO OPAT v\u00a0Nupak\u00e1ch u Prahy. Startovn\u00ed listiny se teprve finalizuj\u00ed, ale u\u017e te\u010f je jist\u00e9, \u017ee se na [&hellip;]<\/p>\n","protected":false},"author":1,"featured_media":11364,"comment_status":"closed","ping_status":"open","sticky":false,"template":"","format":"standard","meta":{"footnotes":""},"categories":[2,1],"tags":[119],"class_list":["post-11362","post","type-post","status-publish","format-standard","has-post-thumbnail","hentry","category-novinky","category-uncategorized-cs","tag-csc"],"_links":{"self":[{"href":"https:\/\/www.czechcyclingfederation.com\/en\/wp-json\/wp\/v2\/posts\/11362","targetHints":{"allow":["GET"]}}],"collection":[{"href":"https:\/\/www.czechcyclingfederation.com\/en\/wp-json\/wp\/v2\/posts"}],"about":[{"href":"https:\/\/www.czechcyclingfederation.com\/en\/wp-json\/wp\/v2\/types\/post"}],"author":[{"embeddable":true,"href":"https:\/\/www.czechcyclingfederation.com\/en\/wp-json\/wp\/v2\/users\/1"}],"replies":[{"embeddable":true,"href":"https:\/\/www.czechcyclingfederation.com\/en\/wp-json\/wp\/v2\/comments?post=11362"}],"version-history":[{"count":3,"href":"https:\/\/www.czechcyclingfederation.com\/en\/wp-json\/wp\/v2\/posts\/11362\/revisions"}],"predecessor-version":[{"id":11369,"href":"https:\/\/www.czechcyclingfederation.com\/en\/wp-json\/wp\/v2\/posts\/11362\/revisions\/11369"}],"wp:featuredmedia":[{"embeddable":true,"href":"https:\/\/www.czechcyclingfederation.com\/en\/wp-json\/wp\/v2\/media\/11364"}],"wp:attachment":[{"href":"https:\/\/www.czechcyclingfederation.com\/en\/wp-json\/wp\/v2\/media?parent=11362"}],"wp:term":[{"taxonomy":"category","embeddable":true,"href":"https:\/\/www.czechcyclingfederation.com\/en\/wp-json\/wp\/v2\/categories?post=11362"},{"taxonomy":"post_tag","embeddable":true,"href":"https:\/\/www.czechcyclingfederation.com\/en\/wp-json\/wp\/v2\/tags?post=11362"}],"curies":[{"name":"wp","href":"https:\/\/api.w.org\/{rel}","templated":true}]}}