{"id":11356,"date":"2022-03-18T10:27:12","date_gmt":"2022-03-18T09:27:12","guid":{"rendered":"https:\/\/www.czechcyclingfederation.com\/?p=11356"},"modified":"2022-03-28T08:58:38","modified_gmt":"2022-03-28T06:58:38","slug":"veletrh-for-bikes-je-zpet-a-tento-rok-i-s-ucasti-csc","status":"publish","type":"post","link":"https:\/\/www.czechcyclingfederation.com\/en\/veletrh-for-bikes-je-zpet-a-tento-rok-i-s-ucasti-csc\/","title":{"rendered":"Veletrh FOR BIKES je zp\u011bt! A tento rok i s \u00fa\u010dast\u00ed \u010cSC!"},"content":{"rendered":"\n<p><strong>Cyklistick\u00fd veletrh FOR BIKES se po dvou letech vrac\u00ed na let\u0148ansk\u00e9 v\u00fdstavi\u0161t\u011b PVA EXPO PRAHA. Ve dnech 25. a\u017e 27. b\u0159ezna p\u0159edstav\u00ed novinky a trendy ze sv\u011bta kol a cyklistick\u00e9ho sortimentu od \u010desk\u00fdch a zahrani\u010dn\u00edch zna\u010dek. P\u0159ipraven je doprovodn\u00fd program i presti\u017en\u00ed MTB z\u00e1vody. Nenechte si uj\u00edt nejv\u011bt\u0161\u00ed setk\u00e1n\u00ed cyklistick\u00e9 komunity od profesion\u00e1l\u016f p\u0159es hobby cyklisty a\u017e po rodiny s&nbsp;d\u011btmi. <\/strong><\/p>\n\n\n\n<p>Veletrh FOR BIKES tradi\u010dn\u011b pat\u0159\u00ed mezi nejv\u00fdznamn\u011bj\u0161\u00ed ud\u00e1losti \u010desk\u00e9ho cyklistick\u00e9ho roku a tuzemsk\u00fdm i zahrani\u010dn\u00edm zna\u010dk\u00e1m umo\u017e\u0148uje osobn\u00ed setk\u00e1n\u00ed s&nbsp;prodejci i \u0161irokou ve\u0159ejnost\u00ed. N\u00e1v\u0161t\u011bvn\u00edci letos uvid\u00ed expozice s&nbsp;novinkami cyklo sortimentu na plo\u0161e v\u00edce ne\u017e 12&nbsp;000 \u010dtvere\u010dn\u00edch metr\u016f.&nbsp;<em>\u201eVeletrh FOR BIKES je nejv\u011bt\u0161\u00ed show pro v\u0161echny, kte\u0159\u00ed cyklistiku miluj\u00ed, zaj\u00edmaj\u00ed se o ni nebo by cht\u011bli za\u010d\u00edt. Krom\u011b nejnov\u011bj\u0161\u00edch trend\u016f, materi\u00e1l\u016f, kol a vybaven\u00ed od v\u011bt\u0161iny d\u016fle\u017eit\u00fdch sv\u011btov\u00fdch i dom\u00e1c\u00edch zna\u010dek tu najdete i \u0161pi\u010dkov\u00e9 odborn\u00edky a osobnosti, se kter\u00fdmi si m\u016f\u017eete promluvit a z\u00edskat od nich informace,\u201c<\/em>&nbsp;\u0159\u00edk\u00e1 ambasador veletrhu a paralympionik Ji\u0159\u00ed Je\u017eek.<\/p>\n\n\n\n<p>Na nejv\u011bt\u0161\u00edm cyklistick\u00e9m eventu bude prostor i pro osobn\u00ed setk\u00e1n\u00ed nebo z\u00edsk\u00e1n\u00ed autogramu od osobnost\u00ed (nejen) ze sv\u011bta kol. Potkat se mohou z\u00e1jemci nap\u0159\u00edklad s&nbsp;Danem Polmanem, kter\u00fd bude hovo\u0159it o ultracyklistice, nebo ambasadorem nov\u00e9 \u010desk\u00e9 zna\u010dky Levit Ond\u0159ejem Moravcem, jen\u017e bude vzpom\u00ednat na sv\u00e9 cyklistick\u00e9 za\u010d\u00e1tky.&nbsp;<\/p>\n\n\n\n<p>Sv\u016fj prostor na t\u00e9to akci bude m\u00edt i \u010cSC. Hlavn\u00edm c\u00edlem \u00fa\u010dasti je informov\u00e1n\u00ed \u0161irok\u00e9 ve\u0159ejnosti a p\u0159edev\u0161\u00edm pak rodi\u010d\u016f s d\u011btmi, jak za\u010d\u00edt s cyklistikou jako profi sportem, jak a kde je mo\u017enost se j\u00ed v\u011bnovat a zlep\u0161ovat se v n\u00ed. D\u00e1le zde \u010cesk\u00fd svaz cyklistiky v p\u00e1tek od 12:30 na hlavn\u00edm podiu p\u0159edstav\u00ed sv\u016fj nov\u00fd projekt pod n\u00e1zvem &#8220;implementace elektromobility do vozov\u00e9ho parku \u010cSC&#8221;.<\/p>\n\n\n\n<p>Pro d\u011bti i dosp\u011bl\u00e9 je na akci p\u0159ipraven doprovodn\u00fd program v&nbsp;podob\u011b premi\u00e9rov\u00e9ho testov\u00e1n\u00ed d\u011btsk\u00fdch kol v\u010detn\u011b edukace na pumptracku nebo d\u011btsk\u00e9 dopravn\u00ed h\u0159i\u0161t\u011b. K&nbsp;dispozici bude tak\u00e9 zcela p\u0159epracovan\u00e1 testovac\u00ed dr\u00e1ha pro elektrokola. Programem veletrhu provede hlas Jana Valenty z&nbsp;VSA Xtreme.<\/p>\n\n\n\n<p>Profesion\u00e1lov\u00e9 i z\u00e1vodn\u00edci z&nbsp;\u0159ad \u0161irok\u00e9 ve\u0159ejnosti si mohou zm\u011b\u0159it s\u00edly v&nbsp;r\u00e1mci MTB z\u00e1vodu, kter\u00fd v&nbsp;Let\u0148anech prob\u011bhne pod taktovkou organiz\u00e1tor\u016f veletrhu. Na n\u00e1v\u0161t\u011bvn\u00edky \u010dek\u00e1 nav\u00edc sout\u011b\u017e o voucher v&nbsp;hodnot\u011b 20&nbsp;000 korun na cyklistick\u00fd z\u00e1jezd od CK Adventura podle vlastn\u00edho v\u00fdb\u011bru.&nbsp;<strong>V\u00edce informac\u00ed na&nbsp;<a href=\"http:\/\/www.forbikes.cz\/\">www.forbikes.cz<\/a>.<\/strong><\/p>\n\n\n\n<figure class=\"wp-block-image size-large\"><img loading=\"lazy\" decoding=\"async\" width=\"960\" height=\"220\" src=\"https:\/\/www.czechcyclingfederation.com\/wp-content\/uploads\/2022\/03\/BIKES_22_960x220px-1.jpg\" alt=\"\" class=\"wp-image-11359\" srcset=\"https:\/\/www.czechcyclingfederation.com\/wp-content\/uploads\/2022\/03\/BIKES_22_960x220px-1.jpg 960w, https:\/\/www.czechcyclingfederation.com\/wp-content\/uploads\/2022\/03\/BIKES_22_960x220px-1-300x69.jpg 300w, https:\/\/www.czechcyclingfederation.com\/wp-content\/uploads\/2022\/03\/BIKES_22_960x220px-1-768x176.jpg 768w\" sizes=\"auto, (max-width: 960px) 100vw, 960px\" \/><\/figure>\n","protected":false},"excerpt":{"rendered":"<p>Cyklistick\u00fd veletrh FOR BIKES se po dvou letech vrac\u00ed na let\u0148ansk\u00e9 v\u00fdstavi\u0161t\u011b PVA EXPO PRAHA. Ve dnech 25. a\u017e 27. b\u0159ezna p\u0159edstav\u00ed novinky a trendy ze sv\u011bta kol a cyklistick\u00e9ho sortimentu od \u010desk\u00fdch a zahrani\u010dn\u00edch zna\u010dek. P\u0159ipraven je doprovodn\u00fd program i presti\u017en\u00ed MTB z\u00e1vody. Nenechte si uj\u00edt nejv\u011bt\u0161\u00ed setk\u00e1n\u00ed cyklistick\u00e9 komunity od profesion\u00e1l\u016f p\u0159es hobby [&hellip;]<\/p>\n","protected":false},"author":1,"featured_media":11360,"comment_status":"closed","ping_status":"open","sticky":false,"template":"","format":"standard","meta":{"footnotes":""},"categories":[2,1],"tags":[119],"class_list":["post-11356","post","type-post","status-publish","format-standard","has-post-thumbnail","hentry","category-novinky","category-uncategorized-cs","tag-csc"],"_links":{"self":[{"href":"https:\/\/www.czechcyclingfederation.com\/en\/wp-json\/wp\/v2\/posts\/11356","targetHints":{"allow":["GET"]}}],"collection":[{"href":"https:\/\/www.czechcyclingfederation.com\/en\/wp-json\/wp\/v2\/posts"}],"about":[{"href":"https:\/\/www.czechcyclingfederation.com\/en\/wp-json\/wp\/v2\/types\/post"}],"author":[{"embeddable":true,"href":"https:\/\/www.czechcyclingfederation.com\/en\/wp-json\/wp\/v2\/users\/1"}],"replies":[{"embeddable":true,"href":"https:\/\/www.czechcyclingfederation.com\/en\/wp-json\/wp\/v2\/comments?post=11356"}],"version-history":[{"count":3,"href":"https:\/\/www.czechcyclingfederation.com\/en\/wp-json\/wp\/v2\/posts\/11356\/revisions"}],"predecessor-version":[{"id":11376,"href":"https:\/\/www.czechcyclingfederation.com\/en\/wp-json\/wp\/v2\/posts\/11356\/revisions\/11376"}],"wp:featuredmedia":[{"embeddable":true,"href":"https:\/\/www.czechcyclingfederation.com\/en\/wp-json\/wp\/v2\/media\/11360"}],"wp:attachment":[{"href":"https:\/\/www.czechcyclingfederation.com\/en\/wp-json\/wp\/v2\/media?parent=11356"}],"wp:term":[{"taxonomy":"category","embeddable":true,"href":"https:\/\/www.czechcyclingfederation.com\/en\/wp-json\/wp\/v2\/categories?post=11356"},{"taxonomy":"post_tag","embeddable":true,"href":"https:\/\/www.czechcyclingfederation.com\/en\/wp-json\/wp\/v2\/tags?post=11356"}],"curies":[{"name":"wp","href":"https:\/\/api.w.org\/{rel}","templated":true}]}}