{"id":11324,"date":"2022-03-15T10:12:56","date_gmt":"2022-03-15T09:12:56","guid":{"rendered":"https:\/\/www.czechcyclingfederation.com\/?p=11324"},"modified":"2022-03-15T11:45:48","modified_gmt":"2022-03-15T10:45:48","slug":"silnicni-sezona-startuje-tradicni-bitesi","status":"publish","type":"post","link":"https:\/\/www.czechcyclingfederation.com\/en\/silnicni-sezona-startuje-tradicni-bitesi\/","title":{"rendered":"Silni\u010dn\u00ed sezona startuje tradi\u010dn\u00ed B\u00edte\u0161\u00ed"},"content":{"rendered":"\n<p>Po\u010das\u00ed zat\u00edm silni\u010dn\u00edm cyklist\u016fm p\u0159eje, a tak se v\u0161ichni ji\u017e t\u011b\u0161\u00ed na ned\u011bli 27. b\u0159ezna kdy \u00favodn\u00edm z\u00e1vodem odstartuje leto\u0161n\u00ed \u0160KODA CUPU 2022. A jak jinak ne\u017e tradi\u010dn\u00edm podnikem Velk\u00e1 B\u00edte\u0161 &#8211; Brno &#8211; Velk\u00e1 B\u00edte\u0161.<\/p>\n\n\n\n<p>\u010cesk\u00e1 jarn\u00ed klasika se pojede ji\u017e po \u0161esta\u010dty\u0159ic\u00e1t\u00e9 a krom\u011b n\u00ed jsou v&nbsp;kalend\u00e1\u0159i nejpresti\u017en\u011bj\u0161\u00edho dom\u00e1c\u00edho seri\u00e1lu silni\u010d\u00e1\u0159\u016f dal\u0161\u00ed \u010dty\u0159i z\u00e1vody.<\/p>\n\n\n\n<p>\u010cesk\u00fd poh\u00e1r mu\u017e\u016f \u0160KODA CUP 2022 je celoro\u010dn\u00ed sout\u011b\u017e vypsan\u00e1 pro kategorie ELITE, U23 a vybran\u00e9 juniory (s povolen\u00edm \u010cSC dle sm\u011brnice o st\u0159\u00eddav\u00e9m startu). Sout\u011b\u017e se skl\u00e1d\u00e1 z p\u011bti silni\u010dn\u00edch z\u00e1vod\u016f, do celkov\u00e9ho po\u0159ad\u00ed se zapo\u010d\u00edt\u00e1vaj\u00ed v\u0161echny z\u00e1vody.<\/p>\n\n\n\n<p>Sout\u011b\u017eit se bude op\u011bt o t\u0159i trikoty &#8211; zelen\u00fd pro nejlep\u0161\u00edho jezdce celkov\u00e9 klasifikace, \u010derven\u00fd pro nejlep\u0161\u00edho jezdce kategorie U23 a b\u00edl\u00fd ur\u010den\u00fd pro nejlep\u0161\u00edho nov\u00e1\u010dka.<\/p>\n\n\n\n<p>Program \u0160KODA CUPU 2022:<\/p>\n\n\n\n<p>27. b\u0159ezna: Velk\u00e1 B\u00edte\u0161 &#8211; Brno &#8211; Velk\u00e1 B\u00edte\u0161<\/p>\n\n\n\n<p>15. kv\u011btna: Kyjovsk\u00e9 Slov\u00e1cko<\/p>\n\n\n\n<p>9. \u010dervence: Brno &#8211; Mikulov &#8211; Brno<\/p>\n\n\n\n<p>4. z\u00e1\u0159\u00ed: Hrabyn\u011b u Ostravy<\/p>\n\n\n\n<p>24. z\u00e1\u0159\u00ed: Mlad\u00e1 Boleslav.<\/p>\n\n\n\n<figure class=\"wp-block-image size-large\"><img decoding=\"async\" src=\"blob:https:\/\/www.czechcyclingfederation.com\/ab14341d-36b6-439d-b96b-3a61733f05b5\" alt=\"\"\/><\/figure>\n\n\n\n<p><\/p>\n","protected":false},"excerpt":{"rendered":"<p>Po\u010das\u00ed zat\u00edm silni\u010dn\u00edm cyklist\u016fm p\u0159eje, a tak se v\u0161ichni ji\u017e t\u011b\u0161\u00ed na ned\u011bli 27. b\u0159ezna kdy \u00favodn\u00edm z\u00e1vodem odstartuje leto\u0161n\u00ed \u0160KODA CUPU 2022. A jak jinak ne\u017e tradi\u010dn\u00edm podnikem Velk\u00e1 B\u00edte\u0161 &#8211; Brno &#8211; Velk\u00e1 B\u00edte\u0161. \u010cesk\u00e1 jarn\u00ed klasika se pojede ji\u017e po \u0161esta\u010dty\u0159ic\u00e1t\u00e9 a krom\u011b n\u00ed jsou v&nbsp;kalend\u00e1\u0159i nejpresti\u017en\u011bj\u0161\u00edho dom\u00e1c\u00edho seri\u00e1lu silni\u010d\u00e1\u0159\u016f dal\u0161\u00ed \u010dty\u0159i [&hellip;]<\/p>\n","protected":false},"author":8,"featured_media":11330,"comment_status":"closed","ping_status":"open","sticky":false,"template":"","format":"standard","meta":{"footnotes":""},"categories":[2,18],"tags":[11],"class_list":["post-11324","post","type-post","status-publish","format-standard","has-post-thumbnail","hentry","category-novinky","category-silnice","tag-silnice"],"_links":{"self":[{"href":"https:\/\/www.czechcyclingfederation.com\/en\/wp-json\/wp\/v2\/posts\/11324","targetHints":{"allow":["GET"]}}],"collection":[{"href":"https:\/\/www.czechcyclingfederation.com\/en\/wp-json\/wp\/v2\/posts"}],"about":[{"href":"https:\/\/www.czechcyclingfederation.com\/en\/wp-json\/wp\/v2\/types\/post"}],"author":[{"embeddable":true,"href":"https:\/\/www.czechcyclingfederation.com\/en\/wp-json\/wp\/v2\/users\/8"}],"replies":[{"embeddable":true,"href":"https:\/\/www.czechcyclingfederation.com\/en\/wp-json\/wp\/v2\/comments?post=11324"}],"version-history":[{"count":4,"href":"https:\/\/www.czechcyclingfederation.com\/en\/wp-json\/wp\/v2\/posts\/11324\/revisions"}],"predecessor-version":[{"id":11339,"href":"https:\/\/www.czechcyclingfederation.com\/en\/wp-json\/wp\/v2\/posts\/11324\/revisions\/11339"}],"wp:featuredmedia":[{"embeddable":true,"href":"https:\/\/www.czechcyclingfederation.com\/en\/wp-json\/wp\/v2\/media\/11330"}],"wp:attachment":[{"href":"https:\/\/www.czechcyclingfederation.com\/en\/wp-json\/wp\/v2\/media?parent=11324"}],"wp:term":[{"taxonomy":"category","embeddable":true,"href":"https:\/\/www.czechcyclingfederation.com\/en\/wp-json\/wp\/v2\/categories?post=11324"},{"taxonomy":"post_tag","embeddable":true,"href":"https:\/\/www.czechcyclingfederation.com\/en\/wp-json\/wp\/v2\/tags?post=11324"}],"curies":[{"name":"wp","href":"https:\/\/api.w.org\/{rel}","templated":true}]}}