{"id":1132,"date":"2020-07-01T08:20:40","date_gmt":"2020-07-01T06:20:40","guid":{"rendered":"http:\/\/www.czechcyclingfederation.com\/?p=1132"},"modified":"2020-07-16T13:40:44","modified_gmt":"2020-07-16T11:40:44","slug":"sevcikova-vyhrala-dalsi-dil-ceskeho-poharu-na-draze","status":"publish","type":"post","link":"https:\/\/www.czechcyclingfederation.com\/en\/sevcikova-vyhrala-dalsi-dil-ceskeho-poharu-na-draze\/","title":{"rendered":"\u0160ev\u010d\u00edkov\u00e1 vyhr\u00e1la dal\u0161\u00ed d\u00edl \u010cesk\u00e9ho poh\u00e1ru na dr\u00e1ze"},"content":{"rendered":"\n<p>Petra \u0160ev\u010d\u00edkov\u00e1 vybojovala i druh\u00fd den z\u00e1vod\u016f \u010cesk\u00e9ho poh\u00e1ru na dr\u00e1ze v Prost\u011bjov\u011b prvenstv\u00ed v omniu. V z\u00e1vod\u011b \u017een za n\u00ed skon\u010dily klubov\u00e9 kolegyn\u011b Jarmila Macha\u010dov\u00e1 a Kate\u0159ina Kohoutkov\u00e1.<\/p>\n\n\n\n<p>V z\u00e1vodech ml\u00e1de\u017ee se k dvojici nej\u00fasp\u011b\u0161n\u011bj\u0161\u00edch t\u00fdm\u016f Dukly Praha a TUFO Pardus Prost\u011bjov v sobotu p\u0159idali z\u00e1vodn\u00edci TJ Favoritu Brno, kte\u0159\u00ed p\u011btkr\u00e1t vystoupili na stupn\u011b v\u00edt\u011bz\u016f, stejn\u011b jako dva jmenovan\u00e9 t\u00fdmy.<\/p>\n\n\n\n<p>Na prost\u011bjovsk\u00e9m ov\u00e1lu tentokr\u00e1t krou\u017eili i mu\u017ei ve dvou vlo\u017een\u00fdch z\u00e1vodech a nejl\u00e9pe si vedl &#8220;t\u0159iadvac\u00edtk\u00e1\u0159&#8221; Petr Kelemen (CCC Development Team), kter\u00fd vyhr\u00e1l scratch a v bodovac\u00edm z\u00e1vodu obsadil druh\u00e9 m\u00edsto za dal\u0161\u00edm jezdcem U23 Danielem Baborem z TUFO Pardus Prost\u011bjov.<\/p>\n\n\n\n<p>V\u00fdsledky \u010cP v omniu:<\/p>\n\n\n\n<p>\u017d\u00e1kyn\u011b:<\/p>\n\n\n\n<p>1. Lazarov\u00e1 128, 2. Mikul\u00e1\u0161kov\u00e1 (ob\u011b TJ Favorit Brno) 119, 3. Strakat\u00e1 (Dukla Praha) 104.<\/p>\n\n\n\n<p>Mlad\u0161\u00ed \u017e\u00e1ci:<\/p>\n\n\n\n<p>1. \u017duf\u00e1nek (CK Dacom Pharma Kyjov) 117, 2. Lipenk\u00fd (TUFO Pardus Prost\u011bjov) 98, 3. Hub\u00e1\u010dek (TJ Favorit Brno) 82.<\/p>\n\n\n\n<p>Star\u0161\u00ed \u017e\u00e1ci:<\/p>\n\n\n\n<p>1. Bittman (KOVO Praha) 125, 2. Poda\u0159il (Dukla Praha) 121, 3. Vavro (TJ Favorit Brno) 111.<\/p>\n\n\n\n<p>Juniorky:<\/p>\n\n\n\n<p>1. B\u00e1rtov\u00e1 (TUFO Pardus Prost\u011bjov) 134, 2. Hejhalov\u00e1 (Dukla Praha) 117, 3. Parmov\u00e1 (TJ Stadion Louny) 42.<\/p>\n\n\n\n<p>Kadetky:<\/p>\n\n\n\n<p>1. M\u00fcllerov\u00e1 (TUFO Pardus Prost\u011bjov) 127, 2. Peterkov\u00e1 (Roman Kreuziger Cycling Academy) 105, 3. Runtov\u00e1 (SportRaces Cycling Team) 103.<\/p>\n\n\n\n<p>Kadeti:<\/p>\n\n\n\n<p>1. Rich. Kobr (TJ Lokomotiva Beroun) 131, 2. \u0160tec 121, 3. Kobl\u00ed\u017eek (oba TUFO Pardus Prost\u011bjov) 102.<\/p>\n\n\n\n<p>Junio\u0159i:<\/p>\n\n\n\n<p>1.\u010cepek 143, 2. V\u00e1vra (oba Dukla Praha) 142, 3. \u0160irok\u00fd (TJ Favorit Brno) 133.<\/p>\n\n\n\n<p>\u017deny:<\/p>\n\n\n\n<p>1. \u0160ev\u010d\u00edkov\u00e1 109, 2. Macha\u010dov\u00e1 88, 3. Kohoutkov\u00e1 (v\u0161echny Dukla Praha) 69.<\/p>\n\n\n\n<p>Mu\u017ei &#8211; vlo\u017een\u00e9 z\u00e1vody:<\/p>\n\n\n\n<p>Scratch:<\/p>\n\n\n\n<p>1. Petr Kelemen (CCC Development Team), 2. Kraus, 3. Pietruls (oba Dukla Praha), 4. Kromoser (Rak.), 5. Jano\u0161 (Dukla Praha), 6. \u0158eha (TUFO Pardus Prost\u011bjov).<\/p>\n\n\n\n<p>Bodovac\u00ed z\u00e1vod:<\/p>\n\n\n\n<p>1. Babor (TUFO Pardus Prost\u011bjov) 69, 2. Petr Kelemen 58, 3. Pietrula 53, 4. Rugovac (Sparta Praha) 52, 5. B\u00e1rta (TUFO Pardus Prost\u011bjov) 31, 6. Kromoser 30.<\/p>\n\n\n\n<figure class=\"wp-block-gallery columns-1 is-cropped wp-block-gallery-1 is-layout-flex wp-block-gallery-is-layout-flex\"><ul class=\"blocks-gallery-grid\"><li class=\"blocks-gallery-item\"><figure><img loading=\"lazy\" decoding=\"async\" width=\"1024\" height=\"461\" src=\"https:\/\/www.czechcyclingfederation.com\/wp-content\/uploads\/2020\/07\/5345-1024x461.jpg\" alt=\"\" data-id=\"1133\" data-full-url=\"https:\/\/www.czechcyclingfederation.com\/wp-content\/uploads\/2020\/07\/5345.jpg\" data-link=\"https:\/\/www.czechcyclingfederation.com\/?attachment_id=1133\" class=\"wp-image-1133\" srcset=\"https:\/\/www.czechcyclingfederation.com\/wp-content\/uploads\/2020\/07\/5345-1024x461.jpg 1024w, https:\/\/www.czechcyclingfederation.com\/wp-content\/uploads\/2020\/07\/5345-300x135.jpg 300w, https:\/\/www.czechcyclingfederation.com\/wp-content\/uploads\/2020\/07\/5345-768x346.jpg 768w, https:\/\/www.czechcyclingfederation.com\/wp-content\/uploads\/2020\/07\/5345.jpg 1200w\" sizes=\"auto, (max-width: 1024px) 100vw, 1024px\" \/><\/figure><\/li><\/ul><\/figure>\n","protected":false},"excerpt":{"rendered":"<p>Petra \u0160ev\u010d\u00edkov\u00e1 vybojovala i druh\u00fd den z\u00e1vod\u016f \u010cesk\u00e9ho poh\u00e1ru na dr\u00e1ze v Prost\u011bjov\u011b prvenstv\u00ed v omniu. V z\u00e1vod\u011b \u017een za n\u00ed skon\u010dily klubov\u00e9 kolegyn\u011b Jarmila Macha\u010dov\u00e1 a Kate\u0159ina Kohoutkov\u00e1. V z\u00e1vodech ml\u00e1de\u017ee se k dvojici nej\u00fasp\u011b\u0161n\u011bj\u0161\u00edch t\u00fdm\u016f Dukly Praha a TUFO Pardus Prost\u011bjov v sobotu p\u0159idali z\u00e1vodn\u00edci TJ Favoritu Brno, kte\u0159\u00ed p\u011btkr\u00e1t vystoupili na stupn\u011b [&hellip;]<\/p>\n","protected":false},"author":2,"featured_media":1133,"comment_status":"closed","ping_status":"open","sticky":false,"template":"","format":"standard","meta":{"footnotes":""},"categories":[54],"tags":[9],"class_list":["post-1132","post","type-post","status-publish","format-standard","has-post-thumbnail","hentry","category-draha","tag-draha"],"_links":{"self":[{"href":"https:\/\/www.czechcyclingfederation.com\/en\/wp-json\/wp\/v2\/posts\/1132","targetHints":{"allow":["GET"]}}],"collection":[{"href":"https:\/\/www.czechcyclingfederation.com\/en\/wp-json\/wp\/v2\/posts"}],"about":[{"href":"https:\/\/www.czechcyclingfederation.com\/en\/wp-json\/wp\/v2\/types\/post"}],"author":[{"embeddable":true,"href":"https:\/\/www.czechcyclingfederation.com\/en\/wp-json\/wp\/v2\/users\/2"}],"replies":[{"embeddable":true,"href":"https:\/\/www.czechcyclingfederation.com\/en\/wp-json\/wp\/v2\/comments?post=1132"}],"version-history":[{"count":1,"href":"https:\/\/www.czechcyclingfederation.com\/en\/wp-json\/wp\/v2\/posts\/1132\/revisions"}],"predecessor-version":[{"id":1134,"href":"https:\/\/www.czechcyclingfederation.com\/en\/wp-json\/wp\/v2\/posts\/1132\/revisions\/1134"}],"wp:featuredmedia":[{"embeddable":true,"href":"https:\/\/www.czechcyclingfederation.com\/en\/wp-json\/wp\/v2\/media\/1133"}],"wp:attachment":[{"href":"https:\/\/www.czechcyclingfederation.com\/en\/wp-json\/wp\/v2\/media?parent=1132"}],"wp:term":[{"taxonomy":"category","embeddable":true,"href":"https:\/\/www.czechcyclingfederation.com\/en\/wp-json\/wp\/v2\/categories?post=1132"},{"taxonomy":"post_tag","embeddable":true,"href":"https:\/\/www.czechcyclingfederation.com\/en\/wp-json\/wp\/v2\/tags?post=1132"}],"curies":[{"name":"wp","href":"https:\/\/api.w.org\/{rel}","templated":true}]}}