{"id":11298,"date":"2022-03-08T21:53:56","date_gmt":"2022-03-08T20:53:56","guid":{"rendered":"https:\/\/www.czechcyclingfederation.com\/?p=11298"},"modified":"2022-03-17T14:56:50","modified_gmt":"2022-03-17T13:56:50","slug":"canecky-ovladl-gp-madarska-a-je-i-celkovym-vitezem-visegrad-4-e-cup","status":"publish","type":"post","link":"https:\/\/www.czechcyclingfederation.com\/en\/canecky-ovladl-gp-madarska-a-je-i-celkovym-vitezem-visegrad-4-e-cup\/","title":{"rendered":"\u010caneck\u00fd ovl\u00e1dl GP Ma\u010farska a je i celkov\u00fdm v\u00edt\u011bzem Visegrad 4 e-CUP"},"content":{"rendered":"\n<p>Slov\u00e1k Marek \u010caneck\u00fd z&nbsp;t\u00fdmu BRS Technology &#8211; Kaktus bike vyhr\u00e1l t\u011bsn\u011b \u010dtvrt\u00fd d\u00edl seri\u00e1lu virtu\u00e1ln\u00edch cyklistick\u00fdch z\u00e1vod\u016f Visegrad 4 e-CUP, kter\u00fdm byla GP Ma\u010farska. V&nbsp;dramatick\u00e9m souboji porazil \u010desk\u00e9 duo Tom\u00e1\u0161 Obdr\u017e\u00e1lek, Mathias Vacek, a stal se i celkov\u00fdm v\u00edt\u011bzem.<\/p>\n\n\n\n<p>Virtu\u00e1ln\u00ed GP Ma\u010farska byla pro milovn\u00edky virtu\u00e1ln\u00edch z\u00e1vod\u016f na platform\u011b Rouvy skute\u010dn\u00fdm bonb\u00f3nkem, proto\u017ee \u0161lo v&nbsp;podstat\u011b o horskou \u010dasovku na dob\u0159e zn\u00e1m\u00fd vrchol Col du Aubisque, druh\u00fd nej\u010dast\u011bji za\u0159azovan\u00fd kopec do programu Tour de France hned za Toumaletem.<\/p>\n\n\n\n<p>Cyklisty \u010dekalo na trena\u017eeru 16,6 km s&nbsp;p\u0159ev\u00fd\u0161en\u00edm 1183 metr\u016f, vrchol kopce je v&nbsp;nadmo\u0159sk\u00e9 v\u00fd\u0161ce 1712 metr\u016f. \u201eJe to neust\u00e1le do kopce. Nen\u00ed tam jedin\u00e9 m\u00edsto, kde by se dalo vydechnout,\u201c \u0159ekl ke stoup\u00e1n\u00ed b\u00fdval\u00fd z\u00e1vodn\u00edk a dnes cyklistick\u00fd koment\u00e1tor Martin Ha\u010deck\u00fd.<\/p>\n\n\n\n<p>Pozd\u011bj\u0161\u00ed v\u00edt\u011bz \u010caneck\u00fd si na t\u011b\u017ek\u00e9 trati p\u0159\u00edli\u0161 nev\u011b\u0159il. \u201eNejsem zrovna vrcha\u0159, kter\u00fd by si v&nbsp;takov\u00e9m profilu liboval. Ale nic nevzd\u00e1v\u00e1m a budu bojovat do posledn\u00edho metru,\u201c sl\u00edbil p\u0159ed z\u00e1vodem a sv\u016fj slib do punt\u00edku dodr\u017eel.<\/p>\n\n\n\n<p>Trojn\u00e1sobn\u00fd slovensk\u00fd mistr v&nbsp;\u010dasovce a \u010derstv\u00fd mistr sv\u00e9 zem\u011b ve virtu\u00e1ln\u00edch z\u00e1vodech se skoro celou dobu dr\u017eel v&nbsp;\u010deln\u00ed skupin\u011b a v&nbsp;z\u00e1v\u011bru skv\u011ble na\u010dasoval atak. Uk\u00e1zal, \u017ee m\u00e1 s&nbsp;virtu\u00e1ln\u00edm z\u00e1vod\u011bn\u00edm z&nbsp;vedouc\u00ed trojice nejv\u00edce zku\u0161enost\u00ed a v&nbsp;posledn\u00edch metrech se p\u0159ehnal p\u0159es \u010deskou dvojici Tom\u00e1\u0161 Obdr\u017e\u00e1lek, Mathias Vacek. Nejlep\u0161\u00ed t\u0159i od sebe d\u011blilo pouze 1,4 sekundy.<\/p>\n\n\n\n<p>Ji\u017e jist\u00fdm v\u00edt\u011bzem kategorie junior\u016f byl p\u0159ed z\u00e1vodem Milan Kadlec z&nbsp;Dukly Praha, kter\u00fd ve druh\u00e9 polovin\u011b trochu ztratil, ale kategorii junior\u016f na GP Ma\u010farska i tak vyhr\u00e1l a celkov\u011b skon\u010dil \u0161est\u00fd.<\/p>\n\n\n\n<p>Mezi \u017eenami triumfovala Nela Slan\u00edkov\u00e1 z&nbsp;Roman Kreuziger Cycling Academy p\u0159ed krajankou Eli\u0161kou Kvasni\u010dkovou (SportRaces). V\u00edt\u011bzka p\u0159edchoz\u00edch t\u0159\u00ed z\u00e1vod\u016f Kana\u010fanka Stephanie Briggsov\u00e1 nestartovala, ale proto\u017ee se do celkov\u00e9ho po\u0159ad\u00ed po\u010d\u00edtaly t\u0159i nejlep\u0161\u00ed v\u00fdsledky, nemohlo ji celkov\u00e9 prvenstv\u00ed uniknout. Kvasni\u010dkov\u00e1 byla jako nejlep\u0161\u00ed \u010ce\u0161ka celkov\u011b druh\u00e1.<\/p>\n\n\n\n<p><strong>V\u00fdsledky GP Ma\u010farska&nbsp;<\/strong>(16,6 km)<\/p>\n\n\n\n<p><strong>Mu\u017ei:&nbsp;<\/strong>1. \u010caneck\u00fd (SR\/BRS Kaktus Bike) 48:20, 2. Obdr\u017e\u00e1lek (Elkov Kasper), 3. M. Vacek (\u010cR) oba -1 s.&nbsp;<\/p>\n\n\n\n<p><strong>Kone\u010dn\u00e9 po\u0159ad\u00ed:<\/strong>&nbsp;1. \u010caneck\u00fd 2997 b., 2. Sou\u0161ek (CK Vinohradsk\u00e9 \u0160lapky) 2987, 3. Hrdina (NeXT ESPORT p\/b ENSHORED) 2986.<\/p>\n\n\n\n<p><strong>\u017deny:&nbsp;<\/strong>1. Slan\u00edkov\u00e1 (Roman Kreuziger Cycling Academy) 59:20, 2. Kvasni\u010dkov\u00e1 (SportRaces) -1:21 min., 3. Kleiberov\u00e1 (\u010cR) -2:50.<\/p>\n\n\n\n<p><strong>Kone\u010dn\u00e9 po\u0159ad\u00ed:&nbsp;<\/strong>1. Briggsov\u00e1 (Kan.) 3000 b., 2. Kvasni\u010dkov\u00e1 2995, 3. Hud\u00e1kov\u00e1 (SR) 2985.<\/p>\n\n\n\n<figure class=\"wp-block-embed is-type-video is-provider-youtube wp-block-embed-youtube wp-embed-aspect-16-9 wp-has-aspect-ratio\"><div class=\"wp-block-embed__wrapper\">\n<iframe loading=\"lazy\" title=\"Visegrad 4 e-CUP 2022 | Recap\" width=\"500\" height=\"281\" src=\"https:\/\/www.youtube.com\/embed\/OgLbxz95uKc?feature=oembed\" frameborder=\"0\" allow=\"accelerometer; autoplay; clipboard-write; encrypted-media; gyroscope; picture-in-picture; web-share\" referrerpolicy=\"strict-origin-when-cross-origin\" allowfullscreen><\/iframe>\n<\/div><\/figure>\n\n\n\n<figure class=\"wp-block-embed is-type-video is-provider-youtube wp-block-embed-youtube wp-embed-aspect-16-9 wp-has-aspect-ratio\"><div class=\"wp-block-embed__wrapper\">\n<iframe loading=\"lazy\" title=\"Visegrad 4 e-CUP | Hungary\" width=\"500\" height=\"281\" src=\"https:\/\/www.youtube.com\/embed\/j4m09ZOK0hM?feature=oembed\" frameborder=\"0\" allow=\"accelerometer; autoplay; clipboard-write; encrypted-media; gyroscope; picture-in-picture; web-share\" referrerpolicy=\"strict-origin-when-cross-origin\" allowfullscreen><\/iframe>\n<\/div><figcaption>Z\u00e1znam z\u00e1vodu V4 eCUP 2022 GP Ma\u010farska<\/figcaption><\/figure>\n\n\n\n<figure class=\"wp-block-image size-large\"><img loading=\"lazy\" decoding=\"async\" width=\"1024\" height=\"509\" src=\"https:\/\/www.czechcyclingfederation.com\/wp-content\/uploads\/2022\/03\/Snimek-obrazovky-2022-03-08-v-21.26.39-1024x509.png\" alt=\"\" class=\"wp-image-11299\" srcset=\"https:\/\/www.czechcyclingfederation.com\/wp-content\/uploads\/2022\/03\/Snimek-obrazovky-2022-03-08-v-21.26.39-1024x509.png 1024w, https:\/\/www.czechcyclingfederation.com\/wp-content\/uploads\/2022\/03\/Snimek-obrazovky-2022-03-08-v-21.26.39-300x149.png 300w, https:\/\/www.czechcyclingfederation.com\/wp-content\/uploads\/2022\/03\/Snimek-obrazovky-2022-03-08-v-21.26.39-768x382.png 768w, https:\/\/www.czechcyclingfederation.com\/wp-content\/uploads\/2022\/03\/Snimek-obrazovky-2022-03-08-v-21.26.39-1536x764.png 1536w, https:\/\/www.czechcyclingfederation.com\/wp-content\/uploads\/2022\/03\/Snimek-obrazovky-2022-03-08-v-21.26.39-1320x657.png 1320w, https:\/\/www.czechcyclingfederation.com\/wp-content\/uploads\/2022\/03\/Snimek-obrazovky-2022-03-08-v-21.26.39.png 1616w\" sizes=\"auto, (max-width: 1024px) 100vw, 1024px\" \/><\/figure>\n\n\n","protected":false},"excerpt":{"rendered":"<p>Slov\u00e1k Marek \u010caneck\u00fd z&nbsp;t\u00fdmu BRS Technology &#8211; Kaktus bike vyhr\u00e1l t\u011bsn\u011b \u010dtvrt\u00fd d\u00edl seri\u00e1lu virtu\u00e1ln\u00edch cyklistick\u00fdch z\u00e1vod\u016f Visegrad 4 e-CUP, kter\u00fdm byla GP Ma\u010farska. V&nbsp;dramatick\u00e9m souboji porazil \u010desk\u00e9 duo Tom\u00e1\u0161 Obdr\u017e\u00e1lek, Mathias Vacek, a stal se i celkov\u00fdm v\u00edt\u011bzem. Virtu\u00e1ln\u00ed GP Ma\u010farska byla pro milovn\u00edky virtu\u00e1ln\u00edch z\u00e1vod\u016f na platform\u011b Rouvy skute\u010dn\u00fdm bonb\u00f3nkem, proto\u017ee \u0161lo v&nbsp;podstat\u011b [&hellip;]<\/p>\n","protected":false},"author":15,"featured_media":11300,"comment_status":"closed","ping_status":"open","sticky":false,"template":"","format":"standard","meta":{"footnotes":""},"categories":[2],"tags":[119],"class_list":["post-11298","post","type-post","status-publish","format-standard","has-post-thumbnail","hentry","category-novinky","tag-csc"],"_links":{"self":[{"href":"https:\/\/www.czechcyclingfederation.com\/en\/wp-json\/wp\/v2\/posts\/11298","targetHints":{"allow":["GET"]}}],"collection":[{"href":"https:\/\/www.czechcyclingfederation.com\/en\/wp-json\/wp\/v2\/posts"}],"about":[{"href":"https:\/\/www.czechcyclingfederation.com\/en\/wp-json\/wp\/v2\/types\/post"}],"author":[{"embeddable":true,"href":"https:\/\/www.czechcyclingfederation.com\/en\/wp-json\/wp\/v2\/users\/15"}],"replies":[{"embeddable":true,"href":"https:\/\/www.czechcyclingfederation.com\/en\/wp-json\/wp\/v2\/comments?post=11298"}],"version-history":[{"count":3,"href":"https:\/\/www.czechcyclingfederation.com\/en\/wp-json\/wp\/v2\/posts\/11298\/revisions"}],"predecessor-version":[{"id":11370,"href":"https:\/\/www.czechcyclingfederation.com\/en\/wp-json\/wp\/v2\/posts\/11298\/revisions\/11370"}],"wp:featuredmedia":[{"embeddable":true,"href":"https:\/\/www.czechcyclingfederation.com\/en\/wp-json\/wp\/v2\/media\/11300"}],"wp:attachment":[{"href":"https:\/\/www.czechcyclingfederation.com\/en\/wp-json\/wp\/v2\/media?parent=11298"}],"wp:term":[{"taxonomy":"category","embeddable":true,"href":"https:\/\/www.czechcyclingfederation.com\/en\/wp-json\/wp\/v2\/categories?post=11298"},{"taxonomy":"post_tag","embeddable":true,"href":"https:\/\/www.czechcyclingfederation.com\/en\/wp-json\/wp\/v2\/tags?post=11298"}],"curies":[{"name":"wp","href":"https:\/\/api.w.org\/{rel}","templated":true}]}}