{"id":11255,"date":"2022-03-08T11:08:26","date_gmt":"2022-03-08T10:08:26","guid":{"rendered":"https:\/\/www.czechcyclingfederation.com\/?p=11255"},"modified":"2022-03-08T14:13:55","modified_gmt":"2022-03-08T13:13:55","slug":"ceska-delegace-se-zucastnila-kongresu-uec","status":"publish","type":"post","link":"https:\/\/www.czechcyclingfederation.com\/en\/ceska-delegace-se-zucastnila-kongresu-uec\/","title":{"rendered":"\u010cesk\u00e1 delegace se z\u00fa\u010dastnila kongresu UEC"},"content":{"rendered":"\n<p>\u010cesk\u00e1 delegace v \u010dele s prezidentem Petrem Markem se ve dnech 4.3.-6.3. 2022 z\u00fa\u010dastnila v\u00fdro\u010dn\u00edho kongresu UEC v d\u00e1nsk\u00e9m Odense.<\/p>\n\n\n\n<p>\u010clenov\u00e9 39 \u010dlensk\u00fdch zem\u00ed zde schvalovali v\u00fdro\u010dn\u00ed zpr\u00e1vu, rozpo\u010det a byla jim p\u0159edstavov\u00e1na tak\u00e9 d\u011bji\u0161t\u011b kontinent\u00e1ln\u00edch \u0161ampion\u00e1t\u016f pro leto\u0161n\u00ed a nadch\u00e1zej\u00edc\u00ed rok.\u00a0<\/p>\n\n\n\n<p>V&nbsp;celkov\u00e9m po\u0159ad\u00ed n\u00e1rod\u016f se \u010cesk\u00e1 republika za rok 2021 um\u00edstila na 9. m\u00edst\u011b z&nbsp;celkov\u011b 51 zem\u00ed, kter\u00e9 jsou \u010dleny UEC. Z\u00e1rove\u0148 byl tak\u00e9, jako teprve 6. v&nbsp;historie UEC, uveden do s\u00edn\u011b sl\u00e1vy za celo\u017eivotn\u00ed p\u0159\u00ednos pro cyklistiku pan <strong>Vladim\u00edr Hole\u010dek<\/strong>.<\/p>\n\n\n\n<p>I na tomto kongresu byla \u0159e\u0161ena ot\u00e1zka ohledn\u011b aktu\u00e1ln\u00edho d\u011bn\u00ed na Ukrajin\u011b. Nebyli p\u0159\u00edtomny n\u00e1rodn\u00ed delegace Ruska a B\u011bloruska a akce se nez\u00fa\u010dastnil ani viceprezident UEC Alexander Gusjatnikov (Rusko) \u010di \u010dlenka spr\u00e1vn\u00ed rady UEC Natallia Tsylinskaya (B\u011blorusko).&nbsp;<\/p>\n\n\n\n<p>UEC spole\u010dn\u011b se sv\u00fdmi \u010dleny vyjad\u0159uj\u00ed velkou podporu Ukrajin\u011b a p\u0159enesli j\u00ed tak\u00e9 do konkr\u00e9tn\u00edch \u010din\u016f. UEC zalo\u017eila fond na pomoc Ukrajinsk\u00e9 cyklistick\u00e9 federaci a jej\u00edm \u010dlen\u016fm, kte\u0159\u00ed za aktu\u00e1ln\u00ed situace mus\u00ed opou\u0161t\u011bt sv\u00e9 domovy. Samotn\u00e9 UEC darovalo prvn\u00edch 100 000 eur (cca 2,5 milionu K\u010d). Rozd\u011blov\u00e1n\u00ed finan\u010dn\u00edch prost\u0159edk\u016f bude p\u0159\u00edmo koordinovat UEC, UCI a prezident Ukrajinsk\u00e9 cyklistick\u00e9 federace Andry Grivko.&nbsp;<\/p>\n\n\n\n<p><strong>N\u00e1sleduj\u00edc\u00ed rok se bude konat jubilejn\u00ed 35. ro\u010dn\u00edk v\u00fdro\u010dn\u00edho kongresu UEC, kter\u00fd se uskute\u010dn\u00ed 5.3.2023 v&nbsp;Praze.<\/strong><\/p>\n\n\n\n<p>      <\/p>\n\n\n\n<p>     <\/p>\n\n\n\n<p>     <\/p>\n\n\n\n<p><strong>Informace k \u00fa\u010dtu, na kter\u00fd lze darovat finan\u010dn\u00ed pomoc Ukrajinsk\u00e9 cyklistick\u00e9 federaci a jej\u00edm \u010dlen\u016fm:<\/strong><\/p>\n\n\n\n<p>N\u00e1zev \u00fa\u010dtu: &nbsp;Union Europ\u00e9enne de Cyclisme<\/p>\n\n\n\n<p>\u010c\u00edslo \u00fa\u010dtu: 0269-00920065.70D<\/p>\n\n\n\n<p>IBAN: CH110026926992006570D<\/p>\n\n\n\n<p>M\u011bna: Euro<\/p>\n\n\n\n<p>Text k platb\u011b: UEC Solidarity &amp; Unity Aid for Ukrainian Cycling<\/p>\n\n\n\n<p>BIC (SWIFT): UBSWCHZH80A<\/p>\n\n\n\n<figure class=\"wp-block-image size-large\"><img loading=\"lazy\" decoding=\"async\" width=\"1024\" height=\"576\" src=\"https:\/\/www.czechcyclingfederation.com\/wp-content\/uploads\/2022\/03\/IMG_1915-1024x576.jpeg\" alt=\"\" class=\"wp-image-11257\" srcset=\"https:\/\/www.czechcyclingfederation.com\/wp-content\/uploads\/2022\/03\/IMG_1915-1024x576.jpeg 1024w, https:\/\/www.czechcyclingfederation.com\/wp-content\/uploads\/2022\/03\/IMG_1915-300x169.jpeg 300w, https:\/\/www.czechcyclingfederation.com\/wp-content\/uploads\/2022\/03\/IMG_1915-768x432.jpeg 768w, https:\/\/www.czechcyclingfederation.com\/wp-content\/uploads\/2022\/03\/IMG_1915-1536x864.jpeg 1536w, https:\/\/www.czechcyclingfederation.com\/wp-content\/uploads\/2022\/03\/IMG_1915-2048x1152.jpeg 2048w, https:\/\/www.czechcyclingfederation.com\/wp-content\/uploads\/2022\/03\/IMG_1915-1320x742.jpeg 1320w\" sizes=\"auto, (max-width: 1024px) 100vw, 1024px\" \/><\/figure>\n\n\n\n<figure class=\"wp-block-image size-large\"><img loading=\"lazy\" decoding=\"async\" width=\"1024\" height=\"576\" src=\"https:\/\/www.czechcyclingfederation.com\/wp-content\/uploads\/2022\/03\/IMG_1921-1024x576.jpeg\" alt=\"\" class=\"wp-image-11258\" srcset=\"https:\/\/www.czechcyclingfederation.com\/wp-content\/uploads\/2022\/03\/IMG_1921-1024x576.jpeg 1024w, https:\/\/www.czechcyclingfederation.com\/wp-content\/uploads\/2022\/03\/IMG_1921-300x169.jpeg 300w, https:\/\/www.czechcyclingfederation.com\/wp-content\/uploads\/2022\/03\/IMG_1921-768x432.jpeg 768w, https:\/\/www.czechcyclingfederation.com\/wp-content\/uploads\/2022\/03\/IMG_1921-1536x864.jpeg 1536w, https:\/\/www.czechcyclingfederation.com\/wp-content\/uploads\/2022\/03\/IMG_1921-2048x1152.jpeg 2048w, https:\/\/www.czechcyclingfederation.com\/wp-content\/uploads\/2022\/03\/IMG_1921-1320x742.jpeg 1320w\" sizes=\"auto, (max-width: 1024px) 100vw, 1024px\" \/><\/figure>\n\n\n\n<figure class=\"wp-block-image size-large\"><img loading=\"lazy\" decoding=\"async\" width=\"768\" height=\"1024\" src=\"https:\/\/www.czechcyclingfederation.com\/wp-content\/uploads\/2022\/03\/IMG_1895-768x1024.jpeg\" alt=\"\" class=\"wp-image-11259\" srcset=\"https:\/\/www.czechcyclingfederation.com\/wp-content\/uploads\/2022\/03\/IMG_1895-768x1024.jpeg 768w, https:\/\/www.czechcyclingfederation.com\/wp-content\/uploads\/2022\/03\/IMG_1895-150x200.jpeg 150w, https:\/\/www.czechcyclingfederation.com\/wp-content\/uploads\/2022\/03\/IMG_1895-1152x1536.jpeg 1152w, https:\/\/www.czechcyclingfederation.com\/wp-content\/uploads\/2022\/03\/IMG_1895-1320x1760.jpeg 1320w, https:\/\/www.czechcyclingfederation.com\/wp-content\/uploads\/2022\/03\/IMG_1895.jpeg 1536w\" sizes=\"auto, (max-width: 768px) 100vw, 768px\" \/><\/figure>\n","protected":false},"excerpt":{"rendered":"<p>\u010cesk\u00e1 delegace v \u010dele s prezidentem Petrem Markem se ve dnech 4.3.-6.3. 2022 z\u00fa\u010dastnila v\u00fdro\u010dn\u00edho kongresu UEC v d\u00e1nsk\u00e9m Odense. \u010clenov\u00e9 39 \u010dlensk\u00fdch zem\u00ed zde schvalovali v\u00fdro\u010dn\u00ed zpr\u00e1vu, rozpo\u010det a byla jim p\u0159edstavov\u00e1na tak\u00e9 d\u011bji\u0161t\u011b kontinent\u00e1ln\u00edch \u0161ampion\u00e1t\u016f pro leto\u0161n\u00ed a nadch\u00e1zej\u00edc\u00ed rok.\u00a0 V&nbsp;celkov\u00e9m po\u0159ad\u00ed n\u00e1rod\u016f se \u010cesk\u00e1 republika za rok 2021 um\u00edstila na 9. m\u00edst\u011b [&hellip;]<\/p>\n","protected":false},"author":1,"featured_media":11256,"comment_status":"closed","ping_status":"open","sticky":false,"template":"","format":"standard","meta":{"footnotes":""},"categories":[28,2],"tags":[119],"class_list":["post-11255","post","type-post","status-publish","format-standard","has-post-thumbnail","hentry","category-cesky-svaz-cyklistiky","category-novinky","tag-csc"],"_links":{"self":[{"href":"https:\/\/www.czechcyclingfederation.com\/en\/wp-json\/wp\/v2\/posts\/11255","targetHints":{"allow":["GET"]}}],"collection":[{"href":"https:\/\/www.czechcyclingfederation.com\/en\/wp-json\/wp\/v2\/posts"}],"about":[{"href":"https:\/\/www.czechcyclingfederation.com\/en\/wp-json\/wp\/v2\/types\/post"}],"author":[{"embeddable":true,"href":"https:\/\/www.czechcyclingfederation.com\/en\/wp-json\/wp\/v2\/users\/1"}],"replies":[{"embeddable":true,"href":"https:\/\/www.czechcyclingfederation.com\/en\/wp-json\/wp\/v2\/comments?post=11255"}],"version-history":[{"count":7,"href":"https:\/\/www.czechcyclingfederation.com\/en\/wp-json\/wp\/v2\/posts\/11255\/revisions"}],"predecessor-version":[{"id":11273,"href":"https:\/\/www.czechcyclingfederation.com\/en\/wp-json\/wp\/v2\/posts\/11255\/revisions\/11273"}],"wp:featuredmedia":[{"embeddable":true,"href":"https:\/\/www.czechcyclingfederation.com\/en\/wp-json\/wp\/v2\/media\/11256"}],"wp:attachment":[{"href":"https:\/\/www.czechcyclingfederation.com\/en\/wp-json\/wp\/v2\/media?parent=11255"}],"wp:term":[{"taxonomy":"category","embeddable":true,"href":"https:\/\/www.czechcyclingfederation.com\/en\/wp-json\/wp\/v2\/categories?post=11255"},{"taxonomy":"post_tag","embeddable":true,"href":"https:\/\/www.czechcyclingfederation.com\/en\/wp-json\/wp\/v2\/tags?post=11255"}],"curies":[{"name":"wp","href":"https:\/\/api.w.org\/{rel}","templated":true}]}}