{"id":1124,"date":"2020-07-01T08:14:08","date_gmt":"2020-07-01T06:14:08","guid":{"rendered":"http:\/\/www.czechcyclingfederation.com\/?p=1124"},"modified":"2020-07-16T13:40:58","modified_gmt":"2020-07-16T11:40:58","slug":"prihlasovani-na-zavody-cp-techniserv-cup","status":"publish","type":"post","link":"https:\/\/www.czechcyclingfederation.com\/en\/prihlasovani-na-zavody-cp-techniserv-cup\/","title":{"rendered":"P\u0159ihla\u0161ov\u00e1n\u00ed na z\u00e1vody \u010cP Techniserv Cup"},"content":{"rendered":"\n<p>Seri\u00e1l \u010cesk\u00e9ho poh\u00e1ru Techniserv Cup pro ml\u00e1de\u017e a \u017eeny bude m\u00edt n\u00e1sleduj\u00edc\u00ed v\u00edkend na programu op\u011bt dva z\u00e1vod. Nejprve \u010dek\u00e1 4. \u010dervence na z\u00e1vodn\u00edky \u010dasovka v P\u0148ovic\u00edch a o den pozd\u011bji v ned\u011bli 5. \u010dervence krit\u00e9rium v Olomouci.<\/p>\n\n\n\n<p>P\u0159ihl\u00e1\u0161ky na oba z\u00e1vody jsou jako v\u017edy do \u010dtvrtka do 12:00 p\u0159ed dan\u00fdm v\u00edkendem na webu: https:\/\/csc.sportsoft.cz. P\u0159ihl\u00e1\u0161ky na dal\u0161\u00ed dva \u010cP jsou tedy tentokr\u00e1t do 2. \u010dervence do 12:00 v\u010detn\u011b on-line platby na https:\/\/csc.sportsoft.cz\/. P\u0159ihl\u00e1\u0161en\u00ed na m\u00edst\u011b nen\u00ed mo\u017en\u00e9 vzhledem k na\u0159\u00edzen\u00ed vl\u00e1dy ohledn\u011b hygienick\u00fdch podm\u00ednek!!! P\u0159ihl\u00e1\u0161ka bez uhrazen\u00e9ho startovn\u00e9ho nebude akceptov\u00e1na a z\u00e1vodn\u00edk je nep\u0159ihl\u00e1\u0161en.<\/p>\n\n\n\n<p>Po\u0159adatel\u00e9 seri\u00e1lu se z\u00e1rove\u0148 omlouvaj\u00ed za neuskute\u010dn\u011bn\u00e9 ned\u011bln\u00ed z\u00e1vody na Han\u00e1ck\u00fdch okruz\u00edch. Z\u00e1vodn\u00edk\u016fm kategori\u00ed mlad\u0161\u00edch \u017e\u00e1k\u016f, mlad\u0161\u00edch \u017e\u00e1ky\u0148, kadet\u016f a kadetek bude v kancel\u00e1\u0159i z\u00e1vod\u016f vr\u00e1ceno startovn\u00e9.<\/p>\n\n\n\n<figure class=\"wp-block-image size-large\"><img loading=\"lazy\" decoding=\"async\" width=\"512\" height=\"282\" src=\"http:\/\/www.czechcyclingfederation.com\/wp-content\/uploads\/2020\/04\/csc_logo.jpg\" alt=\"\" class=\"wp-image-439\" srcset=\"https:\/\/www.czechcyclingfederation.com\/wp-content\/uploads\/2020\/04\/csc_logo.jpg 512w, https:\/\/www.czechcyclingfederation.com\/wp-content\/uploads\/2020\/04\/csc_logo-300x165.jpg 300w\" sizes=\"auto, (max-width: 512px) 100vw, 512px\" \/><\/figure>\n","protected":false},"excerpt":{"rendered":"<p>Seri\u00e1l \u010cesk\u00e9ho poh\u00e1ru Techniserv Cup pro ml\u00e1de\u017e a \u017eeny bude m\u00edt n\u00e1sleduj\u00edc\u00ed v\u00edkend na programu op\u011bt dva z\u00e1vod. Nejprve \u010dek\u00e1 4. \u010dervence na z\u00e1vodn\u00edky \u010dasovka v P\u0148ovic\u00edch a o den pozd\u011bji v ned\u011bli 5. \u010dervence krit\u00e9rium v Olomouci. P\u0159ihl\u00e1\u0161ky na oba z\u00e1vody jsou jako v\u017edy do \u010dtvrtka do 12:00 p\u0159ed dan\u00fdm v\u00edkendem na webu: https:\/\/csc.sportsoft.cz. [&hellip;]<\/p>\n","protected":false},"author":2,"featured_media":439,"comment_status":"closed","ping_status":"open","sticky":false,"template":"","format":"standard","meta":{"footnotes":""},"categories":[28,2],"tags":[],"class_list":["post-1124","post","type-post","status-publish","format-standard","has-post-thumbnail","hentry","category-cesky-svaz-cyklistiky","category-novinky"],"_links":{"self":[{"href":"https:\/\/www.czechcyclingfederation.com\/en\/wp-json\/wp\/v2\/posts\/1124","targetHints":{"allow":["GET"]}}],"collection":[{"href":"https:\/\/www.czechcyclingfederation.com\/en\/wp-json\/wp\/v2\/posts"}],"about":[{"href":"https:\/\/www.czechcyclingfederation.com\/en\/wp-json\/wp\/v2\/types\/post"}],"author":[{"embeddable":true,"href":"https:\/\/www.czechcyclingfederation.com\/en\/wp-json\/wp\/v2\/users\/2"}],"replies":[{"embeddable":true,"href":"https:\/\/www.czechcyclingfederation.com\/en\/wp-json\/wp\/v2\/comments?post=1124"}],"version-history":[{"count":1,"href":"https:\/\/www.czechcyclingfederation.com\/en\/wp-json\/wp\/v2\/posts\/1124\/revisions"}],"predecessor-version":[{"id":1125,"href":"https:\/\/www.czechcyclingfederation.com\/en\/wp-json\/wp\/v2\/posts\/1124\/revisions\/1125"}],"wp:featuredmedia":[{"embeddable":true,"href":"https:\/\/www.czechcyclingfederation.com\/en\/wp-json\/wp\/v2\/media\/439"}],"wp:attachment":[{"href":"https:\/\/www.czechcyclingfederation.com\/en\/wp-json\/wp\/v2\/media?parent=1124"}],"wp:term":[{"taxonomy":"category","embeddable":true,"href":"https:\/\/www.czechcyclingfederation.com\/en\/wp-json\/wp\/v2\/categories?post=1124"},{"taxonomy":"post_tag","embeddable":true,"href":"https:\/\/www.czechcyclingfederation.com\/en\/wp-json\/wp\/v2\/tags?post=1124"}],"curies":[{"name":"wp","href":"https:\/\/api.w.org\/{rel}","templated":true}]}}