{"id":1121,"date":"2020-07-01T08:12:34","date_gmt":"2020-07-01T06:12:34","guid":{"rendered":"http:\/\/www.czechcyclingfederation.com\/?p=1121"},"modified":"2020-07-16T13:40:58","modified_gmt":"2020-07-16T11:40:58","slug":"trate-skoda-auto-mistrovstvi-na-silnici-jsou-znamy","status":"publish","type":"post","link":"https:\/\/www.czechcyclingfederation.com\/en\/trate-skoda-auto-mistrovstvi-na-silnici-jsou-znamy\/","title":{"rendered":"Trat\u011b \u0160koda Auto mistrovstv\u00ed na silnici jsou zn\u00e1my"},"content":{"rendered":"\n<p>\u0160koda Auto mistrovstv\u00ed \u010cesk\u00e9 a Slovensk\u00e9 republiky v silni\u010dn\u00ed cyklistice 2020 se uskute\u010dn\u00ed v Mlad\u00e9 Boleslavi, m\u011bst\u011b sportu a volno\u010dasov\u00fdch aktivit, a to ve dnech 20. srpna (\u010dasovka) a 22. srpna (hromadn\u00fd z\u00e1vod). Organiz\u00e1to\u0159i \u0161ampion\u00e1tu ji\u017e odtajnili trat\u011b na nich se o medaile bude bojovat.<\/p>\n\n\n\n<p>Na start se postav\u00ed v\u011bt\u0161ina, jak na\u0161ich, tak slovensk\u00fdch, nejlep\u0161\u00edch cyklist\u016f sou\u010dasnosti, v\u010detn\u011b t\u011bch z World Tour. \u00davod mistrovstv\u00ed obstar\u00e1, jako ji\u017e tradi\u010dn\u011b, \u010dasovka jednotlivc\u016f, kterou absolvuj\u00ed krom\u011b junior\u016f, kte\u0159\u00ed budou m\u00edt sv\u016fj mistr\u00e1k spole\u010dn\u011b s ml\u00e1de\u017enick\u00fdmi kategoriemi v Plzni, v\u0161echny dosp\u011bl\u00e9 kategorie v\u010detn\u011b juniorek. V sobotu se na start silni\u010dn\u00edho z\u00e1vodu postav\u00ed \u017eeny Elite spole\u010dn\u011b s juniorkami, a to p\u0159esn\u011b v 9:00. Hlavn\u00ed z\u00e1vod bude od 14:00, pro kategorie mu\u017e\u016f Elite a kategorie U23, samoz\u0159ejm\u011b spole\u010dn\u011b se slovensk\u00fdmi \u201epret\u011bk\u00e1rmi\u201c. \u201e<\/p>\n\n\n\n<p>Silni\u010dn\u00ed z\u00e1vod je slo\u017een z propojen\u00e9ho mal\u00e9ho m\u011bstsk\u00e9ho a v\u011bt\u0161\u00edho mimom\u011bstsk\u00e9ho okruhu, cel\u00fd dohromady m\u011b\u0159\u00ed 23 km a obsahuje dva velmi n\u00e1ro\u010dn\u00e9 kopce, jeden z Mlad\u00e9 Boleslavi do Bojetic a druh\u00fd z Dobrovice do Bojetic, tak\u017ee si mysl\u00edm, \u017ee takto n\u00e1ro\u010dn\u00fd okruh bude prub\u00ed\u0159sk\u00fdm kamenem letos v\u00edcem\u00e9n\u011b nevyz\u00e1vod\u011bn\u00fdch \u017een a eli\u0165\u00e1k\u016f,\u201c \u0159ekl Michal Kopeck\u00fd z organiza\u010dn\u00edho \u0161t\u00e1bu mistrovtsv\u00ed.<\/p>\n\n\n\n<p>Tra\u0165 \u010dasovky vede z m\u011bstsk\u00e9 \u010d\u00e1sti Mlad\u00e9 Boleslavi \u2013 \u010cejetic, p\u0159es Dalovice, do Bukovna, L\u00edn\u016f a oto\u010dka bude u Katusic. Na oto\u010dku je to, zaokrouhleno, 10 km, tak\u017ee juniorky a \u017eeny si daj\u00ed 1 okruh, tedy zhruba 20 km, mu\u017ei pak okus\u00ed okruhy dva, tak\u017ee najedou kolem 40 km.<\/p>\n\n\n\n<p>Nakonec koment\u00e1\u0159 reprezenta\u010dn\u00edho tren\u00e9ra Tom\u00e1\u0161e Kone\u010dn\u00e9ho zn\u00ed jasn\u011b a stru\u010dn\u011b: &#8220;Mistrovstv\u00ed se uskute\u010dn\u00ed, a nav\u00edc na velmi p\u011bkn\u00e9 trati. Je n\u00e1ro\u010dn\u00e1, a t\u00edm p\u00e1dem hodn\u011b spravedliv\u00e1. Mn\u011b se moc l\u00edb\u00ed, j\u00e1 m\u011bl v\u017edycky rad\u011bji n\u00e1ro\u010dn\u00e9 profily s v\u011bt\u0161\u00edm p\u0159ev\u00fd\u0161en\u00edm.&#8221;<\/p>\n\n\n\n<p>Tra\u0165 silni\u010dn\u00edho z\u00e1vodu leto\u0161n\u00edho \u0161ampion\u00e1tu u\u017e okusil Petr Vako\u010d, \u010desk\u00fd \u0161ampion z roku 2015. A co po projet\u00ed z\u00e1vodn\u00edho okruhu \u0159ekl? &#8220;Tra\u0165 je skute\u010dn\u011b n\u00e1ro\u010dn\u00e1, sv\u00fdm profilem bych to p\u0159irovnal k jarn\u00edm klasik\u00e1m. Prvn\u00ed selekce pravd\u011bpodobn\u011b prob\u011bhne ji\u017e na mimom\u011bstsk\u00e9m okruhu, kde se kopec bude opravdu zaj\u00eddat. Ale z\u00e1vod se bude nejsp\u00ed\u0161e rozhodovat a\u017e v z\u00e1v\u011bre\u010dn\u00fdch okruz\u00edch.&#8221;<\/p>\n\n\n\n<p>Krom\u011b reprezenta\u010dn\u00edho tren\u00e9ra Tom\u00e1\u0161e Kone\u010dn\u00e9ho a tak\u00e9 Petra Vako\u010de, u\u017e si okruh, a to z hlediska nasazen\u00ed techniky a dostupn\u00e9ho datov\u00e9ho sign\u00e1lu, zm\u011b\u0159il i \u0161t\u00e1b \u010cesk\u00e9 televize, a proto\u017ee bude nasazena spousta televizn\u00ed techniky, mimo p\u0159enosov\u00fdch voz\u016f se statick\u00fdmi kamerami i motorky a dron, tak si div\u00e1ci programu \u010cT Sport p\u0159ijdou zcela jist\u011b na sv\u00e9. A to jak v r\u00e1mci jednotliv\u00fdch zpravodajstv\u00ed, sest\u0159ihu \u010dasovky, z\u00e1vodu \u017een, tak hlavn\u011b p\u0159i p\u0159\u00edm\u00e9m p\u0159enosu elitn\u00edho silni\u010dn\u00edho z\u00e1vodu mu\u017e\u016f.<\/p>\n\n\n\n<p>Ve velmi kr\u00e1tk\u00e9 dob\u011b bude n\u00e1sledovat druh\u00e1 tiskov\u00e1 zpr\u00e1va s kompletn\u00ed prezentac\u00ed obou trat\u00ed.<\/p>\n\n\n\n<figure class=\"wp-block-image size-large\"><img loading=\"lazy\" decoding=\"async\" width=\"801\" height=\"800\" src=\"https:\/\/www.czechcyclingfederation.com\/wp-content\/uploads\/2020\/07\/5342.jpg\" alt=\"\" class=\"wp-image-1122\" srcset=\"https:\/\/www.czechcyclingfederation.com\/wp-content\/uploads\/2020\/07\/5342.jpg 801w, https:\/\/www.czechcyclingfederation.com\/wp-content\/uploads\/2020\/07\/5342-200x200.jpg 200w, https:\/\/www.czechcyclingfederation.com\/wp-content\/uploads\/2020\/07\/5342-150x150.jpg 150w, https:\/\/www.czechcyclingfederation.com\/wp-content\/uploads\/2020\/07\/5342-768x767.jpg 768w\" sizes=\"auto, (max-width: 801px) 100vw, 801px\" \/><\/figure>\n","protected":false},"excerpt":{"rendered":"<p>\u0160koda Auto mistrovstv\u00ed \u010cesk\u00e9 a Slovensk\u00e9 republiky v silni\u010dn\u00ed cyklistice 2020 se uskute\u010dn\u00ed v Mlad\u00e9 Boleslavi, m\u011bst\u011b sportu a volno\u010dasov\u00fdch aktivit, a to ve dnech 20. srpna (\u010dasovka) a 22. srpna (hromadn\u00fd z\u00e1vod). Organiz\u00e1to\u0159i \u0161ampion\u00e1tu ji\u017e odtajnili trat\u011b na nich se o medaile bude bojovat. Na start se postav\u00ed v\u011bt\u0161ina, jak na\u0161ich, tak slovensk\u00fdch, nejlep\u0161\u00edch [&hellip;]<\/p>\n","protected":false},"author":2,"featured_media":1122,"comment_status":"closed","ping_status":"open","sticky":true,"template":"","format":"standard","meta":{"footnotes":""},"categories":[2,18],"tags":[11],"class_list":["post-1121","post","type-post","status-publish","format-standard","has-post-thumbnail","hentry","category-novinky","category-silnice","tag-silnice"],"_links":{"self":[{"href":"https:\/\/www.czechcyclingfederation.com\/en\/wp-json\/wp\/v2\/posts\/1121","targetHints":{"allow":["GET"]}}],"collection":[{"href":"https:\/\/www.czechcyclingfederation.com\/en\/wp-json\/wp\/v2\/posts"}],"about":[{"href":"https:\/\/www.czechcyclingfederation.com\/en\/wp-json\/wp\/v2\/types\/post"}],"author":[{"embeddable":true,"href":"https:\/\/www.czechcyclingfederation.com\/en\/wp-json\/wp\/v2\/users\/2"}],"replies":[{"embeddable":true,"href":"https:\/\/www.czechcyclingfederation.com\/en\/wp-json\/wp\/v2\/comments?post=1121"}],"version-history":[{"count":1,"href":"https:\/\/www.czechcyclingfederation.com\/en\/wp-json\/wp\/v2\/posts\/1121\/revisions"}],"predecessor-version":[{"id":1123,"href":"https:\/\/www.czechcyclingfederation.com\/en\/wp-json\/wp\/v2\/posts\/1121\/revisions\/1123"}],"wp:featuredmedia":[{"embeddable":true,"href":"https:\/\/www.czechcyclingfederation.com\/en\/wp-json\/wp\/v2\/media\/1122"}],"wp:attachment":[{"href":"https:\/\/www.czechcyclingfederation.com\/en\/wp-json\/wp\/v2\/media?parent=1121"}],"wp:term":[{"taxonomy":"category","embeddable":true,"href":"https:\/\/www.czechcyclingfederation.com\/en\/wp-json\/wp\/v2\/categories?post=1121"},{"taxonomy":"post_tag","embeddable":true,"href":"https:\/\/www.czechcyclingfederation.com\/en\/wp-json\/wp\/v2\/tags?post=1121"}],"curies":[{"name":"wp","href":"https:\/\/api.w.org\/{rel}","templated":true}]}}