{"id":11196,"date":"2022-02-28T16:46:29","date_gmt":"2022-02-28T15:46:29","guid":{"rendered":"https:\/\/www.czechcyclingfederation.com\/?p=11196"},"modified":"2022-02-28T16:46:30","modified_gmt":"2022-02-28T15:46:30","slug":"zemrel-lubos-lom","status":"publish","type":"post","link":"https:\/\/www.czechcyclingfederation.com\/en\/zemrel-lubos-lom\/","title":{"rendered":"Zem\u0159el Lubo\u0161 Lom"},"content":{"rendered":"\n<p>Ve v\u011bku 57 let zem\u0159el v sobotu 26. \u00fanora po dlouh\u00e9 t\u011b\u017ek\u00e9 nemoci Lubo\u0161 Lom. B\u00fdval\u00fd vynikaj\u00edc\u00ed cyklistka z\u00e1vodil za Kladno, Ml. Boleslav, Ban\u00edk P\u0159\u00edbram, Duklu Praha na dr\u00e1ze a silnici a od roku 1992 jezdil v It\u00e1lii.<\/p>\n\n\n\n<p>V letech 1989 a 1990 se stal mistrem republiky ve st\u00edha\u010dce jednotlivc\u016f, startoval na olympijsk\u00fdch hr\u00e1ch 1988 v&nbsp;Soulu a o rok pozd\u011bji na mistrovstv\u00ed sv\u011bta. Ve sv\u00e9 bohat\u00e9 kari\u00e9\u0159e z\u00edskal dv\u011b etapov\u00e1 v\u00edt\u011bzstv\u00ed na Giro d\u00b4Italia amat\u00e9r\u016f, ale stejn\u00fd z\u00e1vod jel i mezi profesion\u00e1ly. Kladensk\u00fd rod\u00e1k startoval na Giru d&#8217;Italia t\u0159ikr\u00e1t a dvakr\u00e1t na Vuelt\u011b, kterou jel v roce 1993 jako prvn\u00ed \u010desk\u00fd cyklista v historii. V druh\u00e9 etap\u011b tehdy obsadil \u010dtvrt\u00e9 m\u00edsto. Ve stejn\u00e9 sezon\u011b vybojoval celkov\u00e9 druh\u00e9 m\u00edsto v italsk\u00e9m z\u00e1vod\u011b Mezin\u00e1rodn\u00ed t\u00fdden Coppiho a Bartaliho.<\/p>\n\n\n\n<p>Posledn\u00ed rozlou\u010den\u00ed s Lubo\u0161em Lomem se uskute\u010dn\u00ed ve \u010dtvrtek 3. b\u0159ezna ve 14:00 ve velk\u00e9 ob\u0159adn\u00ed s\u00edni krematoria v Praze-Stra\u0161nic\u00edch.<\/p>\n\n\n\n<p>Foto:&nbsp;<a href=\"https:\/\/lubos-myelom9.webnode.cz\/\" target=\"_blank\" rel=\"noreferrer noopener\">lubos-myelom9.webnode.cz<\/a><\/p>\n","protected":false},"excerpt":{"rendered":"<p>Ve v\u011bku 57 let zem\u0159el v sobotu 26. \u00fanora po dlouh\u00e9 t\u011b\u017ek\u00e9 nemoci Lubo\u0161 Lom. B\u00fdval\u00fd vynikaj\u00edc\u00ed cyklistka z\u00e1vodil za Kladno, Ml. Boleslav, Ban\u00edk P\u0159\u00edbram, Duklu Praha na dr\u00e1ze a silnici a od roku 1992 jezdil v It\u00e1lii. V letech 1989 a 1990 se stal mistrem republiky ve st\u00edha\u010dce jednotlivc\u016f, startoval na olympijsk\u00fdch hr\u00e1ch 1988 [&hellip;]<\/p>\n","protected":false},"author":8,"featured_media":11198,"comment_status":"closed","ping_status":"open","sticky":false,"template":"","format":"standard","meta":{"footnotes":""},"categories":[54,2,18,65],"tags":[9,11],"class_list":["post-11196","post","type-post","status-publish","format-standard","has-post-thumbnail","hentry","category-draha","category-novinky","category-silnice","category-subdisciplina","tag-draha","tag-silnice"],"_links":{"self":[{"href":"https:\/\/www.czechcyclingfederation.com\/en\/wp-json\/wp\/v2\/posts\/11196","targetHints":{"allow":["GET"]}}],"collection":[{"href":"https:\/\/www.czechcyclingfederation.com\/en\/wp-json\/wp\/v2\/posts"}],"about":[{"href":"https:\/\/www.czechcyclingfederation.com\/en\/wp-json\/wp\/v2\/types\/post"}],"author":[{"embeddable":true,"href":"https:\/\/www.czechcyclingfederation.com\/en\/wp-json\/wp\/v2\/users\/8"}],"replies":[{"embeddable":true,"href":"https:\/\/www.czechcyclingfederation.com\/en\/wp-json\/wp\/v2\/comments?post=11196"}],"version-history":[{"count":1,"href":"https:\/\/www.czechcyclingfederation.com\/en\/wp-json\/wp\/v2\/posts\/11196\/revisions"}],"predecessor-version":[{"id":11199,"href":"https:\/\/www.czechcyclingfederation.com\/en\/wp-json\/wp\/v2\/posts\/11196\/revisions\/11199"}],"wp:featuredmedia":[{"embeddable":true,"href":"https:\/\/www.czechcyclingfederation.com\/en\/wp-json\/wp\/v2\/media\/11198"}],"wp:attachment":[{"href":"https:\/\/www.czechcyclingfederation.com\/en\/wp-json\/wp\/v2\/media?parent=11196"}],"wp:term":[{"taxonomy":"category","embeddable":true,"href":"https:\/\/www.czechcyclingfederation.com\/en\/wp-json\/wp\/v2\/categories?post=11196"},{"taxonomy":"post_tag","embeddable":true,"href":"https:\/\/www.czechcyclingfederation.com\/en\/wp-json\/wp\/v2\/tags?post=11196"}],"curies":[{"name":"wp","href":"https:\/\/api.w.org\/{rel}","templated":true}]}}