{"id":11175,"date":"2022-02-25T20:51:48","date_gmt":"2022-02-25T19:51:48","guid":{"rendered":"https:\/\/www.czechcyclingfederation.com\/?p=11175"},"modified":"2022-02-25T20:55:05","modified_gmt":"2022-02-25T19:55:05","slug":"mathias-vacek-je-to-nejvetsi-uspech-moji-kariery","status":"publish","type":"post","link":"https:\/\/www.czechcyclingfederation.com\/en\/mathias-vacek-je-to-nejvetsi-uspech-moji-kariery\/","title":{"rendered":"Mathias Vacek: Je to nejv\u011bt\u0161\u00ed \u00fasp\u011bch moj\u00ed kari\u00e9ry"},"content":{"rendered":"\n<p>Mathias Vacek z&nbsp;pro-kontinent\u00e1ln\u00edho t\u00fdmu Gazprom-RusVelo jede na UAE Tour prvn\u00ed WorldTour z\u00e1vod svoj\u00ed kari\u00e9ry. A v&nbsp;p\u0159edposledn\u00ed etap\u011b se startem i c\u00edlem v&nbsp;Dubaji se mu po heroick\u00e9m v\u00fdkonu povedlo z&nbsp;\u00faniku vybojovat senza\u010dn\u00ed v\u00edt\u011bzstv\u00ed. \u201eJe to ur\u010dit\u011b nejv\u011bt\u0161\u00ed \u00fasp\u011bch, n\u011bco neskute\u010dn\u00e9ho,\u201c \u0159ekl juniorsk\u00fd mistr Evropy v&nbsp;\u010dasovce z&nbsp;roku 2020 v&nbsp;rozhovoru pro web \u010cSC.<\/p>\n\n\n\n<p><strong>Mathiasi, jak se c\u00edt\u00edte?<\/strong><\/p>\n\n\n\n<p>Po\u0159\u00e1d tomu nem\u016f\u017eu uv\u011b\u0159it, mus\u00edm to teprve vst\u0159ebat. Vyhr\u00e1t rovinatou etapu z&nbsp;\u00faniku, kter\u00fd na tomhle z\u00e1vod\u011b snad je\u0161t\u011b nikdy do c\u00edle nedojel, to je n\u011bco senza\u010dn\u00edho. Jsem moc r\u00e1d, \u017ee se mi to povedlo.<\/p>\n\n\n\n<p><strong>Ve vedouc\u00ed \u0161esti\u010dlenn\u00e9 skupin\u011b jste m\u011bli hned trojn\u00e1sobn\u00e9 zastoupen\u00ed. Nebyl to risk, j\u00edt v&nbsp;takov\u00e9 etap\u011b do \u00faniku?<\/strong><\/p>\n\n\n\n<p>My nev\u011b\u0159ili tomu, \u017ee by mohl vydr\u017eet, ale Strachov m\u00e1 \u010dern\u00fd dres pro l\u00eddra sprintersk\u00e9 sout\u011b\u017ee a cht\u011bli jsme ho udr\u017eet. Proto jsme odjeli ve t\u0159ech, aby zkusil vyhr\u00e1t ob\u011b sprintersk\u00e9 pr\u00e9mie. To se povedlo. Myslel jsem, \u017ee n\u00e1s brzy po druh\u00e9 pr\u00e9mii bal\u00edk dojede. N\u011bjak\u00fdch 100 kilometr\u016f p\u0159ed c\u00edlem jsme m\u011bli k&nbsp;dobru jen minutu. Asi si byli jist\u00ed, \u017ee to lehce sjedou, tak n\u00e1s je\u0161t\u011b chv\u00edli nechali. Ale jakmile jsme p\u0159ijeli do m\u011bsta, byli jsme v&nbsp;men\u0161\u00edm po\u010dtu ve v\u00fdhod\u011b. Byly tam prudk\u00e9 zat\u00e1\u010dky a jeli jsme tot\u00e1ln\u00ed doraz. Nakonec to dopadlo kr\u00e1sn\u011b.<\/p>\n\n\n\n<p><strong>Taktizovali jste v&nbsp;z\u00e1v\u011bru hodn\u011b, kdy\u017e jsme byli v&nbsp;po\u010detn\u00ed v\u00fdhod\u011b?<\/strong><\/p>\n\n\n\n<p>V\u016fbec. Posledn\u00edch 15 kilometr\u016f jsme jeli v\u0161ichni, co to \u0161lo, aby ten \u00fanik dojel do c\u00edle. Bylo to tak vra\u017eedn\u00e9 tempo, \u017ee by se z&nbsp;toho ani nastoupit nedalo. Rozdali jsme si to na f\u00e9rovku a j\u00e1 si na ten sprint hodn\u011b v\u011b\u0159il.&nbsp;<\/p>\n\n\n\n<p><strong>Kam tenhle \u00fasp\u011bch \u0159ad\u00edte?<\/strong><\/p>\n\n\n\n<p>Je to v\u00edc ne\u017e titul mistra Evropy, pro m\u011b nejcenn\u011bj\u0161\u00ed v\u00fdsledek kari\u00e9ry. Se\u0161la se tu skv\u011bl\u00e1 konkurence. Hodn\u011b kluk\u016f z&nbsp;bal\u00edku bylo p\u0159ekvapen\u00fdch, \u017ee jsme ten \u00fanik dovezli a\u017e do c\u00edle. Michael Kukrle to zkou\u0161el u\u017e v\u010dera, ale bohu\u017eel mu to t\u011bsn\u011b nevy\u0161lo, tak dneska m\u011bli v\u0161ichni z&nbsp;t\u00fdmu velikou radost.<\/p>\n\n\n\n<p><strong>Z\u00e1vod kon\u010d\u00ed v&nbsp;sobotu, jak\u00e9 m\u00e1te pl\u00e1ny na posledn\u00ed etapu?<\/strong><\/p>\n\n\n\n<p>Jsou tam dv\u011b sprintersk\u00e9 pr\u00e9mie, zase zkus\u00edme \u00fanik, abychom udr\u017eeli \u010dern\u00fd dres. Ale mo\u017en\u00e1 n\u00e1s po dne\u0161ku nebudou cht\u00edt nechat odjet\u2026 Uvid\u00edme. Na konci je t\u011b\u017ek\u00fd kopec, kde asi budou bojovat o v\u00edt\u011bzstv\u00ed z\u00e1vodn\u00edci na celkov\u00e9 po\u0159ad\u00ed.&nbsp;<\/p>\n\n\n\n<p><strong>Co v\u00e1s \u010dek\u00e1 po UAE Tour?<\/strong><\/p>\n\n\n\n<p>Na dva t\u00fddny pojedu dom\u016f, pot\u0159ebuju trochu odpo\u010dinout. No a pak m\u00e1m v&nbsp;pl\u00e1nu kr\u00e1sn\u00e9 klasiky Mil\u00e1n-Torino a Mil\u00e1n-San Remo. Program m\u00e1me fantastick\u00fd, sezona pro m\u011b za\u010dala skv\u011ble a douf\u00e1m, \u017ee to bude pokra\u010dovat.<\/p>\n\n\n\n<p><strong>Zaznamenali jste v&nbsp;pelotonu jako z\u00e1vodn\u00edci rusk\u00e9 st\u00e1je n\u011bjak\u00e9 reakce v&nbsp;souvislosti s&nbsp;napaden\u00edm Ukrajiny?<\/strong><\/p>\n\n\n\n<p>N\u011bco samoz\u0159ejm\u011b p\u0159i\u0161lo, ale sna\u017e\u00edme se to ignorovat. Jinak to ani nejde. My s&nbsp;t\u00edm jako t\u00fdm nic spole\u010dn\u00e9ho nem\u00e1me. Sport a politika jsou dv\u011b odli\u0161n\u00e9 v\u011bci. Jsme hodn\u011b mezin\u00e1rodn\u00ed t\u00fdm, m\u00e1me z\u00e1kladnu v&nbsp;It\u00e1lii\u2026<\/p>\n\n\n\n<p>Foto: Facebook UAE Tour a Gazprom-RusVelo<\/p>\n\n\n\n<figure class=\"wp-block-image size-large\"><img loading=\"lazy\" decoding=\"async\" width=\"1024\" height=\"683\" src=\"https:\/\/www.czechcyclingfederation.com\/wp-content\/uploads\/2022\/02\/vacek-2-1024x683.jpg\" alt=\"\" class=\"wp-image-11177\" srcset=\"https:\/\/www.czechcyclingfederation.com\/wp-content\/uploads\/2022\/02\/vacek-2-1024x683.jpg 1024w, https:\/\/www.czechcyclingfederation.com\/wp-content\/uploads\/2022\/02\/vacek-2-300x200.jpg 300w, https:\/\/www.czechcyclingfederation.com\/wp-content\/uploads\/2022\/02\/vacek-2-768x512.jpg 768w, https:\/\/www.czechcyclingfederation.com\/wp-content\/uploads\/2022\/02\/vacek-2-1536x1024.jpg 1536w, https:\/\/www.czechcyclingfederation.com\/wp-content\/uploads\/2022\/02\/vacek-2-1320x880.jpg 1320w, https:\/\/www.czechcyclingfederation.com\/wp-content\/uploads\/2022\/02\/vacek-2.jpg 2048w\" sizes=\"auto, (max-width: 1024px) 100vw, 1024px\" \/><\/figure>\n\n\n\n<figure class=\"wp-block-image size-large\"><img loading=\"lazy\" decoding=\"async\" width=\"1024\" height=\"684\" src=\"https:\/\/www.czechcyclingfederation.com\/wp-content\/uploads\/2022\/02\/vacek-3-1024x684.jpg\" alt=\"\" class=\"wp-image-11178\" srcset=\"https:\/\/www.czechcyclingfederation.com\/wp-content\/uploads\/2022\/02\/vacek-3-1024x684.jpg 1024w, https:\/\/www.czechcyclingfederation.com\/wp-content\/uploads\/2022\/02\/vacek-3-300x200.jpg 300w, https:\/\/www.czechcyclingfederation.com\/wp-content\/uploads\/2022\/02\/vacek-3-768x513.jpg 768w, https:\/\/www.czechcyclingfederation.com\/wp-content\/uploads\/2022\/02\/vacek-3-1320x882.jpg 1320w, https:\/\/www.czechcyclingfederation.com\/wp-content\/uploads\/2022\/02\/vacek-3.jpg 1336w\" sizes=\"auto, (max-width: 1024px) 100vw, 1024px\" \/><\/figure>\n","protected":false},"excerpt":{"rendered":"<p>Mathias Vacek z&nbsp;pro-kontinent\u00e1ln\u00edho t\u00fdmu Gazprom-RusVelo jede na UAE Tour prvn\u00ed WorldTour z\u00e1vod svoj\u00ed kari\u00e9ry. A v&nbsp;p\u0159edposledn\u00ed etap\u011b se startem i c\u00edlem v&nbsp;Dubaji se mu po heroick\u00e9m v\u00fdkonu povedlo z&nbsp;\u00faniku vybojovat senza\u010dn\u00ed v\u00edt\u011bzstv\u00ed. \u201eJe to ur\u010dit\u011b nejv\u011bt\u0161\u00ed \u00fasp\u011bch, n\u011bco neskute\u010dn\u00e9ho,\u201c \u0159ekl juniorsk\u00fd mistr Evropy v&nbsp;\u010dasovce z&nbsp;roku 2020 v&nbsp;rozhovoru pro web \u010cSC. Mathiasi, jak se c\u00edt\u00edte? Po\u0159\u00e1d [&hellip;]<\/p>\n","protected":false},"author":15,"featured_media":11176,"comment_status":"closed","ping_status":"open","sticky":false,"template":"","format":"standard","meta":{"footnotes":""},"categories":[17,2,18],"tags":[11],"class_list":["post-11175","post","type-post","status-publish","format-standard","has-post-thumbnail","hentry","category-discipliny","category-novinky","category-silnice","tag-silnice"],"_links":{"self":[{"href":"https:\/\/www.czechcyclingfederation.com\/en\/wp-json\/wp\/v2\/posts\/11175","targetHints":{"allow":["GET"]}}],"collection":[{"href":"https:\/\/www.czechcyclingfederation.com\/en\/wp-json\/wp\/v2\/posts"}],"about":[{"href":"https:\/\/www.czechcyclingfederation.com\/en\/wp-json\/wp\/v2\/types\/post"}],"author":[{"embeddable":true,"href":"https:\/\/www.czechcyclingfederation.com\/en\/wp-json\/wp\/v2\/users\/15"}],"replies":[{"embeddable":true,"href":"https:\/\/www.czechcyclingfederation.com\/en\/wp-json\/wp\/v2\/comments?post=11175"}],"version-history":[{"count":2,"href":"https:\/\/www.czechcyclingfederation.com\/en\/wp-json\/wp\/v2\/posts\/11175\/revisions"}],"predecessor-version":[{"id":11181,"href":"https:\/\/www.czechcyclingfederation.com\/en\/wp-json\/wp\/v2\/posts\/11175\/revisions\/11181"}],"wp:featuredmedia":[{"embeddable":true,"href":"https:\/\/www.czechcyclingfederation.com\/en\/wp-json\/wp\/v2\/media\/11176"}],"wp:attachment":[{"href":"https:\/\/www.czechcyclingfederation.com\/en\/wp-json\/wp\/v2\/media?parent=11175"}],"wp:term":[{"taxonomy":"category","embeddable":true,"href":"https:\/\/www.czechcyclingfederation.com\/en\/wp-json\/wp\/v2\/categories?post=11175"},{"taxonomy":"post_tag","embeddable":true,"href":"https:\/\/www.czechcyclingfederation.com\/en\/wp-json\/wp\/v2\/tags?post=11175"}],"curies":[{"name":"wp","href":"https:\/\/api.w.org\/{rel}","templated":true}]}}