{"id":10930,"date":"2022-02-03T22:39:33","date_gmt":"2022-02-03T21:39:33","guid":{"rendered":"https:\/\/www.czechcyclingfederation.com\/?p=10930"},"modified":"2022-02-03T22:39:35","modified_gmt":"2022-02-03T21:39:35","slug":"ondrej-cink-je-cyklistickym-kralem","status":"publish","type":"post","link":"https:\/\/www.czechcyclingfederation.com\/en\/ondrej-cink-je-cyklistickym-kralem\/","title":{"rendered":"Ond\u0159ej Cink je cyklistick\u00fdm kr\u00e1lem!"},"content":{"rendered":"\n<p>Ond\u0159ej Cink, jednat\u0159icetilet\u00fd biker polsk\u00e9 st\u00e1je Kross Orlen Cycling Team, byl vyhl\u00e1\u0161en Kr\u00e1lem \u010desk\u00e9 cyklistiky za rok 2021. V&nbsp;anket\u011b \u010cesk\u00e9ho svazu cyklistiky, jej\u00edm\u017e gener\u00e1ln\u00edm partnerem je spole\u010dnost \u010cEZ, porazil fourcrossa\u0159e Tom\u00e1\u0161e Slav\u00edka a silni\u010d\u00e1\u0159e Zde\u0148ka \u0160tybara.<\/p>\n\n\n\n<p>\u201eJe to kr\u00e1sn\u00e9 ocen\u011bn\u00ed a moc si ho v\u00e1\u017e\u00edm,\u201c \u0159ekl Cink, kter\u00fd se stal 57. Kr\u00e1lem \u010desk\u00e9 cyklistiky a anketu vyhr\u00e1l poprv\u00e9 v&nbsp;kari\u00e9\u0159e. Posledn\u00edm z\u00e1stupcem discipl\u00edny cross country, jen\u017e z\u00edskal korunu pro kr\u00e1le, byl v&nbsp;roce 2016 Jaroslav Kulhav\u00fd.<\/p>\n\n\n\n<p>Cink m\u011bl letos sezonu dvou pohled\u016f. Z\u00e1\u0159il ve Sv\u011btov\u00e9m poh\u00e1ru, kde byl dvakr\u00e1t druh\u00fd a jednou t\u0159et\u00ed. V celkov\u00e9m hodnocen\u00ed presti\u017en\u00edho seri\u00e1lu obsadil t\u0159et\u00ed m\u00edsto, ale od druh\u00e9 p\u0159\u00ed\u010dky ho d\u011blil pouh\u00fd bod. Doma z\u00edskal pop\u00e1t\u00e9 v&nbsp;kari\u00e9\u0159e titul mistra republiky.<\/p>\n\n\n\n<p>Na nejv\u011bt\u0161\u00edch z\u00e1vodech roku ho v\u0161ak prov\u00e1zela sm\u016fla. Na olympi\u00e1d\u011b v&nbsp;Tokiu ho ze hry o medaili vy\u0159adil praskl\u00fd r\u00e1fek v&nbsp;dob\u011b, kdy jel na t\u0159et\u00ed pozici, na mistrovstv\u00ed sv\u011bta ho o lep\u0161\u00ed um\u00edst\u011bn\u00ed p\u0159ipravily probl\u00e9my s&nbsp;p\u0159ehazova\u010dkou.<\/p>\n\n\n\n<p>\u201eI tak mus\u00edm sez\u00f3nu hodnotit jako hodn\u011b \u00fasp\u011b\u0161nou. Ve sv\u011b\u0165\u00e1ku mi chyb\u011bl bod k&nbsp;celkov\u00e9mu druh\u00e9mu m\u00edstu. Dr\u017eel jsem si stabiln\u00ed v\u00fdkonnost b\u011bhem cel\u00e9ho roku. \u0160koda t\u00e9 sm\u016fly na olympi\u00e1d\u011b a mistrovstv\u00ed sv\u011bta, v&nbsp;Tokiu m\u011b probl\u00e9my s&nbsp;materi\u00e1lem asi st\u00e1ly medaili,\u201c p\u0159iznal Cink.<\/p>\n\n\n\n<p>Nov\u00fd kr\u00e1l cyklistiky douf\u00e1, \u017ee ta nejlep\u0161\u00ed sezona kari\u00e9ry ho teprve \u010dek\u00e1. \u201eChci je\u0161t\u011b v\u00fdkonnost posunout a k&nbsp;\u00fasp\u011bch\u016fm ve Sv\u011btov\u00e9m poh\u00e1ru p\u0159idat medaili z&nbsp;mistrovstv\u00ed sv\u011bta,\u201c prozradil Cink, jen\u017e v&nbsp;uplynul\u00fdch dnech prodlou\u017eil s&nbsp;polsk\u00fdm t\u00fdmem Kross Orlen smlouvu a\u017e do konce olympijsk\u00e9 sez\u00f3ny 2024.<\/p>\n\n\n\n<p>Krom\u011b koruny pro kr\u00e1le se Cink m\u016f\u017ee t\u011b\u0161it i na nov\u00fd automobil. Gener\u00e1ln\u00ed partner \u010cesk\u00e9ho svazu cyklistiky, spole\u010dnost \u0160KODA AUTO, mu zap\u016fj\u010d\u00ed k&nbsp;u\u017e\u00edv\u00e1n\u00ed pln\u011b elektrick\u00fd model Enyaq iV. Aquapalace Praha jej nav\u00edc obdaruje VIP \u010dlenstv\u00edm v hodnot\u011b 100 000 korun.<\/p>\n\n\n\n<p>Druh\u00e9 m\u00edsto v&nbsp;anket\u011b \u010cEZ Kr\u00e1l cyklistiky 2021 obsadil \u00fa\u0159aduj\u00edc\u00ed mistr sv\u011bta ve fourcrossu Tom\u00e1\u0161 Slav\u00edk, t\u0159et\u00ed skon\u010dil silni\u010d\u00e1\u0159 Zden\u011bk \u0160tybar, jen\u017e dojel sedm\u00fd v&nbsp;silni\u010dn\u00edm z\u00e1vod\u011b na mistrovstv\u00ed sv\u011bta v&nbsp;Belgii.<\/p>\n\n\n\n<p>Slavnostn\u00ed vyhl\u00e1\u0161en\u00ed prob\u011bhlo v Kongresov\u00e9m s\u00e1le PVA EXPO PRAHA Let\u0148any, div\u00e1ci ho mohli sledovat v&nbsp;p\u0159\u00edm\u00e9m p\u0159enosu na kan\u00e1lu \u010cT Sport. Po\u0159adatelem akce byl cyklistick\u00fd veletrh FOR BIKES.<\/p>\n\n\n\n<p>V&nbsp;anket\u011b \u010cEZ Kr\u00e1l cyklistiky 2021 byli vyhl\u00e1\u0161eni i v\u00edt\u011bzov\u00e9 za jednotliv\u00e9 discipl\u00edny: silnice, dr\u00e1ha, MTB, BMX, cyklokros, s\u00e1lov\u00e1 cyklistika, nejlep\u0161\u00ed handicapovan\u00ed cyklist\u00e9 a nejlep\u0161\u00ed junio\u0159i.<\/p>\n\n\n\n<p>Do S\u00edn\u011b sl\u00e1vy byl uveden b\u00fdval\u00fd cyklista a tren\u00e9r \u010cestm\u00edr Kala\u0161, pozd\u011bji tak\u00e9 \u00fasp\u011b\u0161n\u00fd cyklistick\u00fd \u010dinovn\u00edk a organiz\u00e1tor z\u00e1vod\u016f zejm\u00e9na na poli cyklokrosu. Je rovn\u011b\u017e zakladatelem renomovan\u00e9 firmy na v\u00fdrobu cyklistick\u00fdch dres\u016f KALAS Sportswear, kter\u00e1 u\u017e m\u00e1 dnes sv\u011btov\u00fd v\u011bhlas, proto\u017ee obl\u00e9k\u00e1 krom\u011b \u010desk\u00fdch reprezentac\u00ed i n\u00e1rodn\u00ed t\u00fdm Velk\u00e9 Brit\u00e1nie nebo silni\u010dn\u00ed st\u00e1j Alpecin-Fenix s&nbsp;hv\u011bzdou Mathieu van der Poelem.<\/p>\n\n\n\n<p><strong>V\u00fdsledky \u2013 \u010cEZ Kr\u00e1l cyklistiky 2021: <\/strong>1. Ond\u0159ej Cink (MTB \u2013 cross country), 2. Tom\u00e1\u0161 Slav\u00edk (MTB \u2013 fourcross), 3. Zden\u011bk \u0160tybar (silnice).<\/p>\n\n\n\n<p><strong>Absolutn\u00ed v\u00edt\u011bzov\u00e9 jednotliv\u00fdch discipl\u00edn:<\/strong><\/p>\n\n\n\n<p><strong>Silnice: <\/strong>Zden\u011bk \u0160tybar<\/p>\n\n\n\n<p><strong>MTB:<\/strong> Tom\u00e1\u0161 Slav\u00edk<\/p>\n\n\n\n<p><strong>Dr\u00e1ha:<\/strong> Radovan \u0160tec<\/p>\n\n\n\n<p><strong>Cyklokros: <\/strong>Krist\u00fdna Zemanov\u00e1<\/p>\n\n\n\n<p><strong>BMX:<\/strong> Eli\u0161ka Bartu\u0148kov\u00e1<\/p>\n\n\n\n<p><strong>Trial:<\/strong> Tom\u00e1\u0161 Vep\u0159ek<\/p>\n\n\n\n<p><strong>S\u00e1lov\u00e1 cyklistika:<\/strong> Jakub Ma\u0161ek<\/p>\n\n\n\n<p><strong>Handicapovan\u00ed cyklist\u00e9:<\/strong> Patrik Jahoda<\/p>\n\n\n\n<p><strong>Junior roku:<\/strong> Radovan \u0160tec<\/p>\n\n\n\n<p><strong>Juniorka roku:<\/strong> Gabriela B\u00e1rtov\u00e1<\/p>\n\n\n\n<p><strong>S\u00ed\u0148 sl\u00e1vy: <\/strong>\u010cestm\u00edr Kala\u0161<\/p>\n\n\n\n<figure class=\"wp-block-image size-large\"><img decoding=\"async\" src=\"blob:https:\/\/www.czechcyclingfederation.com\/3627c6df-2a80-4395-8ec8-21cf7448b7cf\" alt=\"\"\/><\/figure>\n\n\n\n<figure class=\"wp-block-image size-large\"><img decoding=\"async\" src=\"blob:https:\/\/www.czechcyclingfederation.com\/39256399-078c-408e-9645-35f67358291e\" alt=\"\"\/><\/figure>\n","protected":false},"excerpt":{"rendered":"<p>Ond\u0159ej Cink, jednat\u0159icetilet\u00fd biker polsk\u00e9 st\u00e1je Kross Orlen Cycling Team, byl vyhl\u00e1\u0161en Kr\u00e1lem \u010desk\u00e9 cyklistiky za rok 2021. V&nbsp;anket\u011b \u010cesk\u00e9ho svazu cyklistiky, jej\u00edm\u017e gener\u00e1ln\u00edm partnerem je spole\u010dnost \u010cEZ, porazil fourcrossa\u0159e Tom\u00e1\u0161e Slav\u00edka a silni\u010d\u00e1\u0159e Zde\u0148ka \u0160tybara. \u201eJe to kr\u00e1sn\u00e9 ocen\u011bn\u00ed a moc si ho v\u00e1\u017e\u00edm,\u201c \u0159ekl Cink, kter\u00fd se stal 57. Kr\u00e1lem \u010desk\u00e9 cyklistiky a [&hellip;]<\/p>\n","protected":false},"author":15,"featured_media":0,"comment_status":"closed","ping_status":"open","sticky":false,"template":"","format":"standard","meta":{"footnotes":""},"categories":[2],"tags":[119],"class_list":["post-10930","post","type-post","status-publish","format-standard","hentry","category-novinky","tag-csc"],"_links":{"self":[{"href":"https:\/\/www.czechcyclingfederation.com\/en\/wp-json\/wp\/v2\/posts\/10930","targetHints":{"allow":["GET"]}}],"collection":[{"href":"https:\/\/www.czechcyclingfederation.com\/en\/wp-json\/wp\/v2\/posts"}],"about":[{"href":"https:\/\/www.czechcyclingfederation.com\/en\/wp-json\/wp\/v2\/types\/post"}],"author":[{"embeddable":true,"href":"https:\/\/www.czechcyclingfederation.com\/en\/wp-json\/wp\/v2\/users\/15"}],"replies":[{"embeddable":true,"href":"https:\/\/www.czechcyclingfederation.com\/en\/wp-json\/wp\/v2\/comments?post=10930"}],"version-history":[{"count":0,"href":"https:\/\/www.czechcyclingfederation.com\/en\/wp-json\/wp\/v2\/posts\/10930\/revisions"}],"wp:attachment":[{"href":"https:\/\/www.czechcyclingfederation.com\/en\/wp-json\/wp\/v2\/media?parent=10930"}],"wp:term":[{"taxonomy":"category","embeddable":true,"href":"https:\/\/www.czechcyclingfederation.com\/en\/wp-json\/wp\/v2\/categories?post=10930"},{"taxonomy":"post_tag","embeddable":true,"href":"https:\/\/www.czechcyclingfederation.com\/en\/wp-json\/wp\/v2\/tags?post=10930"}],"curies":[{"name":"wp","href":"https:\/\/api.w.org\/{rel}","templated":true}]}}