{"id":109,"date":"2020-04-02T22:09:23","date_gmt":"2020-04-02T20:09:23","guid":{"rendered":"https:\/\/www.czechcyclingfederation.com\/?p=109"},"modified":"2020-07-16T13:41:45","modified_gmt":"2020-07-16T11:41:45","slug":"testovaci-prispevek-1","status":"publish","type":"post","link":"https:\/\/www.czechcyclingfederation.com\/en\/testovaci-prispevek-1\/","title":{"rendered":"Testovac\u00ed p\u0159\u00edsp\u011bvek 8"},"content":{"rendered":"\n<p>Testovac\u00ed p\u0159\u00edsp\u011bvek 1. Testovac\u00ed p\u0159\u00edsp\u011bvek 1Testovac\u00ed p\u0159\u00edsp\u011bvek 1Testovac\u00ed p\u0159\u00edsp\u011bvek 1Testovac\u00ed p\u0159\u00edsp\u011bvek 1Testovac\u00ed p\u0159\u00edsp\u011bvek 1Testovac\u00ed p\u0159\u00edsp\u011bvek 1Testovac\u00ed p\u0159\u00edsp\u011bvek 1Testovac\u00ed p\u0159\u00edsp\u011bvek 1Testovac\u00ed p\u0159\u00edsp\u011bvek<\/p>\n\n\n\n<!--more-->\n","protected":false},"excerpt":{"rendered":"<p>Testovac\u00ed p\u0159\u00edsp\u011bvek 1. Testovac\u00ed p\u0159\u00edsp\u011bvek 1Testovac\u00ed p\u0159\u00edsp\u011bvek 1Testovac\u00ed p\u0159\u00edsp\u011bvek 1Testovac\u00ed p\u0159\u00edsp\u011bvek 1Testovac\u00ed p\u0159\u00edsp\u011bvek 1Testovac\u00ed p\u0159\u00edsp\u011bvek 1Testovac\u00ed p\u0159\u00edsp\u011bvek 1Testovac\u00ed p\u0159\u00edsp\u011bvek 1Testovac\u00ed p\u0159\u00edsp\u011bvek<\/p>\n","protected":false},"author":1,"featured_media":110,"comment_status":"closed","ping_status":"open","sticky":false,"template":"","format":"standard","meta":{"footnotes":""},"categories":[2],"tags":[10],"class_list":["post-109","post","type-post","status-publish","format-standard","has-post-thumbnail","hentry","category-novinky","tag-mtb"],"_links":{"self":[{"href":"https:\/\/www.czechcyclingfederation.com\/en\/wp-json\/wp\/v2\/posts\/109","targetHints":{"allow":["GET"]}}],"collection":[{"href":"https:\/\/www.czechcyclingfederation.com\/en\/wp-json\/wp\/v2\/posts"}],"about":[{"href":"https:\/\/www.czechcyclingfederation.com\/en\/wp-json\/wp\/v2\/types\/post"}],"author":[{"embeddable":true,"href":"https:\/\/www.czechcyclingfederation.com\/en\/wp-json\/wp\/v2\/users\/1"}],"replies":[{"embeddable":true,"href":"https:\/\/www.czechcyclingfederation.com\/en\/wp-json\/wp\/v2\/comments?post=109"}],"version-history":[{"count":5,"href":"https:\/\/www.czechcyclingfederation.com\/en\/wp-json\/wp\/v2\/posts\/109\/revisions"}],"predecessor-version":[{"id":157,"href":"https:\/\/www.czechcyclingfederation.com\/en\/wp-json\/wp\/v2\/posts\/109\/revisions\/157"}],"wp:featuredmedia":[{"embeddable":true,"href":"https:\/\/www.czechcyclingfederation.com\/en\/wp-json\/wp\/v2\/media\/110"}],"wp:attachment":[{"href":"https:\/\/www.czechcyclingfederation.com\/en\/wp-json\/wp\/v2\/media?parent=109"}],"wp:term":[{"taxonomy":"category","embeddable":true,"href":"https:\/\/www.czechcyclingfederation.com\/en\/wp-json\/wp\/v2\/categories?post=109"},{"taxonomy":"post_tag","embeddable":true,"href":"https:\/\/www.czechcyclingfederation.com\/en\/wp-json\/wp\/v2\/tags?post=109"}],"curies":[{"name":"wp","href":"https:\/\/api.w.org\/{rel}","templated":true}]}}