{"id":10876,"date":"2022-01-26T18:36:36","date_gmt":"2022-01-26T17:36:36","guid":{"rendered":"https:\/\/www.czechcyclingfederation.com\/?p=10876"},"modified":"2022-01-26T22:11:51","modified_gmt":"2022-01-26T21:11:51","slug":"turek-ovladl-gp-slovenska-na-trenazeru","status":"publish","type":"post","link":"https:\/\/www.czechcyclingfederation.com\/en\/turek-ovladl-gp-slovenska-na-trenazeru\/","title":{"rendered":"Turek ovl\u00e1dl GP Slovenska na trena\u017eeru"},"content":{"rendered":"\n<p>Daniel Turek, cyklista rakousk\u00e9 st\u00e1je Felbermayr-Simplon Wels, se stal v\u00edt\u011bzem GP Slovenska, druh\u00e9ho d\u00edlu virtu\u00e1ln\u00edch z\u00e1vod\u016f Visegrad 4 e-cup na trena\u017eerech na platform\u011b Rouvy.<\/p>\n\n\n\n<p>Tentokr\u00e1t se z\u00e1vodilo na trase dlouh\u00e9 28,6 km s&nbsp;p\u0159ev\u00fd\u0161en\u00edm 598 m, kter\u00e1 m\u011bla start i c\u00edl na autodromu Enza a Dina Ferrariho v&nbsp;Imole, kde se bojovalo o tituly mistr\u016f sv\u011bta na silnici v&nbsp;roce 2020.<\/p>\n\n\n\n<p>Turek, kter\u00fd je v&nbsp;t\u00e9to discipl\u00edn\u011b \u00fa\u0159aduj\u00edc\u00edm mistrem republiky, se z\u00e1vodu z\u00fa\u010dastnil na soust\u0159ed\u011bn\u00ed na Kan\u00e1rsk\u00fdch ostrovech. \u201eZe za\u010d\u00e1tku jsem m\u011bl tro\u0161ku krizi, nec\u00edtil jsem moc nohy, ale na\u0161t\u011bst\u00ed jsem se rozjel. Tyhle z\u00e1vody jsou fajn zpest\u0159en\u00ed p\u0159\u00edpravy v&nbsp;zimn\u00edm obdob\u00ed a ur\u010dit\u011b maj\u00ed budoucnost,\u201c uvedl v\u00edt\u011bz.<\/p>\n\n\n\n<p>Druhou p\u0159\u00ed\u010dku se ztr\u00e1tou 6 sekund obsadil mlad\u00edk Richard Kobr z&nbsp;t\u00fdmu Roman Kreuziger Cycling Academy, kter\u00fd je prvn\u00edm rokem junior a vloni se stal mistrem republiky v&nbsp;silni\u010dn\u00edm z\u00e1vod\u011b mezi kadety.<\/p>\n\n\n\n<p>Seri\u00e1l po dvou z\u00e1vodech pr\u016fb\u011b\u017en\u011b vede Ji\u0159\u00ed Petr (Salomon\/Suunto), kter\u00fd na GP Slovakia dojel p\u00e1t\u00fd a v&nbsp;\u00favodn\u00ed GP \u010cesk\u00e9 republiky skon\u010dil t\u0159et\u00ed. Z\u00e1vod \u017een ovl\u00e1dla stejn\u011b jako prvn\u00ed d\u00edl Kana\u010fanka Stephanie Briggsov\u00e1, nejlep\u0161\u00ed \u010ce\u0161kou byla \u010dtvrt\u00e1 Eli\u0161ka Kvasni\u010dkov\u00e1.<\/p>\n\n\n\n<p><strong>V\u00fdsledky \u2013 mu\u017ei: <\/strong>1. Turek (Felbermayr-Simplon Wels) 43:12, 2. Richard Kobr (Roman Kreuziger Cycling Academy) -6, 3. Kadlec (Dukla Praha) -58, 4. Hrdina (NeXT ESPORT p\/b ENSHORED) -1:00, 5. Petr (Salomon\/Suunto) -1:06.<\/p>\n\n\n\n<p><strong>\u017deny: <\/strong>1. Briggsov\u00e1 (Kanada) 49:58, 2. Firtakov\u00e1 (Pol.) -1:05 min., 3. Dubovsk\u00e1 (SR) -1:12, <strong>4. Kvasni\u010dkov\u00e1<\/strong> (\u010cR) -1:24, 5. Hardtov\u00e1 (N\u011bm.) -2:54.<\/p>\n\n\n\n<figure class=\"wp-block-image size-large\"><img decoding=\"async\" src=\"https:\/\/www.czechcyclingfederation.com\/wp-content\/uploads\/2022\/01\/PHOTO-2022-01-25-20-31-38-1-1024x638.jpg\" alt=\"\" class=\"wp-image-10877\"\/><\/figure>\n","protected":false},"excerpt":{"rendered":"<p>Daniel Turek, cyklista rakousk\u00e9 st\u00e1je Felbermayr-Simplon Wels, se stal v\u00edt\u011bzem GP Slovenska, druh\u00e9ho d\u00edlu virtu\u00e1ln\u00edch z\u00e1vod\u016f Visegrad 4 e-cup na trena\u017eerech na platform\u011b Rouvy. Tentokr\u00e1t se z\u00e1vodilo na trase dlouh\u00e9 28,6 km s&nbsp;p\u0159ev\u00fd\u0161en\u00edm 598 m, kter\u00e1 m\u011bla start i c\u00edl na autodromu Enza a Dina Ferrariho v&nbsp;Imole, kde se bojovalo o tituly mistr\u016f sv\u011bta na [&hellip;]<\/p>\n","protected":false},"author":15,"featured_media":0,"comment_status":"closed","ping_status":"open","sticky":false,"template":"","format":"standard","meta":{"footnotes":""},"categories":[2],"tags":[119],"class_list":["post-10876","post","type-post","status-publish","format-standard","hentry","category-novinky","tag-csc"],"_links":{"self":[{"href":"https:\/\/www.czechcyclingfederation.com\/en\/wp-json\/wp\/v2\/posts\/10876","targetHints":{"allow":["GET"]}}],"collection":[{"href":"https:\/\/www.czechcyclingfederation.com\/en\/wp-json\/wp\/v2\/posts"}],"about":[{"href":"https:\/\/www.czechcyclingfederation.com\/en\/wp-json\/wp\/v2\/types\/post"}],"author":[{"embeddable":true,"href":"https:\/\/www.czechcyclingfederation.com\/en\/wp-json\/wp\/v2\/users\/15"}],"replies":[{"embeddable":true,"href":"https:\/\/www.czechcyclingfederation.com\/en\/wp-json\/wp\/v2\/comments?post=10876"}],"version-history":[{"count":0,"href":"https:\/\/www.czechcyclingfederation.com\/en\/wp-json\/wp\/v2\/posts\/10876\/revisions"}],"wp:attachment":[{"href":"https:\/\/www.czechcyclingfederation.com\/en\/wp-json\/wp\/v2\/media?parent=10876"}],"wp:term":[{"taxonomy":"category","embeddable":true,"href":"https:\/\/www.czechcyclingfederation.com\/en\/wp-json\/wp\/v2\/categories?post=10876"},{"taxonomy":"post_tag","embeddable":true,"href":"https:\/\/www.czechcyclingfederation.com\/en\/wp-json\/wp\/v2\/tags?post=10876"}],"curies":[{"name":"wp","href":"https:\/\/api.w.org\/{rel}","templated":true}]}}