{"id":10838,"date":"2022-01-17T11:20:07","date_gmt":"2022-01-17T10:20:07","guid":{"rendered":"https:\/\/www.czechcyclingfederation.com\/?p=10838"},"modified":"2022-01-18T10:47:45","modified_gmt":"2022-01-18T09:47:45","slug":"prostejovsti-cykliste-vyhlizi-sportovni-rok-2022","status":"publish","type":"post","link":"https:\/\/www.czechcyclingfederation.com\/en\/prostejovsti-cykliste-vyhlizi-sportovni-rok-2022\/","title":{"rendered":"Prost\u011bjov\u0161t\u00ed cyklist\u00e9 vyhl\u00ed\u017e\u00ed sportovn\u00ed rok 2022"},"content":{"rendered":"\n<p>Cyklistick\u00e1 sez\u00f3na roku 2021 byla pro jezdce t\u00fdmu TUFO Pardus Prost\u011bjov opravdu dlouh\u00e1 a kon\u010dila a\u017e 19. prosince posledn\u00edm z\u00e1vodem na velodromu v Praze Motole. Te\u010dku za z\u00e1vodn\u00edm rokem ud\u011blal mistrovsk\u00fd z\u00e1vod ve vylu\u010dovac\u00edm z\u00e1vod\u011b. Pak u\u017e se z\u00e1vodn\u00edci, ale i t\u00fdm tren\u00e9r\u016f, mas\u00e9\u0159i a mechanici, do\u010dkali zaslou\u017een\u00e9ho odpo\u010dinku. Po v\u00e1no\u010dn\u00edch a novoro\u010dn\u00edch sv\u00e1tc\u00edch u\u017e ov\u0161em p\u0159\u00edprava b\u011b\u017e\u00ed naplno.<\/p>\n\n\n\n<p>Posledn\u00ed z\u00e1vod sez\u00f3ny roku 2021 je\u0161t\u011b p\u0159inesl z\u00e1sluhou Maty\u00e1\u0161e Kobl\u00ed\u017eka posledn\u00ed mistrovsk\u00fd titul do u\u017e tak nev\u00eddan\u00e9 sb\u00edrky medail\u00ed. Maty\u00e1\u0161, jako \u00fa\u0159aduj\u00ed mistr Evropy nenechal nikoho na pochyb\u00e1ch a ve sv\u00e9 par\u00e1dn\u00ed discipl\u00edn\u011b vylu\u010dovac\u00edm z\u00e1vod\u011b, bral i dom\u00e1c\u00ed titul.<\/p>\n\n\n\n<p>Po zaslou\u017een\u00e9m sv\u00e1te\u010dn\u00edm odpo\u010dinku, se p\u0159\u00edprava na novou sez\u00f3nu op\u011bt rozb\u011bhla v pln\u00fdch obr\u00e1tk\u00e1ch. Po\u010das\u00ed je sice lednov\u011b chladn\u00e9, proto se do tr\u00e9ninku zapojuj\u00ed ergometry, v\u00e1lce a tak\u00e9 posilovna, kterou se na velodromu poda\u0159ilo v z\u00e1kladu vybavit.<\/p>\n\n\n\n<p>&#8220;P\u0159\u00edprava v chladn\u00e9m po\u010das\u00ed na\u0161\u00ed zem\u011bpisn\u00e9 polohy p\u0159\u00edprav\u011b opravdu moc nep\u0159eje. Proto u\u017e 22. ledna odj\u00ed\u017ed\u00edme na dva t\u00fddny do Tosk\u00e1nska a na stejn\u00e9 m\u00edsto odcestujeme na dal\u0161\u00ed dva t\u00fddny na p\u0159elomu \u00fanora a b\u0159ezna. V minul\u00e9m roce jsme si nasadili la\u0165ku hodn\u011b vysoko a pro obhajobu chceme ud\u011blat maximum,\u201c \u0159\u00edk\u00e1 Martin Cetkovsk\u00fd, \u0161\u00e9ftren\u00e9r prost\u011bjovsk\u00e9 ml\u00e1de\u017ee.<\/p>\n\n\n\n<p>Prost\u011bjov\u0161t\u00ed budou disponovat siln\u00fdm t\u00fdmem junior\u016f a c\u00edlem pro leto\u0161n\u00ed sez\u00f3nu jsou nejen dom\u00e1c\u00ed \u0161ampion\u00e1ty, ale p\u0159edev\u0161\u00edm prosazen\u00ed se do n\u00e1rodn\u00edho t\u00fdmu a bojovat o co nejlep\u0161\u00ed um\u00edst\u011bn\u00ed na mistrovstv\u00ed sv\u011bta a Evropy.<\/p>\n\n\n\n<p>Z\u00e1vodn\u00ed sez\u00f3na ml\u00e1de\u017enick\u00fdm kategori\u00edm za\u010d\u00edn\u00e1 posledn\u00ed b\u0159eznov\u00fd v\u00edkend dvojz\u00e1vodem \u010cesk\u00e9ho poh\u00e1ru na silnici v Pardubic\u00edch. N\u00e1sledn\u011b \u010dek\u00e1 mlad\u00e9 cyklisty nabit\u00fd program a\u017e do z\u00e1\u0159\u00ed.<\/p>\n\n\n\n<p>Tak\u00e9 slo\u017een\u00ed t\u00fdmu mu\u017e\u016f je ji\u017e kompletn\u00ed a z\u00e1vodn\u00edci se zodpov\u011bdn\u011b p\u0159ipravuj\u00ed na dal\u0161\u00ed sez\u00f3nu se statusem UCI Continental Team. Prvn\u00ed spole\u010dn\u00e9 soust\u0159ed\u011bn\u00ed je pl\u00e1nov\u00e1no v \u00fanoru do \u0160pan\u011blska, kde budou v\u0161ichni z\u00e1vodn\u00edci finalizovat svoji formu p\u0159ed prvn\u00edmi z\u00e1vody z kalend\u00e1\u0159e UCI. Prvn\u00ed starty obstaraj\u00ed jako ji\u017e tradi\u010dn\u011b z\u00e1vody na \u0159eck\u00e9m ostrov\u011b Rhodos.<\/p>\n\n\n\n<p>Sportovn\u00ed \u0159editel t\u00fdmu Michal Mr\u00e1\u010dek k tomu dod\u00e1v\u00e1: \u201eV p\u0159\u00ed\u0161t\u00ed sez\u00f3n\u011b bude n\u00e1\u0161 program zam\u011b\u0159en jak na silnici, tak dr\u00e1hu. Mysl\u00edm si, \u017ee sportovn\u00ed kalend\u00e1\u0159 je dostate\u010dn\u011b kvalitn\u00ed a pestr\u00fd, co\u017e d\u00e1v\u00e1 mo\u017enost ka\u017ed\u00e9mu ze z\u00e1vodn\u00edk\u016f na\u0161eho t\u00fdmu vyniknout.&#8221;<\/p>\n","protected":false},"excerpt":{"rendered":"<p>Cyklistick\u00e1 sez\u00f3na roku 2021 byla pro jezdce t\u00fdmu TUFO Pardus Prost\u011bjov opravdu dlouh\u00e1 a kon\u010dila a\u017e 19. prosince posledn\u00edm z\u00e1vodem na velodromu v Praze Motole. Te\u010dku za z\u00e1vodn\u00edm rokem ud\u011blal mistrovsk\u00fd z\u00e1vod ve vylu\u010dovac\u00edm z\u00e1vod\u011b. Pak u\u017e se z\u00e1vodn\u00edci, ale i t\u00fdm tren\u00e9r\u016f, mas\u00e9\u0159i a mechanici, do\u010dkali zaslou\u017een\u00e9ho odpo\u010dinku. Po v\u00e1no\u010dn\u00edch a novoro\u010dn\u00edch sv\u00e1tc\u00edch u\u017e [&hellip;]<\/p>\n","protected":false},"author":8,"featured_media":10839,"comment_status":"closed","ping_status":"open","sticky":false,"template":"","format":"standard","meta":{"footnotes":""},"categories":[54,2,18],"tags":[9,11],"class_list":["post-10838","post","type-post","status-publish","format-standard","has-post-thumbnail","hentry","category-draha","category-novinky","category-silnice","tag-draha","tag-silnice"],"_links":{"self":[{"href":"https:\/\/www.czechcyclingfederation.com\/en\/wp-json\/wp\/v2\/posts\/10838","targetHints":{"allow":["GET"]}}],"collection":[{"href":"https:\/\/www.czechcyclingfederation.com\/en\/wp-json\/wp\/v2\/posts"}],"about":[{"href":"https:\/\/www.czechcyclingfederation.com\/en\/wp-json\/wp\/v2\/types\/post"}],"author":[{"embeddable":true,"href":"https:\/\/www.czechcyclingfederation.com\/en\/wp-json\/wp\/v2\/users\/8"}],"replies":[{"embeddable":true,"href":"https:\/\/www.czechcyclingfederation.com\/en\/wp-json\/wp\/v2\/comments?post=10838"}],"version-history":[{"count":1,"href":"https:\/\/www.czechcyclingfederation.com\/en\/wp-json\/wp\/v2\/posts\/10838\/revisions"}],"predecessor-version":[{"id":10840,"href":"https:\/\/www.czechcyclingfederation.com\/en\/wp-json\/wp\/v2\/posts\/10838\/revisions\/10840"}],"wp:featuredmedia":[{"embeddable":true,"href":"https:\/\/www.czechcyclingfederation.com\/en\/wp-json\/wp\/v2\/media\/10839"}],"wp:attachment":[{"href":"https:\/\/www.czechcyclingfederation.com\/en\/wp-json\/wp\/v2\/media?parent=10838"}],"wp:term":[{"taxonomy":"category","embeddable":true,"href":"https:\/\/www.czechcyclingfederation.com\/en\/wp-json\/wp\/v2\/categories?post=10838"},{"taxonomy":"post_tag","embeddable":true,"href":"https:\/\/www.czechcyclingfederation.com\/en\/wp-json\/wp\/v2\/tags?post=10838"}],"curies":[{"name":"wp","href":"https:\/\/api.w.org\/{rel}","templated":true}]}}