{"id":10829,"date":"2022-01-16T16:39:46","date_gmt":"2022-01-16T15:39:46","guid":{"rendered":"https:\/\/www.czechcyclingfederation.com\/?p=10829"},"modified":"2022-01-17T08:51:03","modified_gmt":"2022-01-17T07:51:03","slug":"cesky-prapor-opet-drzely-juniorky","status":"publish","type":"post","link":"https:\/\/www.czechcyclingfederation.com\/en\/cesky-prapor-opet-drzely-juniorky\/","title":{"rendered":"\u010cesk\u00fd prapor op\u011bt dr\u017eely juniorky"},"content":{"rendered":"\n<p>P\u0159edposledn\u00ed d\u00edl seri\u00e1lu Sv\u011btov\u00e9ho cyklokrosov\u00e9ho poh\u00e1ru ve francouzsk\u00e9m Flamaville op\u011bt uk\u00e1zal, \u017ee \u010desk\u00e9 nad\u011bje p\u0159ed bl\u00ed\u017e\u00edc\u00edm se mistrovstv\u00edm sv\u011bta v USA budou p\u0159edev\u0161\u00edm na\u0161e juniorky. Dnes op\u011bt \u010dty\u0159i z nich skon\u010dily v elitn\u00ed des\u00edtce a Kate\u0159ina Hlad\u00edkov\u00e1 se prosadila na stupn\u011b v\u00edt\u011bzek, kdy\u017e skon\u010dila t\u0159et\u00ed.<\/p>\n\n\n\n<p>V\u00fdborn\u011b ale jely i dal\u0161\u00ed &#8211; Eli\u0161ka Han\u00e1kov\u00e1 skon\u010dila \u0161est\u00e1, Julia Kopecky osm\u00e1 a Vanda Dlaskov\u00e1 uzav\u0159ela prvn\u00ed des\u00edtku. &#8220;\u0160patn\u00fd start m\u011bly Han\u00e1kov\u00e1 a Dlaskov\u00e1, ale pak se posouvaly dop\u0159edu. Hodn\u011b dobr\u00fd z\u00e1vod zajela Hlad\u00edkov\u00e1, p\u0159esto\u017ee v t\u00fddnu ani moc netr\u00e9novala. Cel\u00fd z\u00e1vod si hl\u00eddala pozici, takticky jela tak\u00e9 dost dob\u0159e, na dv\u011b nejlep\u0161\u00ed nem\u011bla,&#8221; \u0159ekl reprezenta\u010dn\u00ed tren\u00e9r Petr Klou\u010dek.<\/p>\n\n\n\n<p>&#8220;Jsem spokojen\u00e1 dost. Sice nejelo tolik holek, ale konkurence byla siln\u00e1, ty nejlep\u0161\u00ed tady byly. V t\u00fddnu jsem m\u011bla n\u011bjak\u00e9 st\u0159evn\u00ed probl\u00e9my a tro\u0161ku mi do\u0161lo, ale nohy byly dobr\u00e1. Jsou to m\u00e9 prvn\u00ed stupn\u011b v\u00edt\u011bzek, tak jsem nad\u0161en\u00e1,&#8221; \u0159ekla Hlad\u00edkov\u00e1, kter\u00e1 zat\u00edm byla nejlep\u0161\u00ed v T\u00e1bo\u0159e na \u010dtvrt\u00e9m m\u00edst\u011b.<\/p>\n\n\n\n<p>I v celkov\u00e9m po\u0159ad\u00ed jsou v\u0161echny \u010dty\u0159i na\u0161e z\u00e1vodnice v prvn\u00ed des\u00edtce Hlad\u00edkov\u00e1 (6.), Han\u00e1kov\u00e1 (7.), Kopecky (9.) a Dlaskov\u00e1 (10.). Seri\u00e1l vyhr\u00e1la dne\u0161n\u00ed v\u00edt\u011bzka Leonie Bentveldov\u00e1 z Nizozem\u00ed.<\/p>\n\n\n\n<p>Ji\u017e \u0161est\u00fdm prvenstv\u00edm potvrdil celkov\u00e9 v\u00edt\u011bzstv\u00ed v seri\u00e1lu Belgi\u010dan Eli Iserbyt, kter\u00fd vyhr\u00e1l p\u0159ed sv\u00fdmi krajany Toonem Aertsem a Michaelem Vanthourenhoutem. \u010ce\u0161t\u00ed jezdci, stejn\u011b jako \u0159ada dal\u0161\u00edch, tentokr\u00e1t dali p\u0159ednost p\u0159ed z\u00e1vodem p\u0159\u00edprav\u011b na sv\u011btov\u00fd \u0161ampion\u00e1t.<\/p>\n\n\n\n<p>Z\u00e1vod \u017een vynechala \u0159ada z\u00e1vodnic z pop\u0159ed\u00ed pr\u016fb\u011b\u017en\u00e9ho po\u0159ad\u00ed seri\u00e1lu SP v\u010detn\u011b dvojice nejlep\u0161\u00edch Nizozemek Lucindy Brandov\u00e9 a Denise Betsemaov\u00e9, z nich\u017e ta prvn\u00ed si ji\u017e s p\u0159edstihem zajistila celkov\u00e9 prvenstv\u00ed v SP. I tak Nizozemky kralovaly a sv\u00e9 \u00fasp\u011b\u0161n\u011bj\u0161\u00ed kolegyn\u011b zastoupily na nejvy\u0161\u0161\u00edch p\u0159\u00ed\u010dk\u00e1ch Fem van Empelov\u00e1 a Puck Pietersov\u00e1, kdy\u017e i o sv\u00e9m druh\u00e9m triumfu v sou\u010dasn\u00e9m seri\u00e1lu rozhodla prvn\u011b jmenovan\u00e1 a\u017e v z\u00e1v\u011bre\u010dn\u00e9m spurtu a na stupn\u011b pro trio nejlep\u0161\u00edch je doprovodila Ma\u010farka Kata Blanka Vasov\u00e1.<\/p>\n\n\n\n<p>Podruh\u00e9 se do bodovan\u00e9 p\u011btadvac\u00edtky dostala \u010desk\u00e1 \u0161ampionka Krist\u00fdna Zemanov\u00e1, kter\u00e1 si osmn\u00e1ct\u00fdm m\u00edstem vyjela sv\u00e9 osobn\u00ed maximum a mezi z\u00e1vodnicemi kategorie do 23 let skon\u010dila \u010dtvrt\u00e1.&nbsp;<\/p>\n\n\n\n<p>Mezi juniory potvrdil sv\u00e9 dosavadn\u00ed v\u00fdsostn\u00e9 postaven\u00ed David Haverdings z Nizozem\u00ed, kter\u00fd ani ne \u010dtvrt\u00e9m d\u00edlu SP nena\u0161el p\u0159emo\u017eitele. Z na\u0161ich krosa\u0159\u016f byl nejlep\u0161\u00ed Ond\u0159ej Novotn\u00fd, ale c\u00edlem projel a\u017e \u010dtrn\u00e1ct\u00fd, zat\u00edm nejlep\u0161\u00ed \u010cech v seri\u00e1lu V\u00e1clav Je\u017eek m\u011bl v prvn\u00edm kole dva p\u00e1dy a obsadil a\u017e 24. m\u00edsto, celkov\u011b skon\u010dil dvan\u00e1ct\u00fd. &#8220;Asi jsme od kluk\u016f \u010dekali v\u00edce, ale na jejich omluvu lze \u0159\u00edci, \u017ee maj\u00ed po n\u00e1ro\u010dn\u00e9m soust\u0159ed\u011bn\u00ed,&#8221; byl stru\u010dn\u00fd Klou\u010dek.<\/p>\n\n\n\n<p>Mezi nejlep\u0161\u00ed se neprosadili ani jezdci U23, nejlep\u0161\u00ed z nich byl Mat\u011bj Str\u00e1nsk\u00fd na osmn\u00e1ct\u00e9m m\u00edst\u011b, zv\u00edt\u011bzil Belgi\u010dan Emiel Verstrynge.<\/p>\n\n\n\n<p>V\u00fdsledky:<\/p>\n\n\n\n<p>Juniorky:<\/p>\n\n\n\n<p>1. Bentveldov\u00e1 (Niz.) 39:03, 2. Corviov\u00e1 (It.) +3, 3. Hlad\u00edkov\u00e1 +33, &#8230;6. Han\u00e1kov\u00e1 ob\u011b +1:12, 8. Kopecky +1:38, 10. Dlaskov\u00e1 +2:23, 22. Je\u0159\u00e1bkov\u00e1 (v\u0161echny \u010cR) +4:42.<\/p>\n\n\n\n<p>Junio\u0159i:<\/p>\n\n\n\n<p>1. Haverdings (Niz.) 2:16, 2. Leseuer (Fr.) +1:11, 3. Paletti (It.) +1:19, &#8230;14. Novotn\u00fd +2:44, 15. Hojka +2:49, 24. Je\u017eek (v\u0161ichni \u010cR) +5:09.<\/p>\n\n\n\n<p>Mu\u017ei U23:<\/p>\n\n\n\n<p>1.Verstrynge (Belg.) 48:53, 2. Kamp +3, 3. Hendrikx (oba Niz.) +25, &#8230;18. Str\u00e1nsk\u00fd +3:10, 21. Fiala +4:02, 27. Jind\u0159ich (v\u0161ichni \u010cR) +5:31.<\/p>\n\n\n\n<p>\u017deny:<\/p>\n\n\n\n<p>1. van Empelov\u00e1 53:39, 2. Pietersov\u00e1 (ob\u011b Niz.) stejn\u00fd \u010das, 3. Vasov\u00e1 (Ma\u010f.) +23, 4. van der Heijdenov\u00e1 (Niz.) +1:29, 5. Persicov\u00e1 (It.) +1:33, 6. H. Clauzelov\u00e1 (Fr.) +1:50, &#8230;18. Zemanov\u00e1 (\u010cR) +4:58.<\/p>\n\n\n\n<p>Pr\u016fb\u011b\u017en\u00e9 po\u0159ad\u00ed (po 14 z\u00e1vodech):<\/p>\n\n\n\n<p>1. Brandov\u00e1 402, 2. Betsemaov\u00e1 (ob\u011b Niz.) 343, 3. Pietersov\u00e1 325, 4. van Empelov\u00e1 293, 5. van Anrooijov\u00e1 216, 6. Vosov\u00e1 (ob\u011b Niz.) 214, &#8230;32. Nash (\u010cR) 24, 39. Zemanov\u00e1 14.<\/p>\n\n\n\n<p>Mu\u017ei:<\/p>\n\n\n\n<p>1. Iserbyt 1:01:51, 2. Toon Aerts +59, 3. M. Vanthourenhout +1:12, 4. L. Sweeck (v\u0161ichni Belg.) +1:39, 5. K\u00fchn (\u0160v\u00fdc.) +1:44, 6. Adams (Belg.) +1:46.<\/p>\n\n\n\n<p>Pr\u016fb\u011b\u017en\u00e9 po\u0159ad\u00ed (po 14 z\u00e1vodech):<\/p>\n\n\n\n<p>1. Iserbyt 445, 2. M. Vanthourenhout 335, 3. Toon Aerts 327, 4. Hermans (Belg.) 280, 5. van der Haar 251, 6. van Kessel (oba Niz.) 220, &#8230;26. Boro\u0161 50, 65. Paprstka 5, 68. Van\u00ed\u010dek 4, 69. Petru\u0161 (v\u0161ichni \u010cR) 3.<\/p>\n\n\n\n<p>FOTO Petr Dlask, Michal Bedn\u00e1\u0159<\/p>\n\n\n\n<figure class=\"wp-block-image size-large\"><img loading=\"lazy\" decoding=\"async\" width=\"768\" height=\"1024\" src=\"https:\/\/www.czechcyclingfederation.com\/wp-content\/uploads\/2022\/01\/Zemanova-IMG-20220116-WA0025.jpg\" alt=\"\" class=\"wp-image-10831\" srcset=\"https:\/\/www.czechcyclingfederation.com\/wp-content\/uploads\/2022\/01\/Zemanova-IMG-20220116-WA0025.jpg 768w, https:\/\/www.czechcyclingfederation.com\/wp-content\/uploads\/2022\/01\/Zemanova-IMG-20220116-WA0025-150x200.jpg 150w\" sizes=\"auto, (max-width: 768px) 100vw, 768px\" \/><\/figure>\n\n\n\n<figure class=\"wp-block-image size-large\"><img loading=\"lazy\" decoding=\"async\" width=\"768\" height=\"1024\" src=\"https:\/\/www.czechcyclingfederation.com\/wp-content\/uploads\/2022\/01\/Dlaskova-IMG-20220116-WA0012.jpg\" alt=\"\" class=\"wp-image-10832\" srcset=\"https:\/\/www.czechcyclingfederation.com\/wp-content\/uploads\/2022\/01\/Dlaskova-IMG-20220116-WA0012.jpg 768w, https:\/\/www.czechcyclingfederation.com\/wp-content\/uploads\/2022\/01\/Dlaskova-IMG-20220116-WA0012-150x200.jpg 150w\" sizes=\"auto, (max-width: 768px) 100vw, 768px\" \/><\/figure>\n\n\n\n<figure class=\"wp-block-image size-large\"><img loading=\"lazy\" decoding=\"async\" width=\"768\" height=\"1024\" src=\"https:\/\/www.czechcyclingfederation.com\/wp-content\/uploads\/2022\/01\/Hanakova-IMG-20220116-WA0020.jpg\" alt=\"\" class=\"wp-image-10833\" srcset=\"https:\/\/www.czechcyclingfederation.com\/wp-content\/uploads\/2022\/01\/Hanakova-IMG-20220116-WA0020.jpg 768w, https:\/\/www.czechcyclingfederation.com\/wp-content\/uploads\/2022\/01\/Hanakova-IMG-20220116-WA0020-150x200.jpg 150w\" sizes=\"auto, (max-width: 768px) 100vw, 768px\" \/><\/figure>\n\n\n\n<figure class=\"wp-block-image size-large\"><img loading=\"lazy\" decoding=\"async\" width=\"768\" height=\"1024\" src=\"https:\/\/www.czechcyclingfederation.com\/wp-content\/uploads\/2022\/01\/Jezek-IMG-20220116-WA0017.jpg\" alt=\"\" class=\"wp-image-10834\" srcset=\"https:\/\/www.czechcyclingfederation.com\/wp-content\/uploads\/2022\/01\/Jezek-IMG-20220116-WA0017.jpg 768w, https:\/\/www.czechcyclingfederation.com\/wp-content\/uploads\/2022\/01\/Jezek-IMG-20220116-WA0017-150x200.jpg 150w\" sizes=\"auto, (max-width: 768px) 100vw, 768px\" \/><\/figure>\n","protected":false},"excerpt":{"rendered":"<p>P\u0159edposledn\u00ed d\u00edl seri\u00e1lu Sv\u011btov\u00e9ho cyklokrosov\u00e9ho poh\u00e1ru ve francouzsk\u00e9m Flamaville op\u011bt uk\u00e1zal, \u017ee \u010desk\u00e9 nad\u011bje p\u0159ed bl\u00ed\u017e\u00edc\u00edm se mistrovstv\u00edm sv\u011bta v USA budou p\u0159edev\u0161\u00edm na\u0161e juniorky. Dnes op\u011bt \u010dty\u0159i z nich skon\u010dily v elitn\u00ed des\u00edtce a Kate\u0159ina Hlad\u00edkov\u00e1 se prosadila na stupn\u011b v\u00edt\u011bzek, kdy\u017e skon\u010dila t\u0159et\u00ed. V\u00fdborn\u011b ale jely i dal\u0161\u00ed &#8211; Eli\u0161ka Han\u00e1kov\u00e1 skon\u010dila \u0161est\u00e1, [&hellip;]<\/p>\n","protected":false},"author":8,"featured_media":10830,"comment_status":"closed","ping_status":"open","sticky":false,"template":"","format":"standard","meta":{"footnotes":""},"categories":[58,2],"tags":[59],"class_list":["post-10829","post","type-post","status-publish","format-standard","has-post-thumbnail","hentry","category-cyklokros","category-novinky","tag-cyklokros"],"_links":{"self":[{"href":"https:\/\/www.czechcyclingfederation.com\/en\/wp-json\/wp\/v2\/posts\/10829","targetHints":{"allow":["GET"]}}],"collection":[{"href":"https:\/\/www.czechcyclingfederation.com\/en\/wp-json\/wp\/v2\/posts"}],"about":[{"href":"https:\/\/www.czechcyclingfederation.com\/en\/wp-json\/wp\/v2\/types\/post"}],"author":[{"embeddable":true,"href":"https:\/\/www.czechcyclingfederation.com\/en\/wp-json\/wp\/v2\/users\/8"}],"replies":[{"embeddable":true,"href":"https:\/\/www.czechcyclingfederation.com\/en\/wp-json\/wp\/v2\/comments?post=10829"}],"version-history":[{"count":1,"href":"https:\/\/www.czechcyclingfederation.com\/en\/wp-json\/wp\/v2\/posts\/10829\/revisions"}],"predecessor-version":[{"id":10835,"href":"https:\/\/www.czechcyclingfederation.com\/en\/wp-json\/wp\/v2\/posts\/10829\/revisions\/10835"}],"wp:featuredmedia":[{"embeddable":true,"href":"https:\/\/www.czechcyclingfederation.com\/en\/wp-json\/wp\/v2\/media\/10830"}],"wp:attachment":[{"href":"https:\/\/www.czechcyclingfederation.com\/en\/wp-json\/wp\/v2\/media?parent=10829"}],"wp:term":[{"taxonomy":"category","embeddable":true,"href":"https:\/\/www.czechcyclingfederation.com\/en\/wp-json\/wp\/v2\/categories?post=10829"},{"taxonomy":"post_tag","embeddable":true,"href":"https:\/\/www.czechcyclingfederation.com\/en\/wp-json\/wp\/v2\/tags?post=10829"}],"curies":[{"name":"wp","href":"https:\/\/api.w.org\/{rel}","templated":true}]}}