{"id":10787,"date":"2022-01-11T21:04:36","date_gmt":"2022-01-11T20:04:36","guid":{"rendered":"https:\/\/www.czechcyclingfederation.com\/?p=10787"},"modified":"2022-01-11T21:04:38","modified_gmt":"2022-01-11T20:04:38","slug":"cyklisticky-tym-att-investments-jde-nove-sezony-silnejsi","status":"publish","type":"post","link":"https:\/\/www.czechcyclingfederation.com\/en\/cyklisticky-tym-att-investments-jde-nove-sezony-silnejsi\/","title":{"rendered":"Cyklistick\u00fd t\u00fdm ATT Investments jde nov\u00e9 sezony siln\u011bj\u0161\u00ed"},"content":{"rendered":"\n<p>\u010cesk\u00fd silni\u010dn\u00ed kontinent\u00e1ln\u00ed t\u00fdm ATT Investments Pro Cycling dnes ofici\u00e1ln\u011b p\u0159edstavil novinky pro z\u00e1vodn\u00ed rok 2022. Do toho p\u016fjde s obm\u011bn\u011bn\u00fdm a po\u010detn\u011b roz\u0161\u00ed\u0159en\u00fdm z\u00e1vodn\u00edm i realiza\u010dn\u00edm t\u00fdmem. P\u0159edev\u0161\u00edm v\u0161ak do nov\u00e9 sez\u00f3ny vstoup\u00ed s nov\u00fdm n\u00e1zvem. Ten je spojen s nov\u00fdm titul\u00e1rn\u00edm partnerem, kter\u00fdm je \u010desk\u00e1 spole\u010dnost ATT Investments. Toto partnerstv\u00ed p\u0159in\u00e1\u0161\u00ed ambici\u00f3zn\u00edmu celku v\u00fdznamn\u00e9 zkvalitn\u011bn\u00ed materi\u00e1ln\u00ed podpory a t\u00edm i mo\u017enost dos\u00e1hnout je\u0161t\u011b lep\u0161\u00edch v\u00fdsledk\u016f.<\/p>\n\n\n\n<p>Miroslav Zad\u00e1k, majitel spole\u010dnosti ATT Investments, se vyslovil k ambic\u00edm, s nimi\u017e vstoupil do role hlavn\u00edho partnera: \u201eZ\u00e1kladn\u00ed my\u0161lenka, filozofie, stejn\u011b jako zp\u016fsob pr\u00e1ce veden\u00ed t\u00fdmu m\u011b zaujaly natolik, \u017ee hodl\u00e1m tento projekt podporovat dlouhodob\u011b a na \u00farovni, kter\u00e1 by se maxim\u00e1ln\u011b bl\u00ed\u017eila \u00farovni World Tour.\u201c A \u017ee nejde jen o pr\u00e1zdn\u00e1 slova dokl\u00e1d\u00e1 po\u0159\u00edzen\u00ed t\u00fdmov\u00e9ho autobusu, kter\u00fd si vybaven\u00edm nezad\u00e1 s autobusy pr\u00e1v\u011b t\u00fdm\u016f nejvy\u0161\u0161\u00ed cyklistick\u00e9 divize.<\/p>\n\n\n\n<p>Soupiska t\u00fdmu se oproti lo\u0148sk\u00e9 sez\u00f3n\u011b rozrostla. Figuruje v n\u00ed 15 z\u00e1vodn\u00edk\u016f. Ze st\u00e1vaj\u00edc\u00edch pokra\u010duj\u00ed Ji\u0159\u00ed Petru\u0161, Mat\u00fa\u0161 \u0160to\u010dek, Petr Klabouch, Tom\u00e1\u0161 B\u00e1rta, Karel Tyrpekl, Tom\u00e1\u0161 Jakoubek, Karel Camrda a Petr Hetflei\u0161. Nov\u011b p\u0159ich\u00e1z\u00ed z pra\u017esk\u00e9 Sparty Michal Schuran, z Dukly Praha Jan Ka\u0161par, z Roman Kreuziger Cycling Academy Daniel Sporysch, z boleslavsk\u00e9ho Brilon Mat\u011bj Str\u00e1nsk\u00fd, z brn\u011bnsk\u00e9ho Favoritu Michal Rotter a z n\u011bmeck\u00e9ho Maloja Pushbikers Mika Heming.<\/p>\n\n\n\n<p>\u0160\u00e9fem nad\u00e1le z\u016fst\u00e1v\u00e1 Radim Kijevsk\u00fd, kter\u00fd bude m\u00edt k ruce t\u0159i sportovn\u00ed \u0159editele, v\u0161echno b\u00fdval\u00e9 cyklisty s prax\u00ed z nejvy\u0161\u0161\u00ed dom\u00e1c\u00ed \u00farovn\u011b &#8211; Petra Kaltofena, Jarom\u00edra Friedeho a Petra Dlaska. Krom\u011b nich se budou o sportovn\u00ed i lidsk\u00fd rozvoj sv\u011b\u0159enc\u016f starat lid\u00e9 z renomovan\u00fdch metodick\u00fdch center, nap\u0159\u00edklad psychologov\u00e9.<\/p>\n\n\n\n<p>Fanou\u0161ka cyklistiky zcela jist\u011b mimo\u0159\u00e1dn\u011b zaj\u00edm\u00e1 z\u00e1vodn\u00ed program. Ten se oproti lo\u0148sku op\u011bt zkvalitnil. Z jedni\u010dkov\u00fdch z\u00e1vod\u016f je zat\u00edm potvrzena \u00fa\u010dast na rumunsk\u00e9m Sibiu a Okolo Estonska. S velkou pravd\u011bpodobnost\u00ed by pak m\u011bla vyj\u00edt i \u00fa\u010dast v z\u00e1vod\u011b Okolo Slovenska, d\u00e1le by se borci v modro-\u010derveno-zlat\u00fdch dresech mohli objevit i na Sazka Tour, p\u0159\u00edpadn\u011b v z\u00e1vod\u011b Okolo Ma\u010farska.<\/p>\n\n\n\n<p>Mezi priority t\u00fdmu pat\u0159\u00ed i \u0160KODA Cup &#8211; \u010cesk\u00fd poh\u00e1r a zvl\u00e1\u0161t\u011b pak mistrovstv\u00ed republiky. Vzhledem k tomu, \u017ee na rozd\u00edl od minulosti, kdy naprostou p\u0159evahu k\u00e1dru tvo\u0159ili z\u00e1vodn\u00edci do 23 let, se d\u00e1 nyn\u00ed vyj\u00e1d\u0159it v\u011bkov\u00e9 slo\u017een\u00ed t\u00fdmu jako vyrovnan\u00e9. Veden\u00ed t\u00fdmu m\u00e1 ambice b\u00fdt nej\u00fasp\u011b\u0161n\u011bj\u0161\u00ed na dom\u00e1c\u00ed sc\u00e9n\u011b i v kategorii elite. Krom\u011b obhajoby tuzemsk\u00e9ho poh\u00e1rov\u00e9ho prvenstv\u00ed mezi t\u00fdmy v kategorii do 23 let, tak chce \u00fato\u010dit i na v\u00edt\u011bzstv\u00ed v kategorii nejcenn\u011bj\u0161\u00ed.<\/p>\n\n\n\n<p>\u201eNejcenn\u011bj\u0161\u00ed je, \u017ee kluci se ve v\u00fdkonu stabilizovali. Nyn\u00ed se chceme soust\u0159edit na c\u00edlenou individualizaci modelov\u00e1n\u00ed tr\u00e9nink\u016f, aby ka\u017ed\u00fd m\u011bl pl\u00e1n a program \u0161it\u00fd opravdu na m\u00edru\u201c, odpov\u011bd\u011bl na ot\u00e1zku ohledn\u011b srovn\u00e1n\u00ed v\u00fdkonnostn\u00edch test\u016f z minul\u00fdch let a t\u011bch leto\u0161n\u00edch sportovn\u00ed fyziolog Ale\u0161 \u0158eho\u0159.<\/p>\n\n\n\n<p>Na dotaz, zda t\u00fdm neuva\u017euje s ohledem na \u00farove\u0148 zaji\u0161t\u011bn\u00ed o posun z \u00farovn\u011b kontinent\u00e1ln\u00ed v\u00fd\u0161, zat\u00edm Radim Kijevsk\u00fd odpov\u00edd\u00e1: \u201eChceme b\u00fdt \u0161pi\u010dkov\u00fdch kontinent\u00e1ln\u00edm t\u00fdmem ne\u017e pr\u016fm\u011brn\u00fdm Pro t\u00fdmem.&#8221;<\/p>\n\n\n\n<p>FOTO ATT Investments<\/p>\n\n\n\n<figure class=\"wp-block-image size-large\"><img loading=\"lazy\" decoding=\"async\" width=\"1024\" height=\"682\" src=\"https:\/\/www.czechcyclingfederation.com\/wp-content\/uploads\/2022\/01\/Dres-1024x682.jpg\" alt=\"\" class=\"wp-image-10789\" srcset=\"https:\/\/www.czechcyclingfederation.com\/wp-content\/uploads\/2022\/01\/Dres-1024x682.jpg 1024w, https:\/\/www.czechcyclingfederation.com\/wp-content\/uploads\/2022\/01\/Dres-300x200.jpg 300w, https:\/\/www.czechcyclingfederation.com\/wp-content\/uploads\/2022\/01\/Dres-768x512.jpg 768w, https:\/\/www.czechcyclingfederation.com\/wp-content\/uploads\/2022\/01\/Dres-1536x1023.jpg 1536w, https:\/\/www.czechcyclingfederation.com\/wp-content\/uploads\/2022\/01\/Dres-1320x879.jpg 1320w, https:\/\/www.czechcyclingfederation.com\/wp-content\/uploads\/2022\/01\/Dres.jpg 1890w\" sizes=\"auto, (max-width: 1024px) 100vw, 1024px\" \/><\/figure>\n","protected":false},"excerpt":{"rendered":"<p>\u010cesk\u00fd silni\u010dn\u00ed kontinent\u00e1ln\u00ed t\u00fdm ATT Investments Pro Cycling dnes ofici\u00e1ln\u011b p\u0159edstavil novinky pro z\u00e1vodn\u00ed rok 2022. Do toho p\u016fjde s obm\u011bn\u011bn\u00fdm a po\u010detn\u011b roz\u0161\u00ed\u0159en\u00fdm z\u00e1vodn\u00edm i realiza\u010dn\u00edm t\u00fdmem. P\u0159edev\u0161\u00edm v\u0161ak do nov\u00e9 sez\u00f3ny vstoup\u00ed s nov\u00fdm n\u00e1zvem. Ten je spojen s nov\u00fdm titul\u00e1rn\u00edm partnerem, kter\u00fdm je \u010desk\u00e1 spole\u010dnost ATT Investments. Toto partnerstv\u00ed p\u0159in\u00e1\u0161\u00ed ambici\u00f3zn\u00edmu celku [&hellip;]<\/p>\n","protected":false},"author":8,"featured_media":10788,"comment_status":"closed","ping_status":"open","sticky":false,"template":"","format":"standard","meta":{"footnotes":""},"categories":[2,18],"tags":[11],"class_list":["post-10787","post","type-post","status-publish","format-standard","has-post-thumbnail","hentry","category-novinky","category-silnice","tag-silnice"],"_links":{"self":[{"href":"https:\/\/www.czechcyclingfederation.com\/en\/wp-json\/wp\/v2\/posts\/10787","targetHints":{"allow":["GET"]}}],"collection":[{"href":"https:\/\/www.czechcyclingfederation.com\/en\/wp-json\/wp\/v2\/posts"}],"about":[{"href":"https:\/\/www.czechcyclingfederation.com\/en\/wp-json\/wp\/v2\/types\/post"}],"author":[{"embeddable":true,"href":"https:\/\/www.czechcyclingfederation.com\/en\/wp-json\/wp\/v2\/users\/8"}],"replies":[{"embeddable":true,"href":"https:\/\/www.czechcyclingfederation.com\/en\/wp-json\/wp\/v2\/comments?post=10787"}],"version-history":[{"count":1,"href":"https:\/\/www.czechcyclingfederation.com\/en\/wp-json\/wp\/v2\/posts\/10787\/revisions"}],"predecessor-version":[{"id":10790,"href":"https:\/\/www.czechcyclingfederation.com\/en\/wp-json\/wp\/v2\/posts\/10787\/revisions\/10790"}],"wp:featuredmedia":[{"embeddable":true,"href":"https:\/\/www.czechcyclingfederation.com\/en\/wp-json\/wp\/v2\/media\/10788"}],"wp:attachment":[{"href":"https:\/\/www.czechcyclingfederation.com\/en\/wp-json\/wp\/v2\/media?parent=10787"}],"wp:term":[{"taxonomy":"category","embeddable":true,"href":"https:\/\/www.czechcyclingfederation.com\/en\/wp-json\/wp\/v2\/categories?post=10787"},{"taxonomy":"post_tag","embeddable":true,"href":"https:\/\/www.czechcyclingfederation.com\/en\/wp-json\/wp\/v2\/tags?post=10787"}],"curies":[{"name":"wp","href":"https:\/\/api.w.org\/{rel}","templated":true}]}}