{"id":10786,"date":"2022-01-11T21:05:30","date_gmt":"2022-01-11T20:05:30","guid":{"rendered":"https:\/\/www.czechcyclingfederation.com\/?p=10786"},"modified":"2022-01-18T10:49:43","modified_gmt":"2022-01-18T09:49:43","slug":"repa-ovladl-uvodni-zavod-visegrad-4-ecup","status":"publish","type":"post","link":"https:\/\/www.czechcyclingfederation.com\/en\/repa-ovladl-uvodni-zavod-visegrad-4-ecup\/","title":{"rendered":"\u0158epa ovl\u00e1dl \u00favodn\u00ed z\u00e1vod Visegrad 4 eCUP"},"content":{"rendered":"\n<p>Vojt\u011bch \u0158epa ze \u0161pan\u011blsk\u00e9 st\u00e1je Equipo Kern Pharma vyhr\u00e1l \u00favodn\u00ed podnik seri\u00e1lu virtu\u00e1ln\u00edch cyklistick\u00fdch z\u00e1vod\u016f Visegrad 4 e-cup na trena\u017eerech, kter\u00fdm byla GP \u010cesk\u00e9 republiky.<\/p>\n\n\n\n<p>Z\u00e1vod na platform\u011b Rouvy se jel na 39,5 po \u010d\u00e1sti trasy legend\u00e1rn\u00ed ardensk\u00e9 klasiky Lutych-Bastogne-Lutych. P\u0159ihl\u00e1\u0161eno do n\u011bj bylo celkem p\u0159es 600 startuj\u00edc\u00edch v&nbsp;kategori\u00edch mu\u017e\u016f i \u017een v\u010detn\u011b po\u010detn\u00e9 mezin\u00e1rodn\u00ed \u00fa\u010dasti.<\/p>\n\n\n\n<p>Z&nbsp;Evropy krom\u011b \u010cech\u016f a Slov\u00e1k\u016f startovali i Pol\u00e1ci, N\u011bmci, Ma\u010fa\u0159i, Belgi\u010dan\u00e9, Italov\u00e9, \u0160v\u00fdca\u0159i, Francouzi, \u0160pan\u011bl\u00e9, Britov\u00e9, Finov\u00e9 nebo Portugalci, nechyb\u011bli ani i borci z&nbsp;USA, Kanady, Kolumbie nebo Braz\u00edlie.<\/p>\n\n\n\n<p>Pro Vojt\u011bcha \u0158epu \u0161lo o kr\u00e1sn\u00fd comeback, by\u0165 jen na virtu\u00e1ln\u00edm poli. Vloni mu p\u0159ed\u010dasn\u011b ukon\u010dily sez\u00f3nu v&nbsp;\u010dervenci zdravotn\u00ed probl\u00e9my. Postihla ho Bellova obrna a m\u011bl probl\u00e9my s&nbsp;hybnost\u00ed sval\u016f v obli\u010deji.<\/p>\n\n\n\n<p>\u201eTy probl\u00e9my byly dost v\u00e1\u017en\u00e9, ale te\u010f u\u017e se na\u0161t\u011bst\u00ed c\u00edt\u00edm l\u00e9pe. Douf\u00e1m, \u017ee je v\u0161echno za mnou. Dnes je to \u0161est m\u011bs\u00edc\u016f, co jsem za\u010dal m\u00edt ty komplikace a te\u010f \u0161lo o m\u016fj prvn\u00ed z\u00e1vod od \u010dervna. Chyb\u00ed mi je\u0161t\u011b intenzita, ale i d\u00edky t\u011bmto virtu\u00e1ln\u00edm z\u00e1vod\u016fm se m\u016f\u017eu zlep\u0161ovat,\u201c uvedl \u0158epa, jeho\u017e nyn\u00ed \u010dek\u00e1 t\u00fdmov\u00e9 soust\u0159ed\u011bn\u00ed v&nbsp;Calpe.<\/p>\n\n\n\n<p>Trasa GP \u010cesk\u00e9 republiky mu vyhovovala. \u201eJsem z&nbsp;Vyso\u010diny, kde je hodn\u011b kr\u00e1tk\u00fdch kopc\u016f a \u010dlov\u011bk mus\u00ed po\u0159\u00e1d makat. Tak\u017ee jsem si to docela u\u017eil. Jelo se mi dob\u0159e, na druhou stranu mus\u00edm b\u00fdt trp\u011bliv\u00fd, proto\u017ee m\u011b \u010dek\u00e1 je\u0161t\u011b spousta pr\u00e1ce,\u201c dodal v\u00edt\u011bz z\u00e1vodu, kter\u00fd je bronzov\u00fdm medailistou ze silni\u010dn\u00edho z\u00e1vodu na ME 2000 v&nbsp;kategorii U23.<\/p>\n\n\n\n<p>Ve fin\u00e1le z\u016fstal na \u010dele s&nbsp;Jarom\u00edrem Sk\u00e1lou z&nbsp;po\u0159adatelsk\u00e9ho t\u00fdmu Rouvy Specialized. Kilometr p\u0159ed c\u00edlem v\u0161ak \u0158epa zavelel k&nbsp;rozhoduj\u00edc\u00edmu ataku a dojel si pro v\u00edt\u011bzstv\u00ed. \u201eV posledn\u00edm kopci za\u00fato\u010dil hodn\u011b tvrd\u011b a j\u00e1 u\u017e nem\u011bl s\u00edly,\u201c p\u0159iznal Sk\u00e1la a prozradil recept, jak se nejl\u00e9pe nachystat na z\u00e1vody na trena\u017eeru. \u201e\u010clov\u011bk mus\u00ed b\u00fdt ve studen\u00e9 m\u00edstnosti a hodn\u011b p\u00edt. J\u00e1 za tu hodinu vypil dva bidony\u2026\u201c<\/p>\n\n\n\n<p>\u201eUr\u010dit\u011b je to zpest\u0159en\u00ed p\u0159\u00edpravy v&nbsp;zim\u011b a dobr\u00fd tr\u00e9nink. D\u00edky technologi\u00edm p\u0159eneseme skute\u010dn\u00fd sv\u011bt do toho virtu\u00e1ln\u00edho,\u201c p\u0159iznal zku\u0161en\u00fd polsk\u00fd reprezentant Pawel Bernas.<\/p>\n\n\n\n<p>Kategorii \u017een ovl\u00e1dla Kana\u010fanka Stephanie Briggsov\u00e1, \u010ce\u0161ka Eli\u0161ka Kvasni\u010dkov\u00e1 skon\u010dila druh\u00e1.<\/p>\n\n\n\n<p><strong>V\u00fdsledky \u2013 mu\u017ei: <\/strong>1. Vojt\u011bch \u0158epa (Equipo Kern Pharma) 1:00:53, 2. Jarom\u00edr Sk\u00e1la (ROUVY Specialized Cycling Team) -5, 3. Ji\u0159\u00ed Petr (Salomon\/Suunto) -18.<\/p>\n\n\n\n<p><strong>\u017deny:<\/strong> 1. Stephanie Briggsov\u00e1 (Kan.\/ ZVP Opto-R\u00e9seau) 1:08:57, 2. Eli\u0161ka Kvasni\u010dkov\u00e1 (SportRaces Cycling Team ) -3:13, 3. Hana Uhl\u00edkov\u00e1 (\u010cR) &#8211; 5:24.<\/p>\n\n\n\n<p>Foto: Jan Brychta<\/p>\n\n\n\n<figure class=\"wp-block-image size-large\"><img decoding=\"async\" src=\"https:\/\/www.czechcyclingfederation.com\/wp-content\/uploads\/2022\/01\/repa-instagram-820x1024.jpeg\" alt=\"\" class=\"wp-image-10797\"\/><\/figure>\n\n\n\n<figure class=\"wp-block-image size-large\"><img decoding=\"async\" src=\"https:\/\/www.czechcyclingfederation.com\/wp-content\/uploads\/2022\/01\/PHOTO-2022-01-11-20-59-25-1024x768.jpg\" alt=\"\" class=\"wp-image-10801\"\/><figcaption>Milan Kadlec ml. (vlevo) a Jarom\u00edr Sk\u00e1la v karl\u00ednsk\u00e9m studiu Rouvy<\/figcaption><\/figure>\n","protected":false},"excerpt":{"rendered":"<p>Vojt\u011bch \u0158epa ze \u0161pan\u011blsk\u00e9 st\u00e1je Equipo Kern Pharma vyhr\u00e1l \u00favodn\u00ed podnik seri\u00e1lu virtu\u00e1ln\u00edch cyklistick\u00fdch z\u00e1vod\u016f Visegrad 4 e-cup na trena\u017eerech, kter\u00fdm byla GP \u010cesk\u00e9 republiky. Z\u00e1vod na platform\u011b Rouvy se jel na 39,5 po \u010d\u00e1sti trasy legend\u00e1rn\u00ed ardensk\u00e9 klasiky Lutych-Bastogne-Lutych. P\u0159ihl\u00e1\u0161eno do n\u011bj bylo celkem p\u0159es 600 startuj\u00edc\u00edch v&nbsp;kategori\u00edch mu\u017e\u016f i \u017een v\u010detn\u011b po\u010detn\u00e9 mezin\u00e1rodn\u00ed [&hellip;]<\/p>\n","protected":false},"author":15,"featured_media":0,"comment_status":"closed","ping_status":"open","sticky":false,"template":"","format":"standard","meta":{"footnotes":""},"categories":[2,18],"tags":[119],"class_list":["post-10786","post","type-post","status-publish","format-standard","hentry","category-novinky","category-silnice","tag-csc"],"_links":{"self":[{"href":"https:\/\/www.czechcyclingfederation.com\/en\/wp-json\/wp\/v2\/posts\/10786","targetHints":{"allow":["GET"]}}],"collection":[{"href":"https:\/\/www.czechcyclingfederation.com\/en\/wp-json\/wp\/v2\/posts"}],"about":[{"href":"https:\/\/www.czechcyclingfederation.com\/en\/wp-json\/wp\/v2\/types\/post"}],"author":[{"embeddable":true,"href":"https:\/\/www.czechcyclingfederation.com\/en\/wp-json\/wp\/v2\/users\/15"}],"replies":[{"embeddable":true,"href":"https:\/\/www.czechcyclingfederation.com\/en\/wp-json\/wp\/v2\/comments?post=10786"}],"version-history":[{"count":0,"href":"https:\/\/www.czechcyclingfederation.com\/en\/wp-json\/wp\/v2\/posts\/10786\/revisions"}],"wp:attachment":[{"href":"https:\/\/www.czechcyclingfederation.com\/en\/wp-json\/wp\/v2\/media?parent=10786"}],"wp:term":[{"taxonomy":"category","embeddable":true,"href":"https:\/\/www.czechcyclingfederation.com\/en\/wp-json\/wp\/v2\/categories?post=10786"},{"taxonomy":"post_tag","embeddable":true,"href":"https:\/\/www.czechcyclingfederation.com\/en\/wp-json\/wp\/v2\/tags?post=10786"}],"curies":[{"name":"wp","href":"https:\/\/api.w.org\/{rel}","templated":true}]}}