{"id":10679,"date":"2022-01-09T08:29:00","date_gmt":"2022-01-09T07:29:00","guid":{"rendered":"https:\/\/www.czechcyclingfederation.com\/?p=10679"},"modified":"2022-01-09T08:29:02","modified_gmt":"2022-01-09T07:29:02","slug":"daniel-turek-virtualni-zavody-jsou-dobry-trenink-i-zabava","status":"publish","type":"post","link":"https:\/\/www.czechcyclingfederation.com\/en\/daniel-turek-virtualni-zavody-jsou-dobry-trenink-i-zabava\/","title":{"rendered":"Daniel Turek: Virtu\u00e1ln\u00ed z\u00e1vody jsou dobr\u00fd tr\u00e9nink i z\u00e1bava"},"content":{"rendered":"\n<p>V\u00a0lo\u0148sk\u00e9m roce z\u00edskal Daniel Turek titul historicky prvn\u00edho mistra republiky ve virtu\u00e1ln\u00edch z\u00e1vodech a chce se o n\u011bj porvat i letos. Z\u00e1vody e-cyklistiky na trena\u017eerech bere cyklista rakousk\u00e9ho t\u00fdmu Felbermayr-Simplon Wels jako dobrou variantu p\u0159\u00edpravy v\u00a0tomto obdob\u00ed a tak\u00e9 jako p\u0159\u00edjemn\u00e9 zpest\u0159en\u00ed tr\u00e9ninku venku. Pl\u00e1nuje se z\u00fa\u010dastnit i nadch\u00e1zej\u00edc\u00edch z\u00e1vod\u016f Visegrad 4 eCUP 2022, jejich\u017e seri\u00e1l za\u010dne ji\u017e v\u00a0\u00fater\u00fd 11. ledna.<\/p>\n\n\n\n<figure class=\"wp-block-image size-large\"><img decoding=\"async\" src=\"https:\/\/www.czechcyclingfederation.com\/wp-content\/uploads\/2022\/01\/a72-1024x683.jpg\" alt=\"\" class=\"wp-image-10683\"\/><\/figure>\n\n\n\n<p><strong>Dane, jak vlastn\u011b virtu\u00e1ln\u00ed z\u00e1vody vn\u00edm\u00e1te?<\/strong><\/p>\n\n\n\n<p>V&nbsp;tomhle obdob\u00ed, kdy je venku \u010dasto \u0161patn\u00e9 po\u010das\u00ed, je to varianta tr\u00e9ninku. M\u016f\u017eu si vybrat kopcovitou etapu, rovinu, podle toho, co pot\u0159ebuju tr\u00e9novat. Nav\u00edc m\u016f\u017eu na d\u00e1lku i s&nbsp;n\u011bk\u00fdm pom\u011b\u0159it s\u00edly, tak\u017ee v&nbsp;podstat\u011b hrajeme po\u010d\u00edta\u010dovou hru a na z\u00e1v\u011br si spolu st\u0159ihneme spurta \ud83d\ude0a<\/p>\n\n\n\n<p><strong>Maj\u00ed virtu\u00e1ln\u00ed z\u00e1vody budoucnost?<\/strong><\/p>\n\n\n\n<p>Ur\u010dit\u011b ano. M\u011b t\u0159eba modern\u00ed technologie v\u017edycky zaj\u00edmaly a je vid\u011bt, \u017ee to oslovuje st\u00e1le v\u00edce lid\u00ed. Zva\u017euji, \u017ee p\u0159i n\u011bjak\u00e9m sv\u00e9m z\u00e1vod\u011b ud\u011bl\u00e1m pro fanou\u0161ky i n\u011bjak\u00fd stream t\u0159eba na youtube.<\/p>\n\n\n\n<p><strong>Tr\u00e9nuje se v\u00e1m na tom dob\u0159e?<\/strong><\/p>\n\n\n\n<p>Beru to jako adekv\u00e1tn\u00ed tr\u00e9ninkovou jednotku. Hlavn\u011b pro silni\u010d\u00e1\u0159e je to dobr\u00fd tr\u00e9nink, pro krosa\u0159e a dr\u00e1ha\u0159e a\u017e tolik ne. Skv\u011bl\u00e9 je to v&nbsp;tom, \u017ee b\u011bhem deseti minut m\u016f\u017eu z\u00e1vodit. Dneska u\u017e v\u00edm, jak\u00e1 doba je nejvhodn\u011bj\u0161\u00ed, kdy je tam nejv\u00edc lid\u00ed. T\u0159eba \u0161est\u00e1 ve\u010der je ide\u00e1ln\u00ed. Evropani u\u017e jsou doma, Ameri\u010dani maj\u00ed poledne, jsou tam nejnabit\u011bj\u0161\u00ed startovn\u00ed listiny. Kdy\u017e tr\u00e9nuju v&nbsp;dom\u00e1c\u00edch podm\u00ednk\u00e1ch a venku napadne p\u011bt centimetr\u016f sn\u011bhu, tak rad\u0161i jedu virtu\u00e1ln\u00ed z\u00e1vod na trena\u017eeru.<\/p>\n\n\n\n<p><strong>Potkal jste se t\u0159eba u\u017e v&nbsp;takov\u00e9m z\u00e1vod\u011b s&nbsp;n\u011bjak\u00fdm kolegou z&nbsp;profipelotonu?<\/strong><\/p>\n\n\n\n<p>Jednou s&nbsp;Pozzovivem, ale v\u00edm, \u017ee n\u011bkter\u00e9 ty z\u00e1vody jezd\u00ed dost prof\u00edk\u016f. Dneska u\u017e jsou i t\u00fdmy, kter\u00e9 se virtu\u00e1ln\u00edm z\u00e1vod\u016fm v\u011bnuj\u00ed, maj\u00ed na to sponzory. A u n\u00e1s to m\u00e1 taky st\u00e1le v\u011bt\u0161\u00ed popularitu. \u010cesko-slovensk\u00e1 komunita je tam fakt siln\u00e1, pro spoustu lid\u00ed je to v&nbsp;podstat\u011b \u0161vih. M\u016f\u017eeme si spolu i pov\u00eddat, jen je to trochu jin\u00e1 forma ne\u017e klasick\u00e1 j\u00edzda venku.<\/p>\n\n\n\n<p><strong>Co pro v\u00e1s znamenal historicky prvn\u00ed titul mistra republiky v&nbsp;t\u00e9to discipl\u00edn\u011b?<\/strong><\/p>\n\n\n\n<p>Po\u0159\u00e1d je to titul, po\u0159\u00e1d je to dres. Ur\u010dit\u011b jsem to nebral jako nejv\u011bt\u0161\u00ed \u00fasp\u011bch sez\u00f3ny, ale cen\u00edm si toho. Konkurence se p\u0159i tom mistrovsk\u00e9m z\u00e1vod\u011b se\u0161la slu\u0161n\u00e1 a ur\u010dit\u011b pro m\u011b bude v\u00fdzvou, porvat se o ten titul letos znovu.<\/p>\n\n\n\n<p><strong>V\u00edte, kolik z\u00e1vod\u016f zvl\u00e1dnete?<\/strong><\/p>\n\n\n\n<p>Je\u0161t\u011b to \u0159e\u0161\u00edm. Cht\u011bl bych co nejv\u00edc, ale budu taky tr\u00e9novat v&nbsp;teple, tak uvid\u00edm, jak to p\u016fjde za\u0159\u00eddit.<\/p>\n\n\n\n<p><strong>V&nbsp;rakousk\u00e9m t\u00fdmu Felbermayr &#8211; Simplon Wels jste prodlou\u017eil kontrakt o dal\u0161\u00ed rok. \u0158e\u0161il jste i jin\u00e9 nab\u00eddky?<\/strong><\/p>\n\n\n\n<p>M\u011bl jsem rozjednan\u00e9 n\u011bco o t\u0159\u00eddu v\u00fd\u0161, v&nbsp;pro-kontinent\u00e1ln\u00edch t\u00fdmech. Byl jsem k&nbsp;tomu fakt bl\u00edzko, ale nakonec to bohu\u017eel nevy\u0161lo. Ned\u00e1 se nic d\u011blat, v&nbsp;rakousk\u00e9m t\u00fdmu jsem taky spokojen a m\u00e1me dobr\u00fd program.<\/p>\n\n\n\n<p><strong>Co v\u00e1s \u010dek\u00e1 v&nbsp;nejbli\u017e\u0161\u00edch dnech?<\/strong><\/p>\n\n\n\n<p>V\u00a0prosinci jsem byl necel\u00e9 dva t\u00fddny na Mallorce, te\u010f m\u011b \u010dek\u00e1 prvn\u00ed sraz s\u00a0t\u00fdmem, soust\u0159ed\u011bn\u00ed na Kan\u00e1rech, pak bych m\u011bl m\u00edt je\u0161t\u011b jeden kemp a v\u00a0\u00fanoru prvn\u00ed z\u00e1vody. Program se teprve \u0159e\u0161\u00ed.<\/p>\n\n\n\n<p>Foto: Jan Brychta<\/p>\n\n\n\n<figure class=\"wp-block-image size-large\"><img decoding=\"async\" src=\"https:\/\/www.czechcyclingfederation.com\/wp-content\/uploads\/2022\/01\/a89-1024x683.jpg\" alt=\"\" class=\"wp-image-10682\"\/><\/figure>\n","protected":false},"excerpt":{"rendered":"<p>V\u00a0lo\u0148sk\u00e9m roce z\u00edskal Daniel Turek titul historicky prvn\u00edho mistra republiky ve virtu\u00e1ln\u00edch z\u00e1vodech a chce se o n\u011bj porvat i letos. Z\u00e1vody e-cyklistiky na trena\u017eerech bere cyklista rakousk\u00e9ho t\u00fdmu Felbermayr-Simplon Wels jako dobrou variantu p\u0159\u00edpravy v\u00a0tomto obdob\u00ed a tak\u00e9 jako p\u0159\u00edjemn\u00e9 zpest\u0159en\u00ed tr\u00e9ninku venku. Pl\u00e1nuje se z\u00fa\u010dastnit i nadch\u00e1zej\u00edc\u00edch z\u00e1vod\u016f Visegrad 4 eCUP 2022, jejich\u017e [&hellip;]<\/p>\n","protected":false},"author":15,"featured_media":0,"comment_status":"closed","ping_status":"open","sticky":false,"template":"","format":"standard","meta":{"footnotes":""},"categories":[2,18],"tags":[119],"class_list":["post-10679","post","type-post","status-publish","format-standard","hentry","category-novinky","category-silnice","tag-csc"],"_links":{"self":[{"href":"https:\/\/www.czechcyclingfederation.com\/en\/wp-json\/wp\/v2\/posts\/10679","targetHints":{"allow":["GET"]}}],"collection":[{"href":"https:\/\/www.czechcyclingfederation.com\/en\/wp-json\/wp\/v2\/posts"}],"about":[{"href":"https:\/\/www.czechcyclingfederation.com\/en\/wp-json\/wp\/v2\/types\/post"}],"author":[{"embeddable":true,"href":"https:\/\/www.czechcyclingfederation.com\/en\/wp-json\/wp\/v2\/users\/15"}],"replies":[{"embeddable":true,"href":"https:\/\/www.czechcyclingfederation.com\/en\/wp-json\/wp\/v2\/comments?post=10679"}],"version-history":[{"count":0,"href":"https:\/\/www.czechcyclingfederation.com\/en\/wp-json\/wp\/v2\/posts\/10679\/revisions"}],"wp:attachment":[{"href":"https:\/\/www.czechcyclingfederation.com\/en\/wp-json\/wp\/v2\/media?parent=10679"}],"wp:term":[{"taxonomy":"category","embeddable":true,"href":"https:\/\/www.czechcyclingfederation.com\/en\/wp-json\/wp\/v2\/categories?post=10679"},{"taxonomy":"post_tag","embeddable":true,"href":"https:\/\/www.czechcyclingfederation.com\/en\/wp-json\/wp\/v2\/tags?post=10679"}],"curies":[{"name":"wp","href":"https:\/\/api.w.org\/{rel}","templated":true}]}}