{"id":10624,"date":"2021-12-30T13:57:53","date_gmt":"2021-12-30T12:57:53","guid":{"rendered":"https:\/\/www.czechcyclingfederation.com\/?p=10624"},"modified":"2021-12-30T14:00:37","modified_gmt":"2021-12-30T13:00:37","slug":"prezident-csc-petr-marek-mame-za-sebou-uspesny-rok","status":"publish","type":"post","link":"https:\/\/www.czechcyclingfederation.com\/en\/prezident-csc-petr-marek-mame-za-sebou-uspesny-rok\/","title":{"rendered":"Prezident \u010cSC Petr Marek: M\u00e1me za sebou \u00fasp\u011b\u0161n\u00fd rok"},"content":{"rendered":"\n<p>Rok 2021 bude za p\u00e1r hodin minulost\u00ed a p\u0159ich\u00e1z\u00ed \u010das bilancov\u00e1n\u00ed. Jak\u00fd byl z&nbsp;pohledu \u010desk\u00e9 cyklistiky? Prezident \u010cesk\u00e9ho svazu cyklistiky Petr Marek ho pova\u017euje za velmi \u00fasp\u011b\u0161n\u00fd.<\/p>\n\n\n\n<p>\u201eM\u00e1me t\u0159i mistry sv\u011bta, mistra Evropy, mus\u00edm vyzdvihnout i 7. m\u00edsto Zde\u0148ka \u0160tybara na silni\u010dn\u00edm mistrovstv\u00ed sv\u011bta. K&nbsp;tomu i mnoho dal\u0161\u00edch medailov\u00fdch \u00fasp\u011bch\u016f a velmi p\u011bkn\u00fdch a presti\u017en\u00edch um\u00edst\u011bn\u00ed ve v\u0161ech discipl\u00edn\u00e1ch. Byl to velmi \u00fasp\u011b\u0161n\u00fd rok,\u201c \u0159\u00edk\u00e1 prezident \u010cSC.<\/p>\n\n\n\n<p><strong>Co v\u00e1m je\u0161t\u011b letos ud\u011blalo radost?<\/strong><\/p>\n\n\n\n<p>Velk\u00e9 \u00fasp\u011bchy p\u0159i organizaci a zaji\u0161t\u011bn\u00ed z\u00e1vod\u016f na na\u0161em \u00fazem\u00ed, a\u0165 u\u017e to byly z\u00e1vody Sv\u011btov\u00e9ho poh\u00e1ru MTB, cyklokrosu, silni\u010dn\u00ed Z\u00e1vod m\u00edru U23 nebo mezin\u00e1rodn\u00ed etapov\u00fd z\u00e1vod Sazka Tour, Z\u00e1vod m\u00edru junior\u016f, ZM nejmlad\u0161\u00edch a dal\u0161\u00ed akce. Cht\u011bl bych pod\u011bkovat v\u0161em po\u0159adatel\u016fm, kte\u0159\u00ed se i v t\u00e9to t\u011b\u017ek\u00e9 dob\u011b neb\u00e1li a dok\u00e1zali z\u00e1vody zorganizovat. V&nbsp;neposledn\u00ed \u0159ad\u011b m\u00e1m velikou radost z toho, \u017ee se n\u00e1m zase zvy\u0161uj\u00ed po\u010dty nejmlad\u0161\u00edch z\u00e1vodn\u00edk\u016f nap\u0159\u00ed\u010d v\u0161emi discipl\u00ednami, co\u017e je vid\u011bt na v\u0161ech poh\u00e1rov\u00fdch z\u00e1vodech.<\/p>\n\n\n\n<p><strong>Sez\u00f3na byla op\u011bt \u010d\u00e1ste\u010dn\u011b poznamen\u00e1na Covidem. Jak moc to ovliv\u0148uje t\u0159eba po\u0159\u00e1d\u00e1n\u00ed mezin\u00e1rodn\u00edch z\u00e1vod\u016f v \u010cR, v\u00fdjezdy reprezentac\u00ed atd.?<\/strong><\/p>\n\n\n\n<p>Ji\u017e druh\u00fdm rokem se v\u0161ichni pot\u00fdk\u00e1me s probl\u00e9my zp\u016fsoben\u00fdmi pandemi\u00ed, kter\u00e1 se odr\u00e1\u017e\u00ed ve v\u0161ech na\u0161ich \u010dinnostech. N\u011bkter\u00e9 z\u00e1vody byly samoz\u0159ejm\u011b zru\u0161eny, ale naopak bych cht\u011bl pod\u011bkovat v\u0161em, kte\u0159\u00ed se s touto extr\u00e9mn\u00ed situac\u00ed dok\u00e1zali vypo\u0159\u00e1dat, a i p\u0159es obrovsk\u00e9 probl\u00e9my a pot\u00ed\u017ee dok\u00e1zali cyklistick\u00e9 akce uspo\u0159\u00e1dat. P\u0159i v\u00fdjezdech reprezentac\u00ed na vrcholn\u00e9 akce se tyto probl\u00e9my tak\u00e9 projevovaly a u n\u011bkter\u00fdch z\u00e1vodn\u00edk\u016f to mohlo m\u00edt i negativn\u00ed vliv na v\u00fdsledky.<\/p>\n\n\n\n<p><strong>Ale u n\u011bkter\u00fdch se to naopak neprojevilo.<\/strong><\/p>\n\n\n\n<p>To je pravda. Velikou radost jsem m\u011bl ze dvou titul\u016f mistra sv\u011bta ve fourcrossu i na dr\u00e1ze mezi juniory, k&nbsp;tomu m\u00e1me mistry Evropy a dal\u0161\u00ed medaile z&nbsp;vrcholn\u00fdch akc\u00ed. A jsem r\u00e1d, \u017ee se n\u00e1m i v&nbsp;t\u00e9 nelehk\u00e9 dob\u011b poda\u0159ilo zajistit a financovat v\u0161echny reprezenta\u010dn\u00ed v\u00fdjezdy a v\u0161echny pot\u0159eby reprezentant\u016f podle pl\u00e1n\u016f.<\/p>\n\n\n\n<p><strong>Jak se \u010cesk\u00e9mu svazu cyklistiky da\u0159ilo na obchodn\u00edm poli? Poda\u0159ilo se v t\u00e9to dob\u011b p\u0159iv\u00e9st n\u011bjak\u00e9 nov\u00e9 partnery?<\/strong><\/p>\n\n\n\n<p>V leto\u0161n\u00edm roce bylo obt\u00ed\u017en\u011bj\u0161\u00ed oslovovat partnery, kte\u0159\u00ed by byli ochotn\u00ed se prezentovat a podpo\u0159it cyklistick\u00e9 akce. P\u0159esto se n\u00e1m poda\u0159ilo z\u00edskat partnery, kte\u0159\u00ed n\u00e1m pomohou realizovat cyklistick\u00e9 akce jako nap\u0159. Kr\u00e1l cyklistiky, Sv\u011btov\u00fd poh\u00e1r MTB, Sv\u011btov\u00fd poh\u00e1r v&nbsp;cyklokrosu, \u010cesk\u00fd poh\u00e1r a mistrovstv\u00ed republiky MTB a dal\u0161\u00ed. Na\u0161\u00edm gener\u00e1ln\u00edm partnerem z\u016fst\u00e1v\u00e1 i nad\u00e1le \u0160KODA AUTO a tak\u00e9 firma KALAS. Velmi intenzivn\u011b v\u0161ak pracujeme na osloven\u00ed dal\u0161\u00edch partner\u016f pro cyklistiku.<\/p>\n\n\n\n<p><strong>Jak pokra\u010duje spolupr\u00e1ce s t\u011bmi st\u00e1vaj\u00edc\u00edmi partnery?<\/strong><\/p>\n\n\n\n<p>Velmi dob\u0159e se i p\u0159es v\u0161echny nep\u0159\u00edzniv\u00e9 okolnosti da\u0159ila spolupr\u00e1ce se \u0160KODA AUTO. Poda\u0159ilo se realizovat on-line medi\u00e1ln\u00ed kampa\u0148 zam\u011b\u0159enou na zviditeln\u011bn\u00ed cyklistiky s d\u016frazem na d\u011bti a ml\u00e1de\u017e, zorganizovali jsme men\u0161\u00ed Festival cyklistiky p\u0159i M\u010cR MTB v Harrachov\u011b a poda\u0159ilo se n\u00e1m velmi \u00fasp\u011b\u0161n\u011b zrealizovat prezentaci cyklistiky a \u010cSC v r\u00e1mci olympijsk\u00fdch festival\u016f v Praze a v Brn\u011b.<\/p>\n\n\n\n<p><strong>Leto\u0161n\u00ed rok se nesl i ve znamen\u00ed olympijsk\u00fdch her. Co \u0159\u00edk\u00e1te na v\u00fdsledky \u010desk\u00fdch cyklist\u016f v&nbsp;Tokiu?<\/strong><\/p>\n\n\n\n<p>Jsem v&nbsp;prvn\u00ed \u0159ad\u011b r\u00e1d, \u017ee se olympi\u00e1da nakonec uskute\u010dnila, i kdy\u017e s&nbsp;ro\u010dn\u00edm zpo\u017ed\u011bn\u00edm. \u00dasil\u00ed sportovc\u016f v&nbsp;p\u0159\u00edprav\u011b tak nebylo zbyte\u010dn\u00e9. Samoz\u0159ejm\u011b se zaji\u0161t\u011bn\u00edm olympi\u00e1dy byly spojeny probl\u00e9my a obt\u00ed\u017ee, ale to se dalo o\u010dek\u00e1vat. Bohu\u017eel, na\u0161i z\u00e1vodn\u00edci se tam neprosadili tak, jako p\u0159i minul\u00fdch olympi\u00e1d\u00e1ch, ale rozhodn\u011b se neztratili a v\u011b\u0159\u00edm, \u017ee p\u0159\u00ed\u0161t\u00ed Hry v Pa\u0159\u00ed\u017ei n\u00e1m op\u011bt p\u0159inesou n\u011bjakou medaili.<\/p>\n\n\n\n<p><strong>Jak se \u010cesku da\u0159\u00ed na diplomatick\u00e9m poli? Kate\u0159ina Nash obh\u00e1jila pozici Prezidentky komise sportovc\u016f, a nav\u00edc se stala viceprezidentkou UCI. Co dal\u0161\u00ed?<\/strong><\/p>\n\n\n\n<p>Na diplomatick\u00e9m poli v org\u00e1nech UCI a UEC se n\u00e1m poda\u0159ilo n\u011bkolik d\u00edl\u010d\u00edch \u00fasp\u011bch\u016f, ale do budoucna mus\u00edme b\u00fdt i tady aktivn\u011bj\u0161\u00ed a bojovat o za\u0159azen\u00ed \u010desk\u00fdch z\u00e1stupc\u016f do vrcholn\u00fdch org\u00e1n\u016f t\u011bchto mezin\u00e1rodn\u00edch organizac\u00ed. Jaroslavu Krakovi\u010dov\u00e1 se jako z\u00e1stupkyn\u011b Evropy prosadila mezi volitele UCI a j\u00e1 j jsem byl jmenov\u00e1n p\u0159edsedou komise MTB p\u0159i UEC.<\/p>\n\n\n\n<p><strong>Co \u010dek\u00e1 \u010deskou cyklistiku za kl\u00ed\u010dov\u00e9 akce v roce p\u0159\u00ed\u0161t\u00edm?<\/strong><\/p>\n\n\n\n<p>Bude jich \u0159ada a r\u00e1d bych zm\u00ednil alespo\u0148 ty hlavn\u00ed, jako Sv\u011btov\u00fd poh\u00e1r v&nbsp;cyklokrosu v&nbsp;T\u00e1bo\u0159e, Sv\u011btov\u00fd poh\u00e1r MTB v&nbsp;Nov\u00e9m M\u011bst\u011b na Morav\u011b, mistrovstv\u00ed Evropy v&nbsp;maratonu MTB v Jablonn\u00e9m v&nbsp;Podje\u0161t\u011bd\u00ed, silni\u010dn\u00ed Z\u00e1vodu m\u00edru U23, Sazka Tour a mnoho dal\u0161\u00edch mezin\u00e1rodn\u00edch i dom\u00e1c\u00edch z\u00e1vod\u016f.<\/p>\n\n\n\n<p><strong>M\u00e1te n\u011bjak\u00e1 p\u0159\u00e1n\u00ed pro rok 2022?<\/strong><\/p>\n\n\n\n<p>V\u011b\u0159\u00edm, \u017ee se na\u0161im z\u00e1vodn\u00edk\u016fm poda\u0159\u00ed op\u011bt z\u00edskat na sv\u011btov\u00fdch a evropsk\u00fdch \u0161ampion\u00e1tech medaile a po\u0159adatel\u016fm zajistit z\u00e1vody. Cht\u011bl bych v\u0161em pop\u0159\u00e1t, aby n\u00e1m v nov\u00e9m roce cyklistika d\u011blala jen a jen radost.<\/p>\n\n\n\n<p>Foto: \u010cSC, Michal \u010cerven\u00fd<\/p>\n\n\n\n<figure class=\"wp-block-image size-large\"><img decoding=\"async\" src=\"https:\/\/www.czechcyclingfederation.com\/wp-content\/uploads\/2021\/12\/Kral-Cyklistiky-2020_01-1024x683.jpg\" alt=\"\" class=\"wp-image-10626\"\/><figcaption>Slavnostn\u00ed vyhl\u00e1\u0161en\u00ed kr\u00e1le \u010desk\u00e9 cyklistiky za rok 2020 v pra\u017esk\u00e9m Pr\u016fmyslov\u00e9m pal\u00e1ci.<\/figcaption><\/figure>\n","protected":false},"excerpt":{"rendered":"<p>Rok 2021 bude za p\u00e1r hodin minulost\u00ed a p\u0159ich\u00e1z\u00ed \u010das bilancov\u00e1n\u00ed. Jak\u00fd byl z&nbsp;pohledu \u010desk\u00e9 cyklistiky? Prezident \u010cesk\u00e9ho svazu cyklistiky Petr Marek ho pova\u017euje za velmi \u00fasp\u011b\u0161n\u00fd. \u201eM\u00e1me t\u0159i mistry sv\u011bta, mistra Evropy, mus\u00edm vyzdvihnout i 7. m\u00edsto Zde\u0148ka \u0160tybara na silni\u010dn\u00edm mistrovstv\u00ed sv\u011bta. K&nbsp;tomu i mnoho dal\u0161\u00edch medailov\u00fdch \u00fasp\u011bch\u016f a velmi p\u011bkn\u00fdch a presti\u017en\u00edch [&hellip;]<\/p>\n","protected":false},"author":15,"featured_media":0,"comment_status":"closed","ping_status":"open","sticky":false,"template":"","format":"standard","meta":{"footnotes":""},"categories":[28,2],"tags":[119],"class_list":["post-10624","post","type-post","status-publish","format-standard","hentry","category-cesky-svaz-cyklistiky","category-novinky","tag-csc"],"_links":{"self":[{"href":"https:\/\/www.czechcyclingfederation.com\/en\/wp-json\/wp\/v2\/posts\/10624","targetHints":{"allow":["GET"]}}],"collection":[{"href":"https:\/\/www.czechcyclingfederation.com\/en\/wp-json\/wp\/v2\/posts"}],"about":[{"href":"https:\/\/www.czechcyclingfederation.com\/en\/wp-json\/wp\/v2\/types\/post"}],"author":[{"embeddable":true,"href":"https:\/\/www.czechcyclingfederation.com\/en\/wp-json\/wp\/v2\/users\/15"}],"replies":[{"embeddable":true,"href":"https:\/\/www.czechcyclingfederation.com\/en\/wp-json\/wp\/v2\/comments?post=10624"}],"version-history":[{"count":0,"href":"https:\/\/www.czechcyclingfederation.com\/en\/wp-json\/wp\/v2\/posts\/10624\/revisions"}],"wp:attachment":[{"href":"https:\/\/www.czechcyclingfederation.com\/en\/wp-json\/wp\/v2\/media?parent=10624"}],"wp:term":[{"taxonomy":"category","embeddable":true,"href":"https:\/\/www.czechcyclingfederation.com\/en\/wp-json\/wp\/v2\/categories?post=10624"},{"taxonomy":"post_tag","embeddable":true,"href":"https:\/\/www.czechcyclingfederation.com\/en\/wp-json\/wp\/v2\/tags?post=10624"}],"curies":[{"name":"wp","href":"https:\/\/api.w.org\/{rel}","templated":true}]}}