{"id":10615,"date":"2021-12-29T12:36:18","date_gmt":"2021-12-29T11:36:18","guid":{"rendered":"https:\/\/www.czechcyclingfederation.com\/?p=10615"},"modified":"2021-12-29T12:36:20","modified_gmt":"2021-12-29T11:36:20","slug":"cyklisticka-visegradska-4-se-pojede-i-virtualne","status":"publish","type":"post","link":"https:\/\/www.czechcyclingfederation.com\/en\/cyklisticka-visegradska-4-se-pojede-i-virtualne\/","title":{"rendered":"Cyklistick\u00e1 Visegr\u00e1dsk\u00e1 4 se pojede i virtu\u00e1ln\u011b"},"content":{"rendered":"\n<p>Seri\u00e1l virtu\u00e1ln\u00edch cyklistick\u00fdch z\u00e1vod\u016f na platform\u011b ROUVY, kter\u00fd si v&nbsp;roce 2021 odbyl premi\u00e9ru, v\u00fdznamn\u011b pov\u00fd\u0161il. Nov\u00fd ro\u010dn\u00edk, kter\u00fd odstartuje 11. ledna 2022, se letos poprv\u00e9 pojede jako Visegrad 4 eCUP. P\u016fjde o historicky prvn\u00ed evropsk\u00fd cyklistick\u00fd poh\u00e1r v&nbsp;e-sportu.<\/p>\n\n\n\n<p>Bude m\u00edt celkem \u010dty\u0159i z\u00e1vody a stejn\u011b jako vloni se nad jejich r\u00e1mec pojede i mistrovstv\u00ed republiky \u2013 \u0160KODA eM\u010cR. Seri\u00e1l startuje 11. ledna z\u00e1vodem GP \u010cR, n\u00e1sledovat budou GP Slovenska (25. 1.), GP Polska (15. 2.), GP Ma\u010farska (8. 3.) a dom\u00e1c\u00ed \u0161ampion\u00e1t se uskute\u010dn\u00ed 22. b\u0159ezna.<\/p>\n\n\n\n<figure class=\"wp-block-image size-large\"><img decoding=\"async\" src=\"https:\/\/www.czechcyclingfederation.com\/wp-content\/uploads\/2021\/12\/a17-1024x683.jpg\" alt=\"\" class=\"wp-image-10618\"\/><\/figure>\n\n\n\n<p>\u201eLetos se n\u00e1m povedlo pov\u00fd\u0161it cel\u00fd seri\u00e1l na mezin\u00e1rodn\u00ed \u00farove\u0148. Oslovili jsme federace, kter\u00e9 po\u0159\u00e1daj\u00ed z\u00e1vody Visegr\u00e1dsk\u00e9 \u010dty\u0159ky na silnici a v\u0161em se my\u0161lenka virtu\u00e1ln\u00edch z\u00e1vod\u016f moc l\u00edbila. K&nbsp;dohod\u011b do\u0161lo rychle a ka\u017ed\u00fd z\u00e1vod se tak pojede pod patronac\u00ed dan\u00e9 zem\u011b,\u201c uvedl prezident \u010cesk\u00e9ho svazu cyklistiky (\u010cSC) Ing. Petr Marek.<\/p>\n\n\n\n<figure class=\"wp-block-image size-large\"><img decoding=\"async\" src=\"https:\/\/www.czechcyclingfederation.com\/wp-content\/uploads\/2021\/12\/ROUVY-4-1024x682.jpg\" alt=\"\" class=\"wp-image-10619\"\/><\/figure>\n\n\n\n<p>I kdy\u017e u\u017e se z\u00e1vod\u016f na platform\u011b Rouvy \u00fa\u010dastnili hned v&nbsp;prvn\u00edm ro\u010dn\u00edku i zahrani\u010dn\u00ed cyklist\u00e9, te\u010f se \u010dek\u00e1 daleko po\u010detn\u011bj\u0161\u00ed mezin\u00e1rodn\u00ed peloton.<\/p>\n\n\n\n<p>\u201eBude to mnohem atraktivn\u011bj\u0161\u00ed pro profesion\u00e1ly i hobby jezdce, proto\u017ee mohou pom\u011b\u0159it sv\u00e9 s\u00edly v&nbsp;opravdu kvalitn\u00ed mezin\u00e1rodn\u00ed konkurenci. Virtu\u00e1ln\u00ed z\u00e1vody si z\u00edsk\u00e1vaj\u00ed hlavn\u011b v&nbsp;tomto obdob\u00ed st\u00e1le v\u011bt\u0161\u00ed oblibu a pro cyklisty je to i dobr\u00e1 forma tr\u00e9ninku v&nbsp;hor\u0161\u00edm po\u010das\u00ed. Nav\u00edc je tam v&nbsp;neposledn\u00ed \u0159ad\u011b tak\u00e9 n\u00e1boj sout\u011b\u017een\u00ed,\u201c doplnil marketingov\u00fd \u0159editel \u010cSC Michal Kramer.<\/p>\n\n\n\n<figure class=\"wp-block-image size-large\"><img decoding=\"async\" src=\"https:\/\/www.czechcyclingfederation.com\/wp-content\/uploads\/2021\/12\/a66-1024x683.jpg\" alt=\"\" class=\"wp-image-10621\"\/><\/figure>\n\n\n\n<p>\u010cesk\u00fd svaz cyklistiky u\u017e vytvo\u0159il k&nbsp;seri\u00e1lu Visegrad 4 eCUP a \u0160KODA eM\u010cR speci\u00e1ln\u00ed microsite (<a href=\"http:\/\/www.czechcyclingfederation.com\/events\/visegrad-4-ecup-skoda-emcr-2022\/\">www.czechcyclingfederation.com\/events\/visegrad-4-ecup-skoda-emcr-2022\/<\/a>), kde jsou v\u0161echny d\u016fle\u017eit\u00e9 informace, podm\u00ednky \u00fa\u010dasti a tak\u00e9 registrace.<\/p>\n\n\n\n<p>Pro kategorii hobby cyklist\u016f p\u0159ipravil \u010cSC nav\u00edc novoro\u010dn\u00ed d\u00e1rek v&nbsp;podob\u011b voln\u00fdch voucher k\u00f3d\u016f pro p\u0159edplatn\u00e9 na aplikaci Rouvy. \u201eA abychom amat\u00e9rsk\u00e9 z\u00e1vodn\u00edky je\u0161t\u011b v\u00edce motivovali, tak dva nejlep\u0161\u00ed ze seri\u00e1lu Visegradsk\u00e9 4 budou m\u00edt mo\u017enost startovat vedle vybran\u00fdch profesion\u00e1l\u016f na mistrovstv\u00ed republiky, na n\u011bm\u017e budou v\u0161ichni nejlep\u0161\u00ed fyzicky p\u0159\u00edtomni a pojedou na jednom m\u00edst\u011b,\u201c prozradil Kramer.<\/p>\n\n\n\n<figure class=\"wp-block-image size-large\"><img decoding=\"async\" src=\"https:\/\/www.czechcyclingfederation.com\/wp-content\/uploads\/2021\/12\/a82-1024x683.jpg\" alt=\"\" class=\"wp-image-10622\"\/><\/figure>\n\n\n\n<p>Virtu\u00e1ln\u00ed cyklistick\u00e9 z\u00e1vody si z\u00edsk\u00e1vaj\u00ed st\u00e1le v\u00edce p\u0159\u00edznivc\u016f i mezi profesion\u00e1ly. \u201eV r\u00e1mci zimn\u00ed p\u0159\u00edpravy je to hlavn\u011b pro silni\u010d\u00e1\u0159e ob\u010das dobr\u00e1 forma tr\u00e9ninku a tak\u00e9 zpest\u0159en\u00ed. M\u016f\u017eu si vybrat profil, jak\u00fd chci a slu\u0161n\u011b se u toho zapot\u00edm. J\u00e1 osobn\u011b jdu rad\u0161i v&nbsp;nep\u0159\u00edzniv\u00e9m po\u010das\u00ed na trena\u017eer ne\u017e ven, nav\u00edc m\u011b hodn\u011b bav\u00ed technologie, tak\u017ee jsem fanou\u0161kem virtu\u00e1ln\u00edch z\u00e1vod\u016f,\u201c \u0159ekl cyklista rakousk\u00e9 st\u00e1je Felbermayr &#8211; Simplon Wels Daniel Turek, kter\u00fd se stal premi\u00e9rov\u00fdm mistrem republiky ve virtu\u00e1ln\u00edm z\u00e1vod\u011b.<\/p>\n\n\n\n<p>\u201eJe dob\u0159e, \u017ee se z&nbsp;toho poda\u0159ilo ud\u011blat mezin\u00e1rodn\u00ed seri\u00e1l. Z&nbsp;virtu\u00e1ln\u00edch z\u00e1vod\u016f se skoro st\u00e1v\u00e1 regul\u00e9rn\u00ed cyklistick\u00e1 discipl\u00edna, \u0159ada kluk\u016f tomu hlavn\u011b v&nbsp;zim\u011b propadla a j\u00e1 to rozhodn\u011b nepova\u017euji za n\u011bjakou degradaci. Titulu mistra republiky si cen\u00edm, i kdy\u017e to ur\u010dit\u011b neberu jako nejlep\u0161\u00ed v\u00fdsledek sez\u00f3ny. Ale po\u0159\u00e1d je to dres mistra a ur\u010dit\u011b ho budu cht\u00edt obh\u00e1jit,\u201c dodal Turek.<\/p>\n\n\n\n<figure class=\"wp-block-image size-large\"><img decoding=\"async\" src=\"https:\/\/www.czechcyclingfederation.com\/wp-content\/uploads\/2021\/12\/a97-1024x683.jpg\" alt=\"\" class=\"wp-image-10620\"\/><\/figure>\n\n\n\n<p>Foto: Rouvy<\/p>\n","protected":false},"excerpt":{"rendered":"<p>Seri\u00e1l virtu\u00e1ln\u00edch cyklistick\u00fdch z\u00e1vod\u016f na platform\u011b ROUVY, kter\u00fd si v&nbsp;roce 2021 odbyl premi\u00e9ru, v\u00fdznamn\u011b pov\u00fd\u0161il. Nov\u00fd ro\u010dn\u00edk, kter\u00fd odstartuje 11. ledna 2022, se letos poprv\u00e9 pojede jako Visegrad 4 eCUP. P\u016fjde o historicky prvn\u00ed evropsk\u00fd cyklistick\u00fd poh\u00e1r v&nbsp;e-sportu. Bude m\u00edt celkem \u010dty\u0159i z\u00e1vody a stejn\u011b jako vloni se nad jejich r\u00e1mec pojede i mistrovstv\u00ed republiky [&hellip;]<\/p>\n","protected":false},"author":15,"featured_media":0,"comment_status":"closed","ping_status":"open","sticky":false,"template":"","format":"standard","meta":{"footnotes":""},"categories":[2],"tags":[119],"class_list":["post-10615","post","type-post","status-publish","format-standard","hentry","category-novinky","tag-csc"],"_links":{"self":[{"href":"https:\/\/www.czechcyclingfederation.com\/en\/wp-json\/wp\/v2\/posts\/10615","targetHints":{"allow":["GET"]}}],"collection":[{"href":"https:\/\/www.czechcyclingfederation.com\/en\/wp-json\/wp\/v2\/posts"}],"about":[{"href":"https:\/\/www.czechcyclingfederation.com\/en\/wp-json\/wp\/v2\/types\/post"}],"author":[{"embeddable":true,"href":"https:\/\/www.czechcyclingfederation.com\/en\/wp-json\/wp\/v2\/users\/15"}],"replies":[{"embeddable":true,"href":"https:\/\/www.czechcyclingfederation.com\/en\/wp-json\/wp\/v2\/comments?post=10615"}],"version-history":[{"count":0,"href":"https:\/\/www.czechcyclingfederation.com\/en\/wp-json\/wp\/v2\/posts\/10615\/revisions"}],"wp:attachment":[{"href":"https:\/\/www.czechcyclingfederation.com\/en\/wp-json\/wp\/v2\/media?parent=10615"}],"wp:term":[{"taxonomy":"category","embeddable":true,"href":"https:\/\/www.czechcyclingfederation.com\/en\/wp-json\/wp\/v2\/categories?post=10615"},{"taxonomy":"post_tag","embeddable":true,"href":"https:\/\/www.czechcyclingfederation.com\/en\/wp-json\/wp\/v2\/tags?post=10615"}],"curies":[{"name":"wp","href":"https:\/\/api.w.org\/{rel}","templated":true}]}}