{"id":10525,"date":"2021-12-13T10:33:07","date_gmt":"2021-12-13T09:33:07","guid":{"rendered":"https:\/\/www.czechcyclingfederation.com\/?p=10525"},"modified":"2021-12-13T10:33:09","modified_gmt":"2021-12-13T09:33:09","slug":"vyberove-rizeni-na-nakup-modularniho-pumptracku","status":"publish","type":"post","link":"https:\/\/www.czechcyclingfederation.com\/en\/vyberove-rizeni-na-nakup-modularniho-pumptracku\/","title":{"rendered":"V\u00fdb\u011brov\u00e9 \u0159\u00edzen\u00ed na n\u00e1kup modul\u00e1rn\u00edho pumptracku"},"content":{"rendered":"\n<p>\u010cSC vypisuje\u00a0v\u00fdb\u011brov\u00e9 \u0159\u00edzen\u00ed na n\u00e1kup modul\u00e1rn\u00edho pumptracku II. Bli\u017e\u0161\u00ed informace naleznete v p\u0159\u00edloze.<\/p>\n\n\n\n<p><a href=\"https:\/\/www.vhodne-uverejneni.cz\/index.php?m=xenorders&amp;h=order&amp;a=detail&amp;rwr=nakup-modularniho-pumptracku-ii\">N\u00e1kup modul\u00e1rn\u00edho pumptracku II, Ve\u0159ejn\u00e9 zak\u00e1zky a profily zadavatel\u016f (vhodne-uverejneni.cz)<\/a><\/p>\n","protected":false},"excerpt":{"rendered":"<p>\u010cSC vypisuje\u00a0v\u00fdb\u011brov\u00e9 \u0159\u00edzen\u00ed na n\u00e1kup modul\u00e1rn\u00edho pumptracku II. Bli\u017e\u0161\u00ed informace naleznete v p\u0159\u00edloze. N\u00e1kup modul\u00e1rn\u00edho pumptracku II, Ve\u0159ejn\u00e9 zak\u00e1zky a profily zadavatel\u016f (vhodne-uverejneni.cz)<\/p>\n","protected":false},"author":2,"featured_media":4834,"comment_status":"closed","ping_status":"open","sticky":false,"template":"","format":"standard","meta":{"footnotes":""},"categories":[28,2],"tags":[119],"class_list":["post-10525","post","type-post","status-publish","format-standard","has-post-thumbnail","hentry","category-cesky-svaz-cyklistiky","category-novinky","tag-csc"],"_links":{"self":[{"href":"https:\/\/www.czechcyclingfederation.com\/en\/wp-json\/wp\/v2\/posts\/10525","targetHints":{"allow":["GET"]}}],"collection":[{"href":"https:\/\/www.czechcyclingfederation.com\/en\/wp-json\/wp\/v2\/posts"}],"about":[{"href":"https:\/\/www.czechcyclingfederation.com\/en\/wp-json\/wp\/v2\/types\/post"}],"author":[{"embeddable":true,"href":"https:\/\/www.czechcyclingfederation.com\/en\/wp-json\/wp\/v2\/users\/2"}],"replies":[{"embeddable":true,"href":"https:\/\/www.czechcyclingfederation.com\/en\/wp-json\/wp\/v2\/comments?post=10525"}],"version-history":[{"count":1,"href":"https:\/\/www.czechcyclingfederation.com\/en\/wp-json\/wp\/v2\/posts\/10525\/revisions"}],"predecessor-version":[{"id":10526,"href":"https:\/\/www.czechcyclingfederation.com\/en\/wp-json\/wp\/v2\/posts\/10525\/revisions\/10526"}],"wp:featuredmedia":[{"embeddable":true,"href":"https:\/\/www.czechcyclingfederation.com\/en\/wp-json\/wp\/v2\/media\/4834"}],"wp:attachment":[{"href":"https:\/\/www.czechcyclingfederation.com\/en\/wp-json\/wp\/v2\/media?parent=10525"}],"wp:term":[{"taxonomy":"category","embeddable":true,"href":"https:\/\/www.czechcyclingfederation.com\/en\/wp-json\/wp\/v2\/categories?post=10525"},{"taxonomy":"post_tag","embeddable":true,"href":"https:\/\/www.czechcyclingfederation.com\/en\/wp-json\/wp\/v2\/tags?post=10525"}],"curies":[{"name":"wp","href":"https:\/\/api.w.org\/{rel}","templated":true}]}}