{"id":10509,"date":"2021-12-12T11:58:07","date_gmt":"2021-12-12T10:58:07","guid":{"rendered":"https:\/\/www.czechcyclingfederation.com\/?p=10509"},"modified":"2021-12-12T11:58:09","modified_gmt":"2021-12-12T10:58:09","slug":"mistrovske-medaile-v-omniu-rozdeleny","status":"publish","type":"post","link":"https:\/\/www.czechcyclingfederation.com\/en\/mistrovske-medaile-v-omniu-rozdeleny\/","title":{"rendered":"Mistrovsk\u00e9 medaile v omniu rozd\u011bleny"},"content":{"rendered":"\n<p>O jedny z posledn\u00edch mistrovsk\u00fdch cyklistick\u00fdch medail\u00ed bojuj\u00ed o v\u00edkendu dr\u00e1ha\u0159i v motolsk\u00e9 hale. V olympijsk\u00e9m omniu byl mezi mu\u017ei nejlep\u0161\u00ed Denis Rugovac z Dukla Praha, mezi \u017eenami z\u00edskala zlato jeho t\u00fdmov\u00e1 kolegyn\u011b Petra \u0160ev\u010d\u00edkov\u00e1.<\/p>\n\n\n\n<p>Rugovac z\u00edskal 178 bod\u016f a o prvenstv\u00ed rozhodl a\u017e v z\u00e1v\u011bre\u010dn\u00e9 bodova\u010dce, kdy jasn\u011b p\u0159ed\u010dil do t\u00e9 doby vedouc\u00edho Adama K\u0159enka (TJ Favorit Brno) a ji\u017e s v\u011bt\u0161\u00ed bodov\u00fdm odstupem byl t\u0159et\u00ed dal\u0161\u00ed jezdec Dukly Praha Jan Vone\u0161. Z\u00e1vod \u017een byl jednozna\u010dnou z\u00e1le\u017eitost\u00ed dr\u00e1ha\u0159ek Dukly Praha &#8211; zv\u00edt\u011bzila Petra \u0160ev\u010d\u00edkov\u00e1 p\u0159ed Jarmilou Macha\u010dovou a Kate\u0159inou Kohoutkovou.<\/p>\n\n\n\n<p>T\u0159et\u00ed zlato pro Duklu Praha p\u0159idal jasn\u011b nejlep\u0161\u00ed junior Milan Kadlec a z\u00e1vod juniorek vyzn\u011bl nejl\u00e9pe pro Annu Jaborn\u00edkovou z Dukly Brno.<\/p>\n\n\n\n<p>V\u00fdsledky:<\/p>\n\n\n\n<p>Omnium:<\/p>\n\n\n\n<p>Mu\u017ei:<\/p>\n\n\n\n<p>1. Rugovac (Dukla Praha) 178, 2. K\u0159enek (TJ Favorit Brno) 164, 3. Vone\u0161 (Dukla Praha) 136, 4. \u0160irok\u00fd (TJ Favorit Brno) 129, 5. V\u00e1vra (Dukla Praha) 102, 6. R. Vl\u010dek (TUFO Pardus Prost\u011bjov) 71.<\/p>\n\n\n\n<p>\u017deny:<\/p>\n\n\n\n<p>1. \u0160ev\u010d\u00edkov\u00e1 165, 2. Macha\u010dov\u00e1 161, 3. Kohoutkov\u00e1 131, 4. B\u00e1rtov\u00e1 129, 5. Burlov\u00e1 111, 6. Hejhalov\u00e1 (v\u0161echny Dukla Praha) 96.<\/p>\n\n\n\n<p>Junio\u0159i:<\/p>\n\n\n\n<p>1. Kadlec (Dukla Praha) 193, 2. M. Kobl\u00ed\u017eek (TUFO Pardus Prost\u011bjov) 166, 3. \u0160ilhav\u00fd (KOVO Praha) 151.<\/p>\n\n\n\n<p>Juniorky:<\/p>\n\n\n\n<p>1.A. Jaborn\u00edkov\u00e1 (Dukla Brno) 165, 2. Grulichov\u00e1 (TUFO Pardus Prost\u011bjov) 130, 3. Peterkov\u00e1 (Dukla Brno) 128.<\/p>\n\n\n\n<p>FOTO Milan Kadlec<\/p>\n\n\n\n<figure class=\"wp-block-image size-large\"><img loading=\"lazy\" decoding=\"async\" width=\"1024\" height=\"768\" src=\"https:\/\/www.czechcyclingfederation.com\/wp-content\/uploads\/2021\/12\/IMG-20211211-WA0016.jpg\" alt=\"\" class=\"wp-image-10511\" srcset=\"https:\/\/www.czechcyclingfederation.com\/wp-content\/uploads\/2021\/12\/IMG-20211211-WA0016.jpg 1024w, https:\/\/www.czechcyclingfederation.com\/wp-content\/uploads\/2021\/12\/IMG-20211211-WA0016-267x200.jpg 267w, https:\/\/www.czechcyclingfederation.com\/wp-content\/uploads\/2021\/12\/IMG-20211211-WA0016-768x576.jpg 768w\" sizes=\"auto, (max-width: 1024px) 100vw, 1024px\" \/><\/figure>\n\n\n\n<figure class=\"wp-block-image size-large\"><img loading=\"lazy\" decoding=\"async\" width=\"1024\" height=\"768\" src=\"https:\/\/www.czechcyclingfederation.com\/wp-content\/uploads\/2021\/12\/IMG-20211211-WA0009.jpg\" alt=\"\" class=\"wp-image-10512\" srcset=\"https:\/\/www.czechcyclingfederation.com\/wp-content\/uploads\/2021\/12\/IMG-20211211-WA0009.jpg 1024w, https:\/\/www.czechcyclingfederation.com\/wp-content\/uploads\/2021\/12\/IMG-20211211-WA0009-267x200.jpg 267w, https:\/\/www.czechcyclingfederation.com\/wp-content\/uploads\/2021\/12\/IMG-20211211-WA0009-768x576.jpg 768w\" sizes=\"auto, (max-width: 1024px) 100vw, 1024px\" \/><\/figure>\n\n\n\n<figure class=\"wp-block-image size-large\"><img loading=\"lazy\" decoding=\"async\" width=\"1024\" height=\"766\" src=\"https:\/\/www.czechcyclingfederation.com\/wp-content\/uploads\/2021\/12\/IMG-20211211-WA0013-1024x766.jpg\" alt=\"\" class=\"wp-image-10513\" srcset=\"https:\/\/www.czechcyclingfederation.com\/wp-content\/uploads\/2021\/12\/IMG-20211211-WA0013-1024x766.jpg 1024w, https:\/\/www.czechcyclingfederation.com\/wp-content\/uploads\/2021\/12\/IMG-20211211-WA0013-267x200.jpg 267w, https:\/\/www.czechcyclingfederation.com\/wp-content\/uploads\/2021\/12\/IMG-20211211-WA0013-768x575.jpg 768w, https:\/\/www.czechcyclingfederation.com\/wp-content\/uploads\/2021\/12\/IMG-20211211-WA0013-1536x1149.jpg 1536w, https:\/\/www.czechcyclingfederation.com\/wp-content\/uploads\/2021\/12\/IMG-20211211-WA0013-1320x988.jpg 1320w, https:\/\/www.czechcyclingfederation.com\/wp-content\/uploads\/2021\/12\/IMG-20211211-WA0013.jpg 1600w\" sizes=\"auto, (max-width: 1024px) 100vw, 1024px\" \/><\/figure>\n","protected":false},"excerpt":{"rendered":"<p>O jedny z posledn\u00edch mistrovsk\u00fdch cyklistick\u00fdch medail\u00ed bojuj\u00ed o v\u00edkendu dr\u00e1ha\u0159i v motolsk\u00e9 hale. V olympijsk\u00e9m omniu byl mezi mu\u017ei nejlep\u0161\u00ed Denis Rugovac z Dukla Praha, mezi \u017eenami z\u00edskala zlato jeho t\u00fdmov\u00e1 kolegyn\u011b Petra \u0160ev\u010d\u00edkov\u00e1. Rugovac z\u00edskal 178 bod\u016f a o prvenstv\u00ed rozhodl a\u017e v z\u00e1v\u011bre\u010dn\u00e9 bodova\u010dce, kdy jasn\u011b p\u0159ed\u010dil do t\u00e9 doby vedouc\u00edho Adama [&hellip;]<\/p>\n","protected":false},"author":8,"featured_media":10510,"comment_status":"closed","ping_status":"open","sticky":false,"template":"","format":"standard","meta":{"footnotes":""},"categories":[54,2],"tags":[9],"class_list":["post-10509","post","type-post","status-publish","format-standard","has-post-thumbnail","hentry","category-draha","category-novinky","tag-draha"],"_links":{"self":[{"href":"https:\/\/www.czechcyclingfederation.com\/en\/wp-json\/wp\/v2\/posts\/10509","targetHints":{"allow":["GET"]}}],"collection":[{"href":"https:\/\/www.czechcyclingfederation.com\/en\/wp-json\/wp\/v2\/posts"}],"about":[{"href":"https:\/\/www.czechcyclingfederation.com\/en\/wp-json\/wp\/v2\/types\/post"}],"author":[{"embeddable":true,"href":"https:\/\/www.czechcyclingfederation.com\/en\/wp-json\/wp\/v2\/users\/8"}],"replies":[{"embeddable":true,"href":"https:\/\/www.czechcyclingfederation.com\/en\/wp-json\/wp\/v2\/comments?post=10509"}],"version-history":[{"count":1,"href":"https:\/\/www.czechcyclingfederation.com\/en\/wp-json\/wp\/v2\/posts\/10509\/revisions"}],"predecessor-version":[{"id":10514,"href":"https:\/\/www.czechcyclingfederation.com\/en\/wp-json\/wp\/v2\/posts\/10509\/revisions\/10514"}],"wp:featuredmedia":[{"embeddable":true,"href":"https:\/\/www.czechcyclingfederation.com\/en\/wp-json\/wp\/v2\/media\/10510"}],"wp:attachment":[{"href":"https:\/\/www.czechcyclingfederation.com\/en\/wp-json\/wp\/v2\/media?parent=10509"}],"wp:term":[{"taxonomy":"category","embeddable":true,"href":"https:\/\/www.czechcyclingfederation.com\/en\/wp-json\/wp\/v2\/categories?post=10509"},{"taxonomy":"post_tag","embeddable":true,"href":"https:\/\/www.czechcyclingfederation.com\/en\/wp-json\/wp\/v2\/tags?post=10509"}],"curies":[{"name":"wp","href":"https:\/\/api.w.org\/{rel}","templated":true}]}}