{"id":10491,"date":"2021-12-09T08:40:28","date_gmt":"2021-12-09T07:40:28","guid":{"rendered":"https:\/\/www.czechcyclingfederation.com\/?p=10491"},"modified":"2021-12-09T16:13:07","modified_gmt":"2021-12-09T15:13:07","slug":"skoleni-treneru","status":"publish","type":"post","link":"https:\/\/www.czechcyclingfederation.com\/en\/skoleni-treneru\/","title":{"rendered":"\u0160kolen\u00ed tren\u00e9r\u016f"},"content":{"rendered":"\n<p><strong>\u0160kolen\u00ed tren\u00e9r\u016f III. t\u0159\u00eddy a specializace II. t\u0159\u00eddy rychlostn\u00ed cyklistiky<\/strong><\/p>\n\n\n\n<p><strong>Po\u0159adatel:&nbsp;<\/strong>\u010cESK\u00dd SVAZ CYKLISTIKY<br><strong>Datum kon\u00e1n\u00ed:&nbsp;<\/strong>\u010dtvrtek 6. ledna 2022 od 11.00 hodin &#8211; sobota 8. ledna 2022 do 14.00 hodin<br><strong>M\u00edsto kon\u00e1n\u00ed:&nbsp;<\/strong>M\u00e1chova 163, 411 55 Terez\u00edn, Parkhotel<br><strong>Organiz\u00e1tor:&nbsp;<\/strong>Mgr. Svatopluk Henke<\/p>\n\n\n\n<p><strong>P\u0159ihl\u00e1\u0161ky:&nbsp;<\/strong>Emailem do &nbsp;31. 12. 2021 na:&nbsp;henke@ceskysvazcyklistiky.cz<\/p>\n\n\n\n<p><strong>\u0160koln\u00e9:&nbsp;<\/strong>1600,- K\u010d<\/p>\n\n\n\n<p><strong>Ubytov\u00e1n\u00ed:&nbsp;<\/strong>900,- K\u010d, \u00e1 noc s&nbsp;plnou penz\u00ed<\/p>\n\n\n\n<p><\/p>\n\n\n\n<p><strong>Pozn\u00e1mka:&nbsp;Mo\u017enost p\u0159ihl\u00e1\u0161en\u00ed tak\u00e9 na obecnou \u010d\u00e1st licence B-II.t\u0159\u00eddy na UK FTVS, bli\u017e\u0161\u00ed informace:&nbsp;<a href=\"https:\/\/ftvs.cuni.cz\/FTVS-2199.html\" data-type=\"URL\" data-id=\"https:\/\/ftvs.cuni.cz\/FTVS-2199.html\">&nbsp;https:\/\/ftvs.cuni.cz\/FTVS-2199.html<\/a><\/strong><\/p>\n\n\n<div class=\"wp-block-file\">\r\n                <a target=\"_blank\" rel=\"noopener\" href=\"https:\/\/www.czechcyclingfederation.com\/wp-content\/uploads\/2021\/12\/Rozvrh_skoleni_treneru.xlsx\" class=\"wp-block-file__button wp-element-button\">\r\n                    <span class=\"wp-block-file__icon\"><\/span>\r\n                    ROZVRH \u0160KOLEN\u00cd TREN\u00c9R\u016e\r\n                <\/a>\r\n            <\/div>\n\n\n<p><\/p>\n","protected":false},"excerpt":{"rendered":"<p>\u0160kolen\u00ed tren\u00e9r\u016f III. t\u0159\u00eddy a specializace II. t\u0159\u00eddy rychlostn\u00ed cyklistiky Po\u0159adatel:&nbsp;\u010cESK\u00dd SVAZ CYKLISTIKYDatum kon\u00e1n\u00ed:&nbsp;\u010dtvrtek 6. ledna 2022 od 11.00 hodin &#8211; sobota 8. ledna 2022 do 14.00 hodinM\u00edsto kon\u00e1n\u00ed:&nbsp;M\u00e1chova 163, 411 55 Terez\u00edn, ParkhotelOrganiz\u00e1tor:&nbsp;Mgr. Svatopluk Henke P\u0159ihl\u00e1\u0161ky:&nbsp;Emailem do &nbsp;31. 12. 2021 na:&nbsp;henke@ceskysvazcyklistiky.cz \u0160koln\u00e9:&nbsp;1600,- K\u010d Ubytov\u00e1n\u00ed:&nbsp;900,- K\u010d, \u00e1 noc s&nbsp;plnou penz\u00ed Pozn\u00e1mka:&nbsp;Mo\u017enost p\u0159ihl\u00e1\u0161en\u00ed tak\u00e9 na obecnou [&hellip;]<\/p>\n","protected":false},"author":14,"featured_media":10494,"comment_status":"closed","ping_status":"open","sticky":false,"template":"","format":"standard","meta":{"footnotes":""},"categories":[2,24,1],"tags":[],"class_list":["post-10491","post","type-post","status-publish","format-standard","has-post-thumbnail","hentry","category-novinky","category-skoleni-treneru","category-uncategorized-cs"],"_links":{"self":[{"href":"https:\/\/www.czechcyclingfederation.com\/en\/wp-json\/wp\/v2\/posts\/10491","targetHints":{"allow":["GET"]}}],"collection":[{"href":"https:\/\/www.czechcyclingfederation.com\/en\/wp-json\/wp\/v2\/posts"}],"about":[{"href":"https:\/\/www.czechcyclingfederation.com\/en\/wp-json\/wp\/v2\/types\/post"}],"author":[{"embeddable":true,"href":"https:\/\/www.czechcyclingfederation.com\/en\/wp-json\/wp\/v2\/users\/14"}],"replies":[{"embeddable":true,"href":"https:\/\/www.czechcyclingfederation.com\/en\/wp-json\/wp\/v2\/comments?post=10491"}],"version-history":[{"count":3,"href":"https:\/\/www.czechcyclingfederation.com\/en\/wp-json\/wp\/v2\/posts\/10491\/revisions"}],"predecessor-version":[{"id":10497,"href":"https:\/\/www.czechcyclingfederation.com\/en\/wp-json\/wp\/v2\/posts\/10491\/revisions\/10497"}],"wp:featuredmedia":[{"embeddable":true,"href":"https:\/\/www.czechcyclingfederation.com\/en\/wp-json\/wp\/v2\/media\/10494"}],"wp:attachment":[{"href":"https:\/\/www.czechcyclingfederation.com\/en\/wp-json\/wp\/v2\/media?parent=10491"}],"wp:term":[{"taxonomy":"category","embeddable":true,"href":"https:\/\/www.czechcyclingfederation.com\/en\/wp-json\/wp\/v2\/categories?post=10491"},{"taxonomy":"post_tag","embeddable":true,"href":"https:\/\/www.czechcyclingfederation.com\/en\/wp-json\/wp\/v2\/tags?post=10491"}],"curies":[{"name":"wp","href":"https:\/\/api.w.org\/{rel}","templated":true}]}}