{"id":10440,"date":"2021-12-07T12:00:00","date_gmt":"2021-12-07T11:00:00","guid":{"rendered":"https:\/\/www.czechcyclingfederation.com\/?p=10440"},"modified":"2021-12-07T09:41:26","modified_gmt":"2021-12-07T08:41:26","slug":"mcr-v-omniu-jiz-tento-vikend","status":"publish","type":"post","link":"https:\/\/www.czechcyclingfederation.com\/en\/mcr-v-omniu-jiz-tento-vikend\/","title":{"rendered":"M\u010cR v Omniu ji\u017e tento v\u00edkend"},"content":{"rendered":"\n<p>Posledn\u00ed gener\u00e1lku p\u0159ed tradi\u010dn\u00edm vrcholem dom\u00e1c\u00ed dr\u00e1hov\u00e9 sezony Maxbike mistrovstv\u00ed planety obstar\u00e1 tento v\u00edkend mistrovstv\u00ed republiky v&nbsp;jedin\u00e9 olympijsk\u00e9 individu\u00e1ln\u00ed vytrvaleck\u00e9 discipl\u00edn\u011b &#8211; omniu.<\/p>\n\n\n\n<p>V&nbsp;sobotu od 12:00 se ke \u010dty\u0159em discipl\u00edn\u00e1m cyklistick\u00e9ho v\u00edceboje, kter\u00fdmi jsou postupn\u011b scratch, tempo race, vylu\u010dova\u010dka a z\u00e1v\u011bre\u010dn\u00e1 bodova\u010dka postav\u00ed juniorky, junio\u0159i, \u017eeny a mu\u017ei elite. V&nbsp;ned\u011bli od 11:00 potom omnium \u010dek\u00e1 v\u0161echny mlad\u0161\u00ed ml\u00e1de\u017enick\u00e9 kategorie .<\/p>\n\n\n\n<p>Oba dva dny tedy v&nbsp;sobotu od 12:00 a v&nbsp;ned\u011bli od 11:00 d\u00edky firm\u011b Techniserv IT m\u016f\u017eete sledovat p\u0159\u00edm\u00fd p\u0159enos z\u00e1vodu na str\u00e1nk\u00e1ch <a href=\"http:\/\/www.sporton.eu\" data-type=\"URL\" data-id=\"www.sporton.eu\">www.sporton.eu<\/a>, na youtube nebo na na str\u00e1nk\u00e1ch informa\u010dn\u00edho serveru&nbsp;<a href=\"http:\/\/www.roadcycling.cz\/\">www.roadcycling.cz<\/a><\/p>\n\n\n\n<p>Vzhledem k&nbsp;vl\u00e1dn\u00edm koronavirov\u00fdm opat\u0159en\u00edm a n\u00edzk\u00e9 kapacit\u011b m\u00edst k&nbsp;sezen\u00ed nemohou b\u00fdt na motolsk\u00fd velodrom bohu\u017eel vpu\u0161t\u011bni div\u00e1ci, ale pouze z\u00e1vodn\u00edci a jejich doprovod.&nbsp;<\/p>\n\n\n\n<p>Pro v\u00edce informac\u00ed kontaktujte po\u0159adatele z&nbsp;Dukly Praha. Propozice z\u00e1vodu v&nbsp;p\u0159\u00edloze.<\/p>\n\n\n\n<p>Covid opat\u0159en\u00ed pro z\u00e1vodn\u00edky a doprovod &#8211; p\u0159ehled:<\/p>\n\n\n\n<p>D\u011bti do 12 let: Bez prok\u00e1z\u00e1n\u00ed bezinfek\u010dnosti.<\/p>\n\n\n\n<p>Ml\u00e1de\u017e od 12 do 18 let: prok\u00e1zat se mohou o\u010dkovac\u00edm certifik\u00e1tem \u010di certifik\u00e1tem s laboratorn\u00edm potvrzen\u00edm o prod\u011bl\u00e1n\u00ed onemocn\u011bn\u00ed covid-19 v posledn\u00edch 180 dnech, pro tuto v\u011bkovou kategorii plat\u00ed i negativn\u00ed PCR test, jeho platnost je max. 7 dn\u00ed.<\/p>\n\n\n\n<p>Dosp\u011bl\u00ed (18 let a star\u0161\u00ed): prok\u00e1zat se mohou pouze o\u010dkovac\u00edm certifik\u00e1tem \u010di certifik\u00e1tem s laboratorn\u00edm potvrzen\u00edm o prod\u011bl\u00e1n\u00ed onemocn\u011bn\u00ed covid-19 v posledn\u00edch 180 dnech, neplat\u00ed PCR test (v\u00fdjimka osoby s neukon\u010den\u00fdm o\u010dkov\u00e1n\u00edm \u010di osoby, kter\u00e9 se ze zdravotn\u00edch d\u016fvod\u016f o\u010dkovat nemohou), platnost PCR test\u016f, na n\u011b\u017e se vztahuj\u00ed v\u00fd\u0161e zm\u00edn\u011bn\u00e9 v\u00fdjimky, je 72h.<\/p>\n\n\n\n<p>V\u00fd\u0161e uveden\u00e9 podm\u00ednky se t\u00fdkaj\u00ed amat\u00e9rsk\u00e9ho sportu.<\/p>\n\n\n\n<p>Co se t\u00fd\u010de profesion\u00e1ln\u00edch sportovc\u016f, prok\u00e1zat se mohou pouze o\u010dkovac\u00edm certifik\u00e1tem \u010di certifik\u00e1tem s laboratorn\u00edm potvrzen\u00edm o prod\u011bl\u00e1n\u00ed onemocn\u011bn\u00ed covid-19 v posledn\u00edch 180 dnech, p\u0159\u00edpadn\u011b PCR test platnost 72h.<\/p>\n\n\n\n<p>Kontrola opat\u0159en\u00ed: Za kontrolu zodpov\u00edd\u00e1 po\u0159adatel \u2013 je nutn\u00e9 odevzdat SelfReport po\u0159adateli z\u00e1vodu a prok\u00e1zat svou bezinfek\u010dnost. Selfreport naleznete v p\u0159\u00edloze \u010dl\u00e1nku.<\/p>\n\n\n\n<p>Propozice k z\u00e1vodu a p\u0159ihl\u00e1\u0161en\u00ed z\u00e1vodnic\u00ed jsou na webu \u010cSC.<\/p>\n\n\n<div class=\"wp-block-file\">\r\n                <a target=\"_blank\" rel=\"noopener\" href=\"https:\/\/www.czechcyclingfederation.com\/wp-content\/uploads\/2021\/12\/MCR-2021-omnium.doc\" class=\"wp-block-file__button wp-element-button\">\r\n                    <span class=\"wp-block-file__icon\"><\/span>\r\n                    M\u010cR-2021-omnium\r\n                <\/a>\r\n            <\/div>\n\n<div class=\"wp-block-file\">\r\n                <a target=\"_blank\" rel=\"noopener\" href=\"https:\/\/www.czechcyclingfederation.com\/wp-content\/uploads\/2021\/12\/CSC_SelfReportingForm_COVID-19.docx\" class=\"wp-block-file__button wp-element-button\">\r\n                    <span class=\"wp-block-file__icon\"><\/span>\r\n                    CSC SelfReportingForm\r\n                <\/a>\r\n            <\/div>","protected":false},"excerpt":{"rendered":"<p>Posledn\u00ed gener\u00e1lku p\u0159ed tradi\u010dn\u00edm vrcholem dom\u00e1c\u00ed dr\u00e1hov\u00e9 sezony Maxbike mistrovstv\u00ed planety obstar\u00e1 tento v\u00edkend mistrovstv\u00ed republiky v&nbsp;jedin\u00e9 olympijsk\u00e9 individu\u00e1ln\u00ed vytrvaleck\u00e9 discipl\u00edn\u011b &#8211; omniu. V&nbsp;sobotu od 12:00 se ke \u010dty\u0159em discipl\u00edn\u00e1m cyklistick\u00e9ho v\u00edceboje, kter\u00fdmi jsou postupn\u011b scratch, tempo race, vylu\u010dova\u010dka a z\u00e1v\u011bre\u010dn\u00e1 bodova\u010dka postav\u00ed juniorky, junio\u0159i, \u017eeny a mu\u017ei elite. V&nbsp;ned\u011bli od 11:00 potom omnium \u010dek\u00e1 [&hellip;]<\/p>\n","protected":false},"author":1,"featured_media":10442,"comment_status":"closed","ping_status":"open","sticky":false,"template":"","format":"standard","meta":{"footnotes":""},"categories":[54,2],"tags":[9,168,167],"class_list":["post-10440","post","type-post","status-publish","format-standard","has-post-thumbnail","hentry","category-draha","category-novinky","tag-draha","tag-mcr","tag-omnium"],"_links":{"self":[{"href":"https:\/\/www.czechcyclingfederation.com\/en\/wp-json\/wp\/v2\/posts\/10440","targetHints":{"allow":["GET"]}}],"collection":[{"href":"https:\/\/www.czechcyclingfederation.com\/en\/wp-json\/wp\/v2\/posts"}],"about":[{"href":"https:\/\/www.czechcyclingfederation.com\/en\/wp-json\/wp\/v2\/types\/post"}],"author":[{"embeddable":true,"href":"https:\/\/www.czechcyclingfederation.com\/en\/wp-json\/wp\/v2\/users\/1"}],"replies":[{"embeddable":true,"href":"https:\/\/www.czechcyclingfederation.com\/en\/wp-json\/wp\/v2\/comments?post=10440"}],"version-history":[{"count":3,"href":"https:\/\/www.czechcyclingfederation.com\/en\/wp-json\/wp\/v2\/posts\/10440\/revisions"}],"predecessor-version":[{"id":10450,"href":"https:\/\/www.czechcyclingfederation.com\/en\/wp-json\/wp\/v2\/posts\/10440\/revisions\/10450"}],"wp:featuredmedia":[{"embeddable":true,"href":"https:\/\/www.czechcyclingfederation.com\/en\/wp-json\/wp\/v2\/media\/10442"}],"wp:attachment":[{"href":"https:\/\/www.czechcyclingfederation.com\/en\/wp-json\/wp\/v2\/media?parent=10440"}],"wp:term":[{"taxonomy":"category","embeddable":true,"href":"https:\/\/www.czechcyclingfederation.com\/en\/wp-json\/wp\/v2\/categories?post=10440"},{"taxonomy":"post_tag","embeddable":true,"href":"https:\/\/www.czechcyclingfederation.com\/en\/wp-json\/wp\/v2\/tags?post=10440"}],"curies":[{"name":"wp","href":"https:\/\/api.w.org\/{rel}","templated":true}]}}