{"id":10388,"date":"2021-11-28T18:47:58","date_gmt":"2021-11-28T17:47:58","guid":{"rendered":"https:\/\/www.czechcyclingfederation.com\/?p=10388"},"modified":"2021-11-28T18:48:00","modified_gmt":"2021-11-28T17:48:00","slug":"drahari-bojovali-ve-skoda-cupu-v-motole","status":"publish","type":"post","link":"https:\/\/www.czechcyclingfederation.com\/en\/drahari-bojovali-ve-skoda-cupu-v-motole\/","title":{"rendered":"Dr\u00e1ha\u0159i bojovali ve \u0160KODA Cupu v Motole"},"content":{"rendered":"\n<p>Dal\u0161\u00ed d\u00edl \u010cesk\u00e9ho poh\u00e1ru ml\u00e1de\u017ee a \u017een na dr\u00e1ze \u0160koda cup 2021\/2022 se uskute\u010dnil o v\u00edkendu v hale v Praze Motole. O body se jelo ve dvoudenn\u00edm p\u011btid\u00edln\u00e9 omnium, kter\u00e9 se skl\u00e1dalo z \u00favodn\u00edho scratche, pot\u00e9 z eliminace, prvenstv\u00ed, d\u00e1nsk\u00e9ho bodovac\u00edho z\u00e1vodu a z\u00e1v\u011bre\u010dn\u00e9ho italsk\u00e9ho vylu\u010dovac\u00edho z\u00e1vodu. Na z\u00e1v\u011br ned\u011bln\u00edho programu nav\u00e1zal madison a mu\u017ei jeli tak\u00e9 po oba dny scratch.<\/p>\n\n\n\n<p>Omnium \u017een vyhr\u00e1la Jarmila Macha\u010dov\u00e1 z Dukly Ptraha s osmi body p\u0159ed sv\u00fdmi odd\u00edlov\u00fdmi kolegyn\u011bmi&nbsp; Kate\u0159ina Kokoutkov\u00e1 (13 bod\u016f) a t\u0159et\u00ed skon\u010dila Gabriela B\u00e1rtov\u00e1 (16). V madisonu kralovaly Macha\u010dov\u00e1 s Kohoutkovou.<\/p>\n\n\n\n<p>Z\u00e1vod junior\u016f v omniu vyzn\u011bl nejl\u00e9pe pro Milana Kadlec z Dukly Praha, kter\u00fd vyhr\u00e1l p\u0159ed Maty\u00e1\u0161em Kobl\u00ed\u017ekem (TUFO Pardus Prost\u011bjov) a Richardem Kobrem (Roman Kreuziger Cycling Academy).<\/p>\n\n\n\n<p>V sobotn\u00edm scratchi mu\u017e\u016f kralovali jezdci Favoritu Brno a v po\u0159ad\u00ed Martin \u010cepek, \u0160t\u011bp\u00e1n \u0160irok\u00fd, Adam K\u0159enek ovl\u00e1dli stupn\u011b v\u00edt\u011bz\u016f. V ned\u011bli byl nejlep\u0161\u00ed Denis Rugovac (Dukla Praha) p\u0159ed K\u0159enkem a \u0160irok\u00fd. Bodovac\u00ed z\u00e1vod vyzn\u011bl nejl\u00e9pe pro dvojici Kadlec &#8211; K\u0159enek.<\/p>\n\n\n\n<p>V\u00fdsledky:<\/p>\n\n\n\n<p>\u017d\u00e1ci:<\/p>\n\n\n\n<p>Omnium:<\/p>\n\n\n\n<p>1. Va\u0161ina (TJ Favorit Brno) 10, 2. Hasal (Dukla Praha) 11, 3. Ciboch (KOVO Praha) 15.<\/p>\n\n\n\n<p>Madison:<\/p>\n\n\n\n<p>1. Va\u0161ina, Hub\u00e1\u010dek (TJ Favorit Brno) 27, 2. Hasal, Kr\u00e1l (Dukla Praha) 3, 3. Bran\u010d, La Carbonara (TJ Favorit Brno) -4.<\/p>\n\n\n\n<p>\u017d\u00e1kyn\u011b a kadetky:<\/p>\n\n\n\n<p>Omnium:<\/p>\n\n\n\n<p>1. Hermanov\u00e1 (Sportcoplex B\u0159eclav) 14, 2. N. Ka\u0148kovsk\u00e1 (Mapei Merida Ka\u0148kovsk\u00fd) 17, 3. Strakat\u00e1 (Dukla Praha) 20.<\/p>\n\n\n\n<p>Madison:<\/p>\n\n\n\n<p>1. Hermanov\u00e1, Jadrn\u00e1 (Sportcoplex B\u0159eclav) 23, 2. N. Ka\u0148kovsk\u00e1, Pittnerov\u00e1 (Mapei Merida Ka\u0148kovsk\u00fd) 18, 3. Strakat\u00e1, Lal\u00e1kov\u00e1 (Dukla Praha) 13.<\/p>\n\n\n\n<p>Kadeti:<\/p>\n\n\n\n<p>Omnium:<\/p>\n\n\n\n<p>1. Poda\u0159il (Dukla Praha) 9, 2. Pe\u0161ek (Roman Kreuziger Cycling Academy) 16, 3. Vavro (TJ Favorit Brno) 17.<\/p>\n\n\n\n<p>Madison:<\/p>\n\n\n\n<p>1. Poda\u0159il, Kr\u00e1l (Dukla Praha) 63, 2. Brad\u00e1\u010d, Je\u0159\u00e1bek (Dukla Praha) -1, 3. Jaro\u0161, Richter (Mapei Merida Ka\u0148kovsk\u00fd\/TJ Favorit Brno) -39.<\/p>\n\n\n\n<p>Juniorky a \u017eeny:<\/p>\n\n\n\n<p>Omnium:<\/p>\n\n\n\n<p>1. Macha\u010dov\u00e1 8, 2. Kohoutkov\u00e1 13, 3. B\u00e1rtov\u00e1 (v\u0161echny Dukla Praha) 16, 4. A. Jaborn\u00edkov\u00e1 (Dukla Brno) 18, 5. N\u011bmcov\u00e1 (Sportcoplex B\u0159eclav) 35, 6. Hejhalov\u00e1 (Dukla Praha) 44.<\/p>\n\n\n\n<p>Madison:<\/p>\n\n\n\n<p>1. Macha\u010dov\u00e1, Kohoutkov\u00e1 48, 2. N\u011bmcov\u00e1, B\u00e1rtov\u00e1 8, 3. A. Jaborn\u00edkov\u00e1, Peterkov\u00e1 (Dukla Brno) -37.<\/p>\n\n\n\n<p>Junio\u0159i:<\/p>\n\n\n\n<p>Omnium:<\/p>\n\n\n\n<p>1. Kadlec (Dukla Praha) 8, 2. M. Kobl\u00ed\u017eek (TUFO Pardus Prost\u011bjov) 13, 3. Rich. Kobr (Roman Kreuziger Cycling Academy) 17, 4. \u0160tec (TUFO Pardus Prost\u011bjov) 19, 5. Po\u0159\u00edzka (KOVO Praha) 25, 6. Vajbar (Dukla Brno) 33.<\/p>\n\n\n\n<p>Madison:<\/p>\n\n\n\n<p>1. Vajbar, Mal\u00e1\u0161ek (Dukla Brno) 45, 2. Kohout, M. Vl\u010dek (Roman Kreuziger Cycling Academy) 32, 3. Pad\u011blek, Vyso\u010dan (TJ Favorit Brno) -4.<\/p>\n\n\n\n<p>Mu\u017ei:<\/p>\n\n\n\n<p>Scratch I:<\/p>\n\n\n\n<p>1. \u010cepek, 2. \u0160irok\u00fd, 3. K\u0159enek&nbsp; (v\u0161ichni TJ Favorit Brno), 4. Voltr (Topforex &#8211; ATT Investments), 5. Prudek (D2MONT Merida Cycling Team), 6. V\u00e1vra (Dukla Praha).<\/p>\n\n\n\n<p>Scratch II:<\/p>\n\n\n\n<p>1. Rugovac, 2. K\u0159enek, 3. \u0160irok\u00fd, 4. Pietrula, 5. R. Vl\u010dek (TUFO Pardus Prost\u011bjov), 6. \u010cepek.<\/p>\n\n\n\n<p>Bodovac\u00ed z\u00e1vod:<\/p>\n\n\n\n<p>1. Kadlec 184, 2. K\u0159enek 168, 3. Vone\u0161 150, 4. Rugovac (oba Dukla Praha) 148, 5. \u0160irok\u00fd 108, 6. Pietrula (Dukla Praha) 65.<\/p>\n\n\n\n<p>Madison:<\/p>\n\n\n\n<p>1. K\u0159enek, Kadlec 61, 2. Rugovac, Vone\u0161 54, 3. \u0160tec, M. Kobl\u00ed\u017eek 25, 4. V\u00e1vra, Pietrula 0, 5. \u010cepek, \u0160irok\u00fd -30, 6. Rich. Kobr, Rob. Kobr (Roman Kreuziger Cycling Academy) -87.<\/p>\n\n\n\n<p>FOTO Milan Kadlec<\/p>\n\n\n\n<figure class=\"wp-block-image size-large is-resized\"><img loading=\"lazy\" decoding=\"async\" src=\"https:\/\/www.czechcyclingfederation.com\/wp-content\/uploads\/2021\/11\/IMG-20211128-WA0001.jpg\" alt=\"\" class=\"wp-image-10390\" width=\"27\" height=\"20\" srcset=\"https:\/\/www.czechcyclingfederation.com\/wp-content\/uploads\/2021\/11\/IMG-20211128-WA0001.jpg 1024w, https:\/\/www.czechcyclingfederation.com\/wp-content\/uploads\/2021\/11\/IMG-20211128-WA0001-267x200.jpg 267w, https:\/\/www.czechcyclingfederation.com\/wp-content\/uploads\/2021\/11\/IMG-20211128-WA0001-768x576.jpg 768w\" sizes=\"auto, (max-width: 27px) 100vw, 27px\" \/><\/figure>\n\n\n\n<figure class=\"wp-block-image size-large\"><img loading=\"lazy\" decoding=\"async\" width=\"1024\" height=\"768\" src=\"https:\/\/www.czechcyclingfederation.com\/wp-content\/uploads\/2021\/11\/IMG-20211128-WA0002-1.jpg\" alt=\"\" class=\"wp-image-10395\" srcset=\"https:\/\/www.czechcyclingfederation.com\/wp-content\/uploads\/2021\/11\/IMG-20211128-WA0002-1.jpg 1024w, https:\/\/www.czechcyclingfederation.com\/wp-content\/uploads\/2021\/11\/IMG-20211128-WA0002-1-267x200.jpg 267w, https:\/\/www.czechcyclingfederation.com\/wp-content\/uploads\/2021\/11\/IMG-20211128-WA0002-1-768x576.jpg 768w\" sizes=\"auto, (max-width: 1024px) 100vw, 1024px\" \/><\/figure>\n\n\n\n<figure class=\"wp-block-image size-large\"><img loading=\"lazy\" decoding=\"async\" width=\"1024\" height=\"768\" src=\"https:\/\/www.czechcyclingfederation.com\/wp-content\/uploads\/2021\/11\/IMG-20211128-WA0003.jpg\" alt=\"\" class=\"wp-image-10392\" srcset=\"https:\/\/www.czechcyclingfederation.com\/wp-content\/uploads\/2021\/11\/IMG-20211128-WA0003.jpg 1024w, https:\/\/www.czechcyclingfederation.com\/wp-content\/uploads\/2021\/11\/IMG-20211128-WA0003-267x200.jpg 267w, https:\/\/www.czechcyclingfederation.com\/wp-content\/uploads\/2021\/11\/IMG-20211128-WA0003-768x576.jpg 768w\" sizes=\"auto, (max-width: 1024px) 100vw, 1024px\" \/><\/figure>\n\n\n\n<figure class=\"wp-block-image size-large\"><img loading=\"lazy\" decoding=\"async\" width=\"768\" height=\"1024\" src=\"https:\/\/www.czechcyclingfederation.com\/wp-content\/uploads\/2021\/11\/IMG-20211128-WA0004.jpg\" alt=\"\" class=\"wp-image-10393\" srcset=\"https:\/\/www.czechcyclingfederation.com\/wp-content\/uploads\/2021\/11\/IMG-20211128-WA0004.jpg 768w, https:\/\/www.czechcyclingfederation.com\/wp-content\/uploads\/2021\/11\/IMG-20211128-WA0004-150x200.jpg 150w\" sizes=\"auto, (max-width: 768px) 100vw, 768px\" \/><\/figure>\n\n\n\n<figure class=\"wp-block-image size-large\"><img loading=\"lazy\" decoding=\"async\" width=\"1024\" height=\"768\" src=\"https:\/\/www.czechcyclingfederation.com\/wp-content\/uploads\/2021\/11\/IMG-20211128-WA0005.jpg\" alt=\"\" class=\"wp-image-10394\" srcset=\"https:\/\/www.czechcyclingfederation.com\/wp-content\/uploads\/2021\/11\/IMG-20211128-WA0005.jpg 1024w, https:\/\/www.czechcyclingfederation.com\/wp-content\/uploads\/2021\/11\/IMG-20211128-WA0005-267x200.jpg 267w, https:\/\/www.czechcyclingfederation.com\/wp-content\/uploads\/2021\/11\/IMG-20211128-WA0005-768x576.jpg 768w\" sizes=\"auto, (max-width: 1024px) 100vw, 1024px\" \/><\/figure>\n\n\n\n<p><\/p>\n","protected":false},"excerpt":{"rendered":"<p>Dal\u0161\u00ed d\u00edl \u010cesk\u00e9ho poh\u00e1ru ml\u00e1de\u017ee a \u017een na dr\u00e1ze \u0160koda cup 2021\/2022 se uskute\u010dnil o v\u00edkendu v hale v Praze Motole. O body se jelo ve dvoudenn\u00edm p\u011btid\u00edln\u00e9 omnium, kter\u00e9 se skl\u00e1dalo z \u00favodn\u00edho scratche, pot\u00e9 z eliminace, prvenstv\u00ed, d\u00e1nsk\u00e9ho bodovac\u00edho z\u00e1vodu a z\u00e1v\u011bre\u010dn\u00e9ho italsk\u00e9ho vylu\u010dovac\u00edho z\u00e1vodu. Na z\u00e1v\u011br ned\u011bln\u00edho programu nav\u00e1zal madison a mu\u017ei [&hellip;]<\/p>\n","protected":false},"author":8,"featured_media":10389,"comment_status":"closed","ping_status":"open","sticky":false,"template":"","format":"standard","meta":{"footnotes":""},"categories":[54,2],"tags":[9],"class_list":["post-10388","post","type-post","status-publish","format-standard","has-post-thumbnail","hentry","category-draha","category-novinky","tag-draha"],"_links":{"self":[{"href":"https:\/\/www.czechcyclingfederation.com\/en\/wp-json\/wp\/v2\/posts\/10388","targetHints":{"allow":["GET"]}}],"collection":[{"href":"https:\/\/www.czechcyclingfederation.com\/en\/wp-json\/wp\/v2\/posts"}],"about":[{"href":"https:\/\/www.czechcyclingfederation.com\/en\/wp-json\/wp\/v2\/types\/post"}],"author":[{"embeddable":true,"href":"https:\/\/www.czechcyclingfederation.com\/en\/wp-json\/wp\/v2\/users\/8"}],"replies":[{"embeddable":true,"href":"https:\/\/www.czechcyclingfederation.com\/en\/wp-json\/wp\/v2\/comments?post=10388"}],"version-history":[{"count":2,"href":"https:\/\/www.czechcyclingfederation.com\/en\/wp-json\/wp\/v2\/posts\/10388\/revisions"}],"predecessor-version":[{"id":10397,"href":"https:\/\/www.czechcyclingfederation.com\/en\/wp-json\/wp\/v2\/posts\/10388\/revisions\/10397"}],"wp:featuredmedia":[{"embeddable":true,"href":"https:\/\/www.czechcyclingfederation.com\/en\/wp-json\/wp\/v2\/media\/10389"}],"wp:attachment":[{"href":"https:\/\/www.czechcyclingfederation.com\/en\/wp-json\/wp\/v2\/media?parent=10388"}],"wp:term":[{"taxonomy":"category","embeddable":true,"href":"https:\/\/www.czechcyclingfederation.com\/en\/wp-json\/wp\/v2\/categories?post=10388"},{"taxonomy":"post_tag","embeddable":true,"href":"https:\/\/www.czechcyclingfederation.com\/en\/wp-json\/wp\/v2\/tags?post=10388"}],"curies":[{"name":"wp","href":"https:\/\/api.w.org\/{rel}","templated":true}]}}