{"id":10374,"date":"2021-11-25T21:29:19","date_gmt":"2021-11-25T20:29:19","guid":{"rendered":"https:\/\/www.czechcyclingfederation.com\/?p=10374"},"modified":"2021-11-25T21:34:12","modified_gmt":"2021-11-25T20:34:12","slug":"ivan-kucirek-oslavil-petasedmdesatiny","status":"publish","type":"post","link":"https:\/\/www.czechcyclingfederation.com\/en\/ivan-kucirek-oslavil-petasedmdesatiny\/","title":{"rendered":"Ivan Ku\u010d\u00edrek oslavil p\u011btasedmdes\u00e1tiny"},"content":{"rendered":"\n<p>P\u011btasedmdes\u00e1t\u00e9 narozeniny oslavil dnes Ivan Ku\u010d\u00edrek, trojn\u00e1sobn\u00fd sv\u011btov\u00fd \u0161ampion v tandemech. N\u011bkdo \u010dek\u00e1 na nejv\u011bt\u0161\u00ed \u017eivotn\u00ed \u00fasp\u011bch nekone\u010dn\u011b dlouho. Ten Ku\u010d\u00edrk\u016fv p\u0159i\u0161el v roce 1980. Bylo mu p\u011btat\u0159icet let a u\u017e p\u0159\u00edli\u0161 nev\u011b\u0159il, \u017ee by je\u0161t\u011b mohl startovat na mistrovstv\u00ed sv\u011bta. Nominace se do\u010dkal teprve pot\u00e9, co s osmn\u00e1ctilet\u00fdm partnerem Pavlem Mart\u00ednkem porazili na mistrovstv\u00ed republiky mistry sv\u011bta Va\u010dk\u00e1\u0159e s Vymazalem.<\/p>\n\n\n\n<p>V patn\u00e1cti letech uvid\u011bl v Brn\u011b na velodromu dr\u00e1ha\u0159e a tehdy se rozhodl, \u017ee bude sprinterem. V sedmn\u00e1cti se na mezin\u00e1rodn\u00edm mistrovstv\u00ed \u010cSSR probojoval jako jedin\u00fd \u010cech mezi nejlep\u0161\u00edch osm a skon\u010dil \u010dtvrt\u00fd. O rok pozd\u011bji, v roce 1964, u\u017e jel na mistrovstv\u00ed sv\u011bta do Pa\u0159\u00ed\u017ee. V rozj\u00ed\u017e\u010fce ho porazil obh\u00e1jce mistrovsk\u00e9ho titulu Belgi\u010dan Patrik Sercu tak t\u011bsn\u011b, \u017ee rozhodovala c\u00edlov\u00e1 fotografie. Z oprav Ku\u010d\u00edrek postoupil mezi posledn\u00edch osm.<\/p>\n\n\n\n<p>V obdob\u00edch mezi mistrovstv\u00edmi sv\u011bta por\u00e1\u017eel ty nejlep\u0161\u00ed, ale z vrcholn\u00fdch z\u00e1vod\u016f st\u00e1le jezdil s pr\u00e1zdnou. A\u017e roku 1971 na MS ve Varese z\u00edskal bronzovou medaili ve sprintu. P\u016fvodn\u011b tam odjel jako tandemista s Vladim\u00edrem Popelkou a sprint m\u011bl absolvovat vlastn\u011b jen dopl\u0148kov\u011b. Jezdil i s Milo\u0161em Jel\u00ednkem, maj\u00ed spolu st\u0159\u00edbro z roku 1976.<\/p>\n\n\n\n<p>Na MS 1980, kde z\u00edskal sv\u00e9 prvn\u00ed zlato, byl Ku\u010d\u00edrek nejstar\u0161\u00edm \u00fa\u010dastn\u00edkem, Mart\u00ednek nejmlad\u0161\u00edm. Ale tohle spojen\u00ed fungovalo b\u00e1je\u010dn\u011b, triumf zopakovali o rok pozd\u011bji doma v Brn\u011b a zlat\u00fd hattrick uzav\u0159eli roku 1982 v Leicesteru. Spolupr\u00e1ci zakon\u010dili roku 1983 st\u0159\u00edbrem. P\u0159ipo\u010dteme-li k tomu i 21 dom\u00e1c\u00edch titul\u016f, tak je jasn\u00e9, \u017ee Ku\u010d\u00edrek pat\u0159\u00ed k nejlep\u0161\u00edm na\u0161im sprinter\u016fm. V roce 1971 se stal Kr\u00e1lem cyklistiky.<\/p>\n\n\n\n<figure class=\"wp-block-image size-large\"><img loading=\"lazy\" decoding=\"async\" width=\"705\" height=\"1024\" src=\"http:\/\/www.czechcyclingfederation.com\/wp-content\/uploads\/2021\/11\/28c-Kucirek-Jelinek-001-705x1024.jpg\" alt=\"\" class=\"wp-image-10375\" srcset=\"https:\/\/www.czechcyclingfederation.com\/wp-content\/uploads\/2021\/11\/28c-Kucirek-Jelinek-001-705x1024.jpg 705w, https:\/\/www.czechcyclingfederation.com\/wp-content\/uploads\/2021\/11\/28c-Kucirek-Jelinek-001-138x200.jpg 138w, https:\/\/www.czechcyclingfederation.com\/wp-content\/uploads\/2021\/11\/28c-Kucirek-Jelinek-001-768x1115.jpg 768w, https:\/\/www.czechcyclingfederation.com\/wp-content\/uploads\/2021\/11\/28c-Kucirek-Jelinek-001-1058x1536.jpg 1058w, https:\/\/www.czechcyclingfederation.com\/wp-content\/uploads\/2021\/11\/28c-Kucirek-Jelinek-001-1411x2048.jpg 1411w, https:\/\/www.czechcyclingfederation.com\/wp-content\/uploads\/2021\/11\/28c-Kucirek-Jelinek-001-1320x1917.jpg 1320w, https:\/\/www.czechcyclingfederation.com\/wp-content\/uploads\/2021\/11\/28c-Kucirek-Jelinek-001.jpg 1540w\" sizes=\"auto, (max-width: 705px) 100vw, 705px\" \/><\/figure>\n\n\n\n<figure class=\"wp-block-image size-large\"><img loading=\"lazy\" decoding=\"async\" width=\"789\" height=\"1024\" src=\"https:\/\/www.czechcyclingfederation.com\/wp-content\/uploads\/2021\/11\/23c-Kucirek-002-789x1024.jpg\" alt=\"\" class=\"wp-image-10378\" srcset=\"https:\/\/www.czechcyclingfederation.com\/wp-content\/uploads\/2021\/11\/23c-Kucirek-002-789x1024.jpg 789w, https:\/\/www.czechcyclingfederation.com\/wp-content\/uploads\/2021\/11\/23c-Kucirek-002-154x200.jpg 154w, https:\/\/www.czechcyclingfederation.com\/wp-content\/uploads\/2021\/11\/23c-Kucirek-002-768x997.jpg 768w, https:\/\/www.czechcyclingfederation.com\/wp-content\/uploads\/2021\/11\/23c-Kucirek-002-1184x1536.jpg 1184w, https:\/\/www.czechcyclingfederation.com\/wp-content\/uploads\/2021\/11\/23c-Kucirek-002-1578x2048.jpg 1578w, https:\/\/www.czechcyclingfederation.com\/wp-content\/uploads\/2021\/11\/23c-Kucirek-002-1320x1713.jpg 1320w, https:\/\/www.czechcyclingfederation.com\/wp-content\/uploads\/2021\/11\/23c-Kucirek-002.jpg 1652w\" sizes=\"auto, (max-width: 789px) 100vw, 789px\" \/><\/figure>\n","protected":false},"excerpt":{"rendered":"<p>P\u011btasedmdes\u00e1t\u00e9 narozeniny oslavil dnes Ivan Ku\u010d\u00edrek, trojn\u00e1sobn\u00fd sv\u011btov\u00fd \u0161ampion v tandemech. N\u011bkdo \u010dek\u00e1 na nejv\u011bt\u0161\u00ed \u017eivotn\u00ed \u00fasp\u011bch nekone\u010dn\u011b dlouho. Ten Ku\u010d\u00edrk\u016fv p\u0159i\u0161el v roce 1980. Bylo mu p\u011btat\u0159icet let a u\u017e p\u0159\u00edli\u0161 nev\u011b\u0159il, \u017ee by je\u0161t\u011b mohl startovat na mistrovstv\u00ed sv\u011bta. Nominace se do\u010dkal teprve pot\u00e9, co s osmn\u00e1ctilet\u00fdm partnerem Pavlem Mart\u00ednkem porazili na mistrovstv\u00ed [&hellip;]<\/p>\n","protected":false},"author":8,"featured_media":10377,"comment_status":"closed","ping_status":"open","sticky":false,"template":"","format":"standard","meta":{"footnotes":""},"categories":[54,2],"tags":[9],"class_list":["post-10374","post","type-post","status-publish","format-standard","has-post-thumbnail","hentry","category-draha","category-novinky","tag-draha"],"_links":{"self":[{"href":"https:\/\/www.czechcyclingfederation.com\/en\/wp-json\/wp\/v2\/posts\/10374","targetHints":{"allow":["GET"]}}],"collection":[{"href":"https:\/\/www.czechcyclingfederation.com\/en\/wp-json\/wp\/v2\/posts"}],"about":[{"href":"https:\/\/www.czechcyclingfederation.com\/en\/wp-json\/wp\/v2\/types\/post"}],"author":[{"embeddable":true,"href":"https:\/\/www.czechcyclingfederation.com\/en\/wp-json\/wp\/v2\/users\/8"}],"replies":[{"embeddable":true,"href":"https:\/\/www.czechcyclingfederation.com\/en\/wp-json\/wp\/v2\/comments?post=10374"}],"version-history":[{"count":2,"href":"https:\/\/www.czechcyclingfederation.com\/en\/wp-json\/wp\/v2\/posts\/10374\/revisions"}],"predecessor-version":[{"id":10379,"href":"https:\/\/www.czechcyclingfederation.com\/en\/wp-json\/wp\/v2\/posts\/10374\/revisions\/10379"}],"wp:featuredmedia":[{"embeddable":true,"href":"https:\/\/www.czechcyclingfederation.com\/en\/wp-json\/wp\/v2\/media\/10377"}],"wp:attachment":[{"href":"https:\/\/www.czechcyclingfederation.com\/en\/wp-json\/wp\/v2\/media?parent=10374"}],"wp:term":[{"taxonomy":"category","embeddable":true,"href":"https:\/\/www.czechcyclingfederation.com\/en\/wp-json\/wp\/v2\/categories?post=10374"},{"taxonomy":"post_tag","embeddable":true,"href":"https:\/\/www.czechcyclingfederation.com\/en\/wp-json\/wp\/v2\/tags?post=10374"}],"curies":[{"name":"wp","href":"https:\/\/api.w.org\/{rel}","templated":true}]}}