{"id":10359,"date":"2021-11-23T14:48:28","date_gmt":"2021-11-23T13:48:28","guid":{"rendered":"https:\/\/www.czechcyclingfederation.com\/?p=10359"},"modified":"2021-11-23T14:48:30","modified_gmt":"2021-11-23T13:48:30","slug":"v-motole-se-pojede-dalsi-dil-skoda-cupu","status":"publish","type":"post","link":"https:\/\/www.czechcyclingfederation.com\/en\/v-motole-se-pojede-dalsi-dil-skoda-cupu\/","title":{"rendered":"V Motole se pojede dal\u0161\u00ed d\u00edl \u0160koda cupu"},"content":{"rendered":"\n<p>Tento v\u00edkend se na velodromu \u010cSC v Praze &#8211; Motole uskute\u010dn\u00ed dal\u0161\u00ed d\u00edl \u010cesk\u00e9ho poh\u00e1ru na dr\u00e1ze \u0160koda cup 2021\/2022. Sportovce \u010dek\u00e1 dvoudenn\u00ed p\u011btid\u00edln\u00e9 omnium, kter\u00e9 se skl\u00e1d\u00e1 z \u00favodn\u00edho scratche, pot\u00e9 z eliminace, prvenstv\u00ed, d\u00e1nsk\u00e9ho bodovac\u00edho z\u00e1vodu a z\u00e1v\u011bre\u010dn\u00e9ho italsk\u00e9ho vylu\u010dovac\u00edho z\u00e1vodu. Na z\u00e1v\u011br ned\u011bln\u00edho programu nav\u00e1\u017ee madison &#8211; bodovac\u00ed z\u00e1vod dvojic. \u010cesk\u00fd poh\u00e1r je prvn\u00ed z trojice v\u00edkendov\u00fdch kl\u00e1n\u00ed, kter\u00e9 po\u0159\u00e1d\u00e1 Dukla Praha. Po \u0160koda cupu bude n\u00e1sledovat mistrovstv\u00ed \u010cR v olympijsk\u00e9m omniu a p\u0159edv\u00e1no\u010dn\u00ed 10. ro\u010dn\u00edk Mistrovstv\u00ed planety 2021.<\/p>\n\n\n\n<p>Od pond\u011bl\u00ed 22. listopadu plat\u00ed nov\u00e1 pravidla t\u00fdkaj\u00edc\u00ed se aktu\u00e1ln\u00ed pandemie koronaviru. Ta zasahuj\u00ed v\u00fdrazn\u011b i do oblasti sportu. P\u0159\u00edznivou zpr\u00e1vou je, \u017ee p\u0159\u00edli\u0161 neovlivn\u00ed sportov\u00e1n\u00ed ml\u00e1de\u017ee. Z\u00e1sadn\u00ed zpr\u00e1vou je, \u017ee i nad\u00e1le pokra\u010duj\u00ed ve\u0161ker\u00e9 tr\u00e9ninky a z\u00e1vody.<\/p>\n\n\n\n<p>Covid opat\u0159en\u00ed &#8211; p\u0159ehled:<\/p>\n\n\n\n<p>D\u011bti do 12 let: beze zm\u011bny, i nad\u00e1le bez prok\u00e1z\u00e1n\u00ed bezinfek\u010dnosti.<\/p>\n\n\n\n<p>Ml\u00e1de\u017e od 12 do 18 let: prok\u00e1zat se mohou o\u010dkovac\u00edm certifik\u00e1tem \u010di certifik\u00e1tem s laboratorn\u00edm potvrzen\u00edm o prod\u011bl\u00e1n\u00ed onemocn\u011bn\u00ed covid-19 v posledn\u00edch 180 dnech, pro tuto v\u011bkovou kategorii plat\u00ed i negativn\u00ed PCR test, jeho platnost je 7 dn\u00ed.<\/p>\n\n\n\n<p>Dosp\u011bl\u00ed (18 let a star\u0161\u00ed): prok\u00e1zat se mohou pouze o\u010dkovac\u00edm certifik\u00e1tem \u010di certifik\u00e1tem s laboratorn\u00edm potvrzen\u00edm o prod\u011bl\u00e1n\u00ed onemocn\u011bn\u00ed covid-19 v posledn\u00edch 180 dnech, ji\u017e neplat\u00ed PCR test (v\u00fdjimka osoby s neukon\u010den\u00fdm o\u010dkov\u00e1n\u00edm \u010di osoby, kter\u00e9 se ze zdravotn\u00edch d\u016fvod\u016f o\u010dkovat nemohou), platnost PCR test\u016f, na n\u011b\u017e se vztahuj\u00ed v\u00fd\u0161e zm\u00edn\u011bn\u00e9 v\u00fdjimky, je 72h.<\/p>\n\n\n\n<p>V\u00fd\u0161e uveden\u00e9 podm\u00ednky se t\u00fdkaj\u00ed amat\u00e9rsk\u00e9ho sportu.<\/p>\n\n\n\n<p>Co se t\u00fd\u010de profesion\u00e1ln\u00edch sportovc\u016f, prok\u00e1zat se mohou pouze o\u010dkovac\u00edm certifik\u00e1tem \u010di certifik\u00e1tem s laboratorn\u00edm potvrzen\u00edm o prod\u011bl\u00e1n\u00ed onemocn\u011bn\u00ed covid-19 v posledn\u00edch 180 dnech, p\u0159\u00edpadn\u011b PCR test platnost 72h.<\/p>\n\n\n\n<p>Kontrola opat\u0159en\u00ed:<\/p>\n\n\n\n<p>Z\u00e1vod: Za kontrolu zodpov\u00edd\u00e1 po\u0159adatel \u2013 je nutn\u00e9 odevzdat SelfReport po\u0159adateli z\u00e1vodu a prok\u00e1zat svou bezinfek\u010dnost<\/p>\n\n\n\n<p>Propozice k z\u00e1vodu a p\u0159ihl\u00e1\u0161en\u00ed z\u00e1vodnic\u00ed jsou na webu \u010cSC.<\/p>\n\n\n\n<p>V p\u0159\u00edloze Selfreport.<\/p>\n\n\n<div class=\"wp-block-file\">\r\n                <a target=\"_blank\" rel=\"noopener\" href=\"https:\/\/www.czechcyclingfederation.com\/wp-content\/uploads\/2021\/11\/CSC_SelfReportingForm_COVID-19-1-7.docx\" class=\"wp-block-file__button wp-element-button\">\r\n                    <span class=\"wp-block-file__icon\"><\/span>\r\n                    CSC_SelfReportingForm_COVID-19-1-7\r\n                <\/a>\r\n            <\/div>","protected":false},"excerpt":{"rendered":"<p>Tento v\u00edkend se na velodromu \u010cSC v Praze &#8211; Motole uskute\u010dn\u00ed dal\u0161\u00ed d\u00edl \u010cesk\u00e9ho poh\u00e1ru na dr\u00e1ze \u0160koda cup 2021\/2022. Sportovce \u010dek\u00e1 dvoudenn\u00ed p\u011btid\u00edln\u00e9 omnium, kter\u00e9 se skl\u00e1d\u00e1 z \u00favodn\u00edho scratche, pot\u00e9 z eliminace, prvenstv\u00ed, d\u00e1nsk\u00e9ho bodovac\u00edho z\u00e1vodu a z\u00e1v\u011bre\u010dn\u00e9ho italsk\u00e9ho vylu\u010dovac\u00edho z\u00e1vodu. Na z\u00e1v\u011br ned\u011bln\u00edho programu nav\u00e1\u017ee madison &#8211; bodovac\u00ed z\u00e1vod dvojic. \u010cesk\u00fd poh\u00e1r [&hellip;]<\/p>\n","protected":false},"author":8,"featured_media":10360,"comment_status":"closed","ping_status":"open","sticky":false,"template":"","format":"standard","meta":{"footnotes":""},"categories":[54,2],"tags":[9],"class_list":["post-10359","post","type-post","status-publish","format-standard","has-post-thumbnail","hentry","category-draha","category-novinky","tag-draha"],"_links":{"self":[{"href":"https:\/\/www.czechcyclingfederation.com\/en\/wp-json\/wp\/v2\/posts\/10359","targetHints":{"allow":["GET"]}}],"collection":[{"href":"https:\/\/www.czechcyclingfederation.com\/en\/wp-json\/wp\/v2\/posts"}],"about":[{"href":"https:\/\/www.czechcyclingfederation.com\/en\/wp-json\/wp\/v2\/types\/post"}],"author":[{"embeddable":true,"href":"https:\/\/www.czechcyclingfederation.com\/en\/wp-json\/wp\/v2\/users\/8"}],"replies":[{"embeddable":true,"href":"https:\/\/www.czechcyclingfederation.com\/en\/wp-json\/wp\/v2\/comments?post=10359"}],"version-history":[{"count":1,"href":"https:\/\/www.czechcyclingfederation.com\/en\/wp-json\/wp\/v2\/posts\/10359\/revisions"}],"predecessor-version":[{"id":10362,"href":"https:\/\/www.czechcyclingfederation.com\/en\/wp-json\/wp\/v2\/posts\/10359\/revisions\/10362"}],"wp:featuredmedia":[{"embeddable":true,"href":"https:\/\/www.czechcyclingfederation.com\/en\/wp-json\/wp\/v2\/media\/10360"}],"wp:attachment":[{"href":"https:\/\/www.czechcyclingfederation.com\/en\/wp-json\/wp\/v2\/media?parent=10359"}],"wp:term":[{"taxonomy":"category","embeddable":true,"href":"https:\/\/www.czechcyclingfederation.com\/en\/wp-json\/wp\/v2\/categories?post=10359"},{"taxonomy":"post_tag","embeddable":true,"href":"https:\/\/www.czechcyclingfederation.com\/en\/wp-json\/wp\/v2\/tags?post=10359"}],"curies":[{"name":"wp","href":"https:\/\/api.w.org\/{rel}","templated":true}]}}