{"id":10327,"date":"2021-11-21T17:26:47","date_gmt":"2021-11-21T16:26:47","guid":{"rendered":"https:\/\/www.czechcyclingfederation.com\/?p=10327"},"modified":"2021-11-21T17:37:39","modified_gmt":"2021-11-21T16:37:39","slug":"druhy-seminar-cycling-university-se-uskutecni-v-utery-30-11","status":"publish","type":"post","link":"https:\/\/www.czechcyclingfederation.com\/en\/druhy-seminar-cycling-university-se-uskutecni-v-utery-30-11\/","title":{"rendered":"Druh\u00fd semin\u00e1\u0159 Cycling University se uskute\u010dn\u00ed v \u00fater\u00fd 30. 11."},"content":{"rendered":"\n<p>Zapln\u011bn\u00fd konferen\u010dn\u00ed s\u00e1l \u010cesk\u00e9ho svazu cyklistiky byl d\u011bji\u0161t\u011bm cyklu p\u0159edn\u00e1\u0161ek popul\u00e1rn\u011b vzd\u011bl\u00e1vac\u00edho projektu Cycling University, pro \u0161irokou cyklistickou ve\u0159ejnost.<\/p>\n\n\n\n<p>Semin\u00e1\u0159 se uskute\u010dnil po v\u00edce ne\u017e ro\u010dn\u00ed pauze zavin\u011bn\u00e9 pandemi\u00ed koronaviru a navazoval na p\u0159edchoz\u00ed t\u00e9mata ze sv\u011bta sportovn\u00ed v\u011bdy a cyklistick\u00e9ho tr\u00e9ninku.&nbsp;<\/p>\n\n\n\n<p>Pozornost vzbudila p\u0159edn\u00e1\u0161ka profesora V\u00edtka s&nbsp;n\u00e1zvem \u201eV\u00fdznam imunologie ve sportu, problematika pandemie Covid 19\u201c.<strong>&nbsp;<\/strong>Jako zaj\u00edmav\u00e1 se jev\u00ed nov\u00e1 podoba z\u00e1v\u011bre\u010dn\u00e9ho semin\u00e1\u0159e, kter\u00fd dostal formu panelov\u00e9 diskuse, kdy pozvan\u00ed host\u00e9 odpov\u00eddaj\u00ed na spektrum konkr\u00e9tn\u00edch ot\u00e1zek. Hosty byli tren\u00e9\u0159i \u00fasp\u011b\u0161n\u00fdch ml\u00e1de\u017enick\u00fdch odd\u00edl\u016f, V\u00e1clav Je\u017eek a Pavel Mi\u0161o\u0148.<\/p>\n\n\n\n<p>P\u0159edn\u00e1\u0161ka Viktora Zapletala pojedn\u00e1vaj\u00edc\u00ed o problematice cyklistick\u00fdch soust\u0159ed\u011bn\u00ed bude zve\u0159ejn\u011bna v&nbsp;upraven\u00e9 form\u011b v&nbsp;nejbli\u017e\u0161\u00edm Newsletteru Cycling University, co\u017e je zpravodaj p\u0159in\u00e1\u0161ej\u00edc\u00ed cyklistick\u00e9mu pl\u00e9nu aktuality se sv\u011bta cyklistiky a v&nbsp;pr\u016fb\u011bhu koronavirov\u00e9ho lockdownu suploval semin\u00e1\u0159e, kter\u00e9 nebylo mo\u017en\u00e9 uskute\u010dnit.<\/p>\n\n\n\n<p>Druh\u00fd p\u0159edn\u00e1\u0161kov\u00fd cyklus se uskute\u010dn\u00ed v&nbsp;\u00fater\u00fd 30. listopadu 2021 znovu v&nbsp;jednac\u00edm s\u00e1le \u010cesk\u00e9ho svazu cyklistiky a program slibuje dal\u0161\u00ed zaj\u00edmav\u00e9 informace.&nbsp;<\/p>\n\n\n\n<p>\u00da\u010dastn\u00edky p\u0159ijde \u00favodem<strong>&nbsp;<\/strong>p\u0159iv\u00edtat president \u010cesk\u00e9ho svazu cyklistiky, Petr Marek s&nbsp;nejnov\u011bj\u0161\u00edmi informacemi o aktu\u00e1ln\u00edm sportovn\u00edm politick\u00e9m d\u011bn\u00ed.&nbsp;<\/p>\n\n\n\n<p>N\u00e1sleduj\u00edc\u00ed p\u0159edn\u00e1\u0161ku bude m\u00edt fyzioterapeut Pavel \u0160t\u011bdr\u00fd a jeho p\u0159edn\u00e1\u0161ka m\u00e1 n\u00e1zev:&nbsp;<strong>\u201e<\/strong><strong>Bikefitting \u2013 Nastaven\u00ed spr\u00e1vn\u00e9ho posedu na kole.\u201c<\/strong><\/p>\n\n\n\n<p>Profesor V\u00edtek vystoup\u00ed s&nbsp;modern\u00ed problematikou: \u201e<strong>V\u00fdznam v\u00fd\u017eivy p\u0159i l\u00e9\u010db\u011b a prevenci zran\u011bn\u00ed ve sportu\u201c.<\/strong><\/p>\n\n\n\n<p>A cel\u00fd program bude uzav\u00edrat diskuse s&nbsp;n\u00e1zvem: \u201e<strong>Tr\u00e9nink junior\u016f a U23 \u2013 panelov\u00e1 diskuse\u201c,&nbsp;<\/strong>do kter\u00e9 Viktor Zapletal pozval dva \u00fasp\u011b\u0161n\u00e9 tren\u00e9rsk\u00e9 kolegy, tren\u00e9ra brn\u011bnsk\u00e9ho Favoritu Franti\u0161ka Trkala a tren\u00e9ra juniorsk\u00e9 skupiny Dukly Praha, Luk\u00e1\u0161e Thuna.&nbsp;<\/p>\n\n\n\n<p>V\u00a0reakci na mno\u017estv\u00ed ot\u00e1zek v\u00a0\u00favodn\u00edm semin\u00e1\u0159i a souvisej\u00edc\u00ed \u010dasov\u00fd posun, byl pozm\u011bn\u011bn program p\u0159edn\u00e1\u0161kov\u00e9ho dne:\u00a0<\/p>\n\n\n\n<p><strong><u>\u010casov\u00fd program Cycling University \u00fater\u00fd 30. listopadu 2021:<\/u><\/strong><\/p>\n\n\n\n<p>9:15 &#8211; \u00a0 9:45 hod.\u00a0\u00a0\u00a0\u00a0\u00a0\u00a0\u00a0 \u00a0\u00a0\u00a0\u00a0\u00a0\u00a0\u00a0\u00a0\u00a0\u00a0\u00a0\u00a0\u00a0\u00a0\u00a0\u00a0\u00a0\u00a0\u00a0\u00a0\u00a0\u00a0\u00a0\u00a0\u00a0\u00a0\u00a0\u00a0\u00a0\u00a0\u00a0\u00a0\u00a0\u00a0\u00a0\u00a0\u00a0\u00a0\u00a0\u00a0\u00a0\u00a0\u00a0\u00a0\u00a0\u00a0\u00a0 \u00a0\u00a0\u00a0\u00a0\u00a0\u00a0\u00a0  <strong>Prezentace \u00fa\u010dastn\u00edk\u016f<\/strong>\u00a0\u00a0<\/p>\n\n\n\n<p>9:45 \u2013 10:00 hod. (Petr Marek)\u00a0\u00a0\u00a0\u00a0\u00a0\u00a0\u00a0\u00a0\u00a0\u00a0\u00a0\u00a0\u00a0\u00a0\u00a0 \u00a0\u00a0\u00a0\u00a0\u00a0\u00a0\u00a0\u00a0\u00a0\u00a0\u00a0\u00a0\u00a0\u00a0\u00a0\u00a0\u00a0\u00a0 \u00a0\u00a0\u00a0   <strong>\u00davod\u00a0<\/strong><\/p>\n\n\n\n<p>10:00 \u2013 11:00 hod. (Pavel \u0160t\u011bdr\u00fd)\u00a0\u00a0\u00a0\u00a0\u00a0\u00a0\u00a0\u00a0\u00a0\u00a0\u00a0\u00a0\u00a0\u00a0\u00a0\u00a0\u00a0\u00a0\u00a0\u00a0\u00a0 \u00a0\u00a0\u00a0\u00a0\u00a0\u00a0\u00a0\u00a0\u00a0\u00a0\u00a0\u00a0\u00a0<strong>Bikefitting \u2013 Nastaven\u00ed spr\u00e1vn\u00e9ho posedu na kole<\/strong><\/p>\n\n\n\n<p>11:15 &#8211;\u00a0 12:00 hod. (Libor V\u00edtek)<strong><em>\u00a0\u00a0\u00a0\u00a0\u00a0\u00a0\u00a0\u00a0\u00a0\u00a0\u00a0\u00a0\u00a0\u00a0\u00a0\u00a0\u00a0\u00a0\u00a0\u00a0\u00a0\u00a0\u00a0\u00a0\u00a0\u00a0\u00a0\u00a0\u00a0<\/em>\u00a0\u00a0\u00a0\u00a0\u00a0\u00a0\u00a0\u00a0\u00a0\u00a0 V\u00fdznam v\u00fd\u017eivy p\u0159i l\u00e9\u010db\u011b a prevenci zran\u011bn\u00ed ve sportu<\/strong><\/p>\n\n\n\n<p>12:00 \u2013 12:30 hod.\u00a0\u00a0\u00a0\u00a0\u00a0\u00a0\u00a0\u00a0\u00a0\u00a0\u00a0\u00a0\u00a0\u00a0\u00a0\u00a0\u00a0\u00a0\u00a0\u00a0\u00a0\u00a0\u00a0\u00a0\u00a0\u00a0\u00a0\u00a0\u00a0\u00a0\u00a0\u00a0\u00a0\u00a0\u00a0\u00a0\u00a0\u00a0\u00a0\u00a0\u00a0\u00a0\u00a0\u00a0\u00a0\u00a0\u00a0\u00a0\u00a0\u00a0\u00a0\u00a0\u00a0\u00a0\u00a0\u00a0\u00a0\u00a0\u00a0\u00a0\u00a0<strong>P\u0159est\u00e1vka, ob\u010derstven\u00ed<\/strong><\/p>\n\n\n\n<p>12:30 \u2013 13:30 \u00a0hod. (Luk\u00e1\u0161 Thun \/ Franti\u0161ek Trkal) \u00a0\u00a0\u00a0\u00a0\u00a0<strong>\u00a0Tr\u00e9nink junior\u016f a U23 \u2013 panelov\u00e1 diskuse<\/strong><\/p>\n\n\n\n<p><strong><u>Propozice Cycling University \u010cesk\u00e9ho svazu cyklistiky 2021<\/u><\/strong><\/p>\n\n\n\n<p><strong>term\u00edn:&nbsp;<\/strong>\u00fater\u00fd 30. listopadu 2021<\/p>\n\n\n\n<p><strong>adresa:&nbsp;<\/strong>\u010cesk\u00fd svaz cyklistiky<\/p>\n\n\n\n<p>&nbsp;&nbsp;&nbsp;&nbsp;&nbsp;&nbsp;&nbsp;&nbsp;&nbsp;&nbsp;&nbsp;&nbsp;&nbsp;&nbsp;Nad Hlin\u00edkem 4, 150 00 Praha 5&nbsp;&nbsp;<\/p>\n\n\n\n<p><strong>parkov\u00e1n\u00ed:&nbsp;<\/strong>parkovi\u0161t\u011b \u010cSC a p\u0159ilehl\u00e1 ulice<\/p>\n\n\n\n<p><strong>ob\u010derstven\u00ed:&nbsp;<\/strong>sou\u010d\u00e1st\u00ed a v cen\u011b semin\u00e1\u0159e je ob\u010derstven\u00ed po celou dobu programu<\/p>\n\n\n\n<p><strong>ofici\u00e1ln\u00ed str\u00e1nky:<\/strong>&nbsp;<a href=\"http:\/\/www.cyclinguniversity.cz\">www.cyclinguniversity.cz<\/a><\/p>\n\n\n\n<p><strong>Na semin\u00e1\u0159 Cycling University se m\u016f\u017eete p\u0159ihl\u00e1sit ZDE: &nbsp;<a href=\"http:\/\/www.cyclinguniversity.cz\/registrace-ucastnika-na-seminar\/\">http:\/\/www.cyclinguniversity.cz\/registrace-ucastnika-na-seminar\/<\/a><\/strong><\/p>\n\n\n\n<p><strong>Kapacita semin\u00e1\u0159\u016f je limitovan\u00e1.&nbsp;<\/strong><\/p>\n\n\n\n<p><strong>Podm\u00ednkou platn\u00e9 p\u0159ihl\u00e1\u0161ky bude online platba p\u0159edem, p\u0159ihl\u00e1\u0161en\u00ed a platba na m\u00edst\u011b nebudou mo\u017en\u00e9.&nbsp;<\/strong><\/p>\n\n\n\n<p>Platba: 500,- K\u010d \/ jeden semin\u00e1rn\u00ed den<\/p>\n\n\n\n<p>bankovn\u00edm p\u0159evodem&nbsp;<\/p>\n\n\n\n<p>bankovn\u00ed \u00fa\u010det: 1725000504\/0600 (\u00fa\u010det \u010cesk\u00e9ho svazu cyklistiky)<\/p>\n\n\n\n<p>variabiln\u00ed symbol: 116<\/p>\n\n\n\n<p>pozn\u00e1mka p\u0159i platb\u011b: nutno uv\u00e9st jm\u00e9no\/a \u00fa\u010dastn\u00edka\/k\u016f<\/p>\n\n\n\n<p>term\u00edn \u00fahrady: nejpozd\u011bji do ned\u011ble 28.11.2021<\/p>\n\n\n\n<p>Do p\u0159ihl\u00e1\u0161ky uv\u00e9st po\u017eadavek na vystaven\u00ed da\u0148ov\u00e9ho dokladu : A \/ N<\/p>\n\n\n\n<p>Da\u0148ov\u00fd doklad bude p\u0159ed\u00e1n \u00fa\u010dastn\u00edkovi na m\u00edst\u011b po \u0161kolen\u00ed.<\/p>\n\n\n\n<p>Povinnosti pro \u00fa\u010dastn\u00edky souvisej\u00edc\u00ed s&nbsp;opat\u0159en\u00edmi vl\u00e1dy ve vztahu k&nbsp;pandemii koronaviru budou aktualizov\u00e1ny a zve\u0159ejn\u011bny v&nbsp;pond\u011bl\u00ed 29.11.2021.&nbsp;<\/p>\n\n\n\n<p>P\u0159\u00edpadn\u00e9 dotazy pos\u00edlejte na adresu sekret\u00e1\u0159e Cycling University, Mgr. Vojt\u011bcha Pavl\u00edka,&nbsp;<a href=\"mailto:vojtech.pavlik@caths.cz\">vojtech.pavlik@caths.cz<\/a><\/p>\n","protected":false},"excerpt":{"rendered":"<p>Zapln\u011bn\u00fd konferen\u010dn\u00ed s\u00e1l \u010cesk\u00e9ho svazu cyklistiky byl d\u011bji\u0161t\u011bm cyklu p\u0159edn\u00e1\u0161ek popul\u00e1rn\u011b vzd\u011bl\u00e1vac\u00edho projektu Cycling University, pro \u0161irokou cyklistickou ve\u0159ejnost. Semin\u00e1\u0159 se uskute\u010dnil po v\u00edce ne\u017e ro\u010dn\u00ed pauze zavin\u011bn\u00e9 pandemi\u00ed koronaviru a navazoval na p\u0159edchoz\u00ed t\u00e9mata ze sv\u011bta sportovn\u00ed v\u011bdy a cyklistick\u00e9ho tr\u00e9ninku.&nbsp; Pozornost vzbudila p\u0159edn\u00e1\u0161ka profesora V\u00edtka s&nbsp;n\u00e1zvem \u201eV\u00fdznam imunologie ve sportu, problematika pandemie Covid [&hellip;]<\/p>\n","protected":false},"author":1,"featured_media":0,"comment_status":"closed","ping_status":"open","sticky":false,"template":"","format":"standard","meta":{"footnotes":""},"categories":[23,2],"tags":[119],"class_list":["post-10327","post","type-post","status-publish","format-standard","hentry","category-cycling-university","category-novinky","tag-csc"],"_links":{"self":[{"href":"https:\/\/www.czechcyclingfederation.com\/en\/wp-json\/wp\/v2\/posts\/10327","targetHints":{"allow":["GET"]}}],"collection":[{"href":"https:\/\/www.czechcyclingfederation.com\/en\/wp-json\/wp\/v2\/posts"}],"about":[{"href":"https:\/\/www.czechcyclingfederation.com\/en\/wp-json\/wp\/v2\/types\/post"}],"author":[{"embeddable":true,"href":"https:\/\/www.czechcyclingfederation.com\/en\/wp-json\/wp\/v2\/users\/1"}],"replies":[{"embeddable":true,"href":"https:\/\/www.czechcyclingfederation.com\/en\/wp-json\/wp\/v2\/comments?post=10327"}],"version-history":[{"count":0,"href":"https:\/\/www.czechcyclingfederation.com\/en\/wp-json\/wp\/v2\/posts\/10327\/revisions"}],"wp:attachment":[{"href":"https:\/\/www.czechcyclingfederation.com\/en\/wp-json\/wp\/v2\/media?parent=10327"}],"wp:term":[{"taxonomy":"category","embeddable":true,"href":"https:\/\/www.czechcyclingfederation.com\/en\/wp-json\/wp\/v2\/categories?post=10327"},{"taxonomy":"post_tag","embeddable":true,"href":"https:\/\/www.czechcyclingfederation.com\/en\/wp-json\/wp\/v2\/tags?post=10327"}],"curies":[{"name":"wp","href":"https:\/\/api.w.org\/{rel}","templated":true}]}}