{"id":10315,"date":"2021-11-17T17:59:19","date_gmt":"2021-11-17T16:59:19","guid":{"rendered":"https:\/\/www.czechcyclingfederation.com\/?p=10315"},"modified":"2021-11-17T18:00:21","modified_gmt":"2021-11-17T17:00:21","slug":"skoleni-treneru-iii-tridy-rychlostni-cyklistiky-v-brne","status":"publish","type":"post","link":"https:\/\/www.czechcyclingfederation.com\/en\/skoleni-treneru-iii-tridy-rychlostni-cyklistiky-v-brne\/","title":{"rendered":"\u0160kolen\u00ed tren\u00e9r\u016f III. t\u0159\u00eddy rychlostn\u00ed cyklistiky v Brn\u011b"},"content":{"rendered":"\n<p>Dal\u0161\u00ed \u0160kolen\u00ed tren\u00e9r\u016f III. t\u0159\u00eddy rychlostn\u00ed cyklistiky v Brn\u011b, jeho\u017e po\u0159adatelem je Open Cycling Academy se uskute\u010dn\u00ed od soboty 22. ledna do ned\u011ble 23. ledna v klubovn\u011b TJ Favoritu Brno, K\u0159\u00ed\u017ekovsk\u00e9ho 22.<\/p>\n\n\n\n<p>Organiz\u00e1torem \u0161kolen\u00ed je Luk\u00e1\u0161 Petr, p\u0159ihl\u00e1\u0161ky m\u016f\u017eete zas\u00edlat emailem do 10. ledna na adresu po\u0159adatele: lukas_petr@seznam.cz.<\/p>\n\n\n\n<p>\u0160kolen\u00ed bude zakon\u010deno teoretickou zkou\u0161kou (test).<\/p>\n\n\n<div class=\"wp-block-file\">\r\n                <a target=\"_blank\" rel=\"noopener\" href=\"https:\/\/www.czechcyclingfederation.com\/wp-content\/uploads\/2021\/11\/skoleni-Brno-propozice2022-1.pdf\" class=\"wp-block-file__button wp-element-button\">\r\n                    <span class=\"wp-block-file__icon\"><\/span>\r\n                    skoleni-Brno-propozice2022-1\r\n                <\/a>\r\n            <\/div>","protected":false},"excerpt":{"rendered":"<p>Dal\u0161\u00ed \u0160kolen\u00ed tren\u00e9r\u016f III. t\u0159\u00eddy rychlostn\u00ed cyklistiky v Brn\u011b, jeho\u017e po\u0159adatelem je Open Cycling Academy se uskute\u010dn\u00ed od soboty 22. ledna do ned\u011ble 23. ledna v klubovn\u011b TJ Favoritu Brno, K\u0159\u00ed\u017ekovsk\u00e9ho 22. Organiz\u00e1torem \u0161kolen\u00ed je Luk\u00e1\u0161 Petr, p\u0159ihl\u00e1\u0161ky m\u016f\u017eete zas\u00edlat emailem do 10. ledna na adresu po\u0159adatele: lukas_petr@seznam.cz. \u0160kolen\u00ed bude zakon\u010deno teoretickou zkou\u0161kou (test).<\/p>\n","protected":false},"author":8,"featured_media":4476,"comment_status":"closed","ping_status":"open","sticky":false,"template":"","format":"standard","meta":{"footnotes":""},"categories":[54,2,92,160,18,65],"tags":[9,11],"class_list":["post-10315","post","type-post","status-publish","format-standard","has-post-thumbnail","hentry","category-draha","category-novinky","category-rozhodci-kontakty","category-rozhodcikomise-kontakty","category-silnice","category-subdisciplina","tag-draha","tag-silnice"],"_links":{"self":[{"href":"https:\/\/www.czechcyclingfederation.com\/en\/wp-json\/wp\/v2\/posts\/10315","targetHints":{"allow":["GET"]}}],"collection":[{"href":"https:\/\/www.czechcyclingfederation.com\/en\/wp-json\/wp\/v2\/posts"}],"about":[{"href":"https:\/\/www.czechcyclingfederation.com\/en\/wp-json\/wp\/v2\/types\/post"}],"author":[{"embeddable":true,"href":"https:\/\/www.czechcyclingfederation.com\/en\/wp-json\/wp\/v2\/users\/8"}],"replies":[{"embeddable":true,"href":"https:\/\/www.czechcyclingfederation.com\/en\/wp-json\/wp\/v2\/comments?post=10315"}],"version-history":[{"count":2,"href":"https:\/\/www.czechcyclingfederation.com\/en\/wp-json\/wp\/v2\/posts\/10315\/revisions"}],"predecessor-version":[{"id":10318,"href":"https:\/\/www.czechcyclingfederation.com\/en\/wp-json\/wp\/v2\/posts\/10315\/revisions\/10318"}],"wp:featuredmedia":[{"embeddable":true,"href":"https:\/\/www.czechcyclingfederation.com\/en\/wp-json\/wp\/v2\/media\/4476"}],"wp:attachment":[{"href":"https:\/\/www.czechcyclingfederation.com\/en\/wp-json\/wp\/v2\/media?parent=10315"}],"wp:term":[{"taxonomy":"category","embeddable":true,"href":"https:\/\/www.czechcyclingfederation.com\/en\/wp-json\/wp\/v2\/categories?post=10315"},{"taxonomy":"post_tag","embeddable":true,"href":"https:\/\/www.czechcyclingfederation.com\/en\/wp-json\/wp\/v2\/tags?post=10315"}],"curies":[{"name":"wp","href":"https:\/\/api.w.org\/{rel}","templated":true}]}}