{"id":10289,"date":"2021-11-13T13:00:14","date_gmt":"2021-11-13T12:00:14","guid":{"rendered":"https:\/\/www.czechcyclingfederation.com\/?p=10289"},"modified":"2021-11-13T13:00:17","modified_gmt":"2021-11-13T12:00:17","slug":"zemrel-eduard-vasek","status":"publish","type":"post","link":"https:\/\/www.czechcyclingfederation.com\/en\/zemrel-eduard-vasek\/","title":{"rendered":"Zem\u0159el Eduard Va\u0161ek"},"content":{"rendered":"\n<p>Ve v\u011bku 81 let zem\u0159el dlouholet\u00fd rozhod\u010d\u00ed cyklistiky Eduard Va\u0161ek, kter\u00fd rozhodoval i ne mezin\u00e1rodn\u00edm poli. P\u016fsobil v klubu Slezan Fr\u00fddek-M\u00edstek, kde byl p\u0159edsedou klubu dlouh\u00fdch \u010dty\u0159icet a tak\u00e9 ACK Star\u00e1 Ves nad Ond\u0159ejnic\u00ed.<\/p>\n\n\n\n<p>Rozlou\u010den\u00ed s panem Va\u0161kem se uskute\u010dn\u00ed 15. Listopadce 14:00 v\u00a0kostele Sv. Jakuba v Janovic\u00edch.<\/p>\n\n\n\n<figure class=\"wp-block-image size-large\"><img loading=\"lazy\" decoding=\"async\" width=\"1024\" height=\"682\" src=\"https:\/\/www.czechcyclingfederation.com\/wp-content\/uploads\/2021\/11\/P8220061-1024x682.jpg\" alt=\"\" class=\"wp-image-10291\" srcset=\"https:\/\/www.czechcyclingfederation.com\/wp-content\/uploads\/2021\/11\/P8220061-1024x682.jpg 1024w, https:\/\/www.czechcyclingfederation.com\/wp-content\/uploads\/2021\/11\/P8220061-300x200.jpg 300w, https:\/\/www.czechcyclingfederation.com\/wp-content\/uploads\/2021\/11\/P8220061-768x512.jpg 768w, https:\/\/www.czechcyclingfederation.com\/wp-content\/uploads\/2021\/11\/P8220061-1536x1023.jpg 1536w, https:\/\/www.czechcyclingfederation.com\/wp-content\/uploads\/2021\/11\/P8220061-2048x1364.jpg 2048w, https:\/\/www.czechcyclingfederation.com\/wp-content\/uploads\/2021\/11\/P8220061-1320x879.jpg 1320w\" sizes=\"auto, (max-width: 1024px) 100vw, 1024px\" \/><figcaption>Eduard Va\u0161ek<\/figcaption><\/figure>\n","protected":false},"excerpt":{"rendered":"<p>Ve v\u011bku 81 let zem\u0159el dlouholet\u00fd rozhod\u010d\u00ed cyklistiky Eduard Va\u0161ek, kter\u00fd rozhodoval i ne mezin\u00e1rodn\u00edm poli. P\u016fsobil v klubu Slezan Fr\u00fddek-M\u00edstek, kde byl p\u0159edsedou klubu dlouh\u00fdch \u010dty\u0159icet a tak\u00e9 ACK Star\u00e1 Ves nad Ond\u0159ejnic\u00ed. Rozlou\u010den\u00ed s panem Va\u0161kem se uskute\u010dn\u00ed 15. Listopadce 14:00 v\u00a0kostele Sv. Jakuba v Janovic\u00edch.<\/p>\n","protected":false},"author":8,"featured_media":10290,"comment_status":"closed","ping_status":"open","sticky":false,"template":"","format":"standard","meta":{"footnotes":""},"categories":[2,65],"tags":[11],"class_list":["post-10289","post","type-post","status-publish","format-standard","has-post-thumbnail","hentry","category-novinky","category-subdisciplina","tag-silnice"],"_links":{"self":[{"href":"https:\/\/www.czechcyclingfederation.com\/en\/wp-json\/wp\/v2\/posts\/10289","targetHints":{"allow":["GET"]}}],"collection":[{"href":"https:\/\/www.czechcyclingfederation.com\/en\/wp-json\/wp\/v2\/posts"}],"about":[{"href":"https:\/\/www.czechcyclingfederation.com\/en\/wp-json\/wp\/v2\/types\/post"}],"author":[{"embeddable":true,"href":"https:\/\/www.czechcyclingfederation.com\/en\/wp-json\/wp\/v2\/users\/8"}],"replies":[{"embeddable":true,"href":"https:\/\/www.czechcyclingfederation.com\/en\/wp-json\/wp\/v2\/comments?post=10289"}],"version-history":[{"count":1,"href":"https:\/\/www.czechcyclingfederation.com\/en\/wp-json\/wp\/v2\/posts\/10289\/revisions"}],"predecessor-version":[{"id":10292,"href":"https:\/\/www.czechcyclingfederation.com\/en\/wp-json\/wp\/v2\/posts\/10289\/revisions\/10292"}],"wp:featuredmedia":[{"embeddable":true,"href":"https:\/\/www.czechcyclingfederation.com\/en\/wp-json\/wp\/v2\/media\/10290"}],"wp:attachment":[{"href":"https:\/\/www.czechcyclingfederation.com\/en\/wp-json\/wp\/v2\/media?parent=10289"}],"wp:term":[{"taxonomy":"category","embeddable":true,"href":"https:\/\/www.czechcyclingfederation.com\/en\/wp-json\/wp\/v2\/categories?post=10289"},{"taxonomy":"post_tag","embeddable":true,"href":"https:\/\/www.czechcyclingfederation.com\/en\/wp-json\/wp\/v2\/tags?post=10289"}],"curies":[{"name":"wp","href":"https:\/\/api.w.org\/{rel}","templated":true}]}}