{"id":10258,"date":"2021-11-10T14:47:30","date_gmt":"2021-11-10T13:47:30","guid":{"rendered":"https:\/\/www.czechcyclingfederation.com\/?p=10258"},"modified":"2021-11-10T14:47:33","modified_gmt":"2021-11-10T13:47:33","slug":"cp-na-draze-mladeze-a-zen-pokracuje-v-motole","status":"publish","type":"post","link":"https:\/\/www.czechcyclingfederation.com\/en\/cp-na-draze-mladeze-a-zen-pokracuje-v-motole\/","title":{"rendered":"\u010cP na dr\u00e1ze ml\u00e1de\u017ee a \u017een pokra\u010duje v Motole"},"content":{"rendered":"\n<p>Dvoudenn\u00ed dr\u00e1hov\u00fd z\u00e1vod, \u010cesk\u00fd poh\u00e1r v omniu ml\u00e1de\u017ee a \u017een se uskute\u010dn\u00ed 13. a 14. listopadu v hale v Praze &#8211; Motole. Po\u0159adatelem z\u00e1vodu je ASK Pet\u0159\u00edn Plze\u0148 a startovat ve vlo\u017een\u00e9m z\u00e1vod\u011b budou i mu\u017ei.<\/p>\n\n\n\n<p>Z prvn\u00edch p\u011bti z\u00e1vod\u016f omnia (scratch, tempo race, bodovac\u00ed z\u00e1vod, prvenstv\u00ed na p\u00e1sce a vylu\u010dovac\u00ed z\u00e1vod) jsou vyhotoveny kompletn\u00ed pr\u016fb\u011b\u017en\u00e9 v\u00fdsledky a na z\u00e1v\u011br \u010dek\u00e1 na jezdce velk\u00fd bodovac\u00ed z\u00e1vod.<\/p>\n\n\n\n<p>Z p\u011bti z\u00e1vod\u016f omnia obdr\u017e\u00ed v\u00edt\u011bz ka\u017ed\u00e9ho z\u00e1vodu 40 bod\u016f, ka\u017ed\u00fd druh\u00fd 38, ka\u017ed\u00fd t\u0159et\u00ed 36 atd. Ka\u017ed\u00fd z\u00e1vodn\u00edk, kter\u00fd v z\u00e1vod\u011b obsad\u00ed 21. a dal\u0161\u00ed m\u00edsto, obdr\u017e\u00ed jeden bod. Vedouc\u00edm jezdcem p\u0159ed bodovac\u00edm z\u00e1vodem je jezdec s nejv\u011bt\u0161\u00edm sou\u010dtem bod\u016f z p\u0159edchoz\u00edch p\u011bti z\u00e1vod\u016f. S t\u00edmto po\u010dtem bod\u016f z\u00e1vodn\u00edk nastupuje do bodovac\u00edho z\u00e1vodu. K t\u011bmto bod\u016fm se v pr\u016fb\u011bhu bodovac\u00edho z\u00e1vodu p\u0159i\u010d\u00edtaj\u00ed body z\u00edskan\u00e9 v bodovac\u00edch &nbsp;sprintech a p\u0159i\u010d\u00edtaj\u00ed\/ode\u010d\u00edtaj\u00ed body za z\u00edskan\u00e9\/ztracen\u00e9 okruhy. Pr\u016fb\u011b\u017en\u00e9 celkov\u00e9 v\u00fdsledky omnia se m\u011bn\u00ed v pr\u016fb\u011bhu bodovac\u00edho z\u00e1vodu. V\u00edt\u011bzem omnia se st\u00e1v\u00e1 z\u00e1vodn\u00edk s &nbsp;nejvy\u0161\u0161\u00edm celkov\u00fdm sou\u010dtem bod\u016f po bodovac\u00edm z\u00e1vod\u011b.<\/p>\n\n\n\n<p>V souvislosti s opat\u0159en\u00edmi vzhledem ke coronarovirov\u00e9 pandemii jsou v\u0161ichni povinni dodr\u017eovat bezpe\u010dnost\u00ed pravidla v\u010detn\u011b vypln\u011bn\u00e9ho \u010cestn\u00e9ho prohl\u00e1\u0161en\u00ed o zdravotn\u00edm stavu ve vztahu ke Covid-19, kter\u00e9 je v p\u0159\u00edloze.<\/p>\n\n\n<div class=\"wp-block-file\">\r\n                <a target=\"_blank\" rel=\"noopener\" href=\"https:\/\/www.czechcyclingfederation.com\/wp-content\/uploads\/2021\/11\/CSC_SelfReportingForm_COVID-19-1-6.docx\" class=\"wp-block-file__button wp-element-button\">\r\n                    <span class=\"wp-block-file__icon\"><\/span>\r\n                    CSC_SelfReportingForm_COVID-19-1-6\r\n                <\/a>\r\n            <\/div>","protected":false},"excerpt":{"rendered":"<p>Dvoudenn\u00ed dr\u00e1hov\u00fd z\u00e1vod, \u010cesk\u00fd poh\u00e1r v omniu ml\u00e1de\u017ee a \u017een se uskute\u010dn\u00ed 13. a 14. listopadu v hale v Praze &#8211; Motole. Po\u0159adatelem z\u00e1vodu je ASK Pet\u0159\u00edn Plze\u0148 a startovat ve vlo\u017een\u00e9m z\u00e1vod\u011b budou i mu\u017ei. Z prvn\u00edch p\u011bti z\u00e1vod\u016f omnia (scratch, tempo race, bodovac\u00ed z\u00e1vod, prvenstv\u00ed na p\u00e1sce a vylu\u010dovac\u00ed z\u00e1vod) jsou vyhotoveny kompletn\u00ed [&hellip;]<\/p>\n","protected":false},"author":8,"featured_media":10259,"comment_status":"closed","ping_status":"open","sticky":false,"template":"","format":"standard","meta":{"footnotes":""},"categories":[54,2],"tags":[9],"class_list":["post-10258","post","type-post","status-publish","format-standard","has-post-thumbnail","hentry","category-draha","category-novinky","tag-draha"],"_links":{"self":[{"href":"https:\/\/www.czechcyclingfederation.com\/en\/wp-json\/wp\/v2\/posts\/10258","targetHints":{"allow":["GET"]}}],"collection":[{"href":"https:\/\/www.czechcyclingfederation.com\/en\/wp-json\/wp\/v2\/posts"}],"about":[{"href":"https:\/\/www.czechcyclingfederation.com\/en\/wp-json\/wp\/v2\/types\/post"}],"author":[{"embeddable":true,"href":"https:\/\/www.czechcyclingfederation.com\/en\/wp-json\/wp\/v2\/users\/8"}],"replies":[{"embeddable":true,"href":"https:\/\/www.czechcyclingfederation.com\/en\/wp-json\/wp\/v2\/comments?post=10258"}],"version-history":[{"count":1,"href":"https:\/\/www.czechcyclingfederation.com\/en\/wp-json\/wp\/v2\/posts\/10258\/revisions"}],"predecessor-version":[{"id":10261,"href":"https:\/\/www.czechcyclingfederation.com\/en\/wp-json\/wp\/v2\/posts\/10258\/revisions\/10261"}],"wp:featuredmedia":[{"embeddable":true,"href":"https:\/\/www.czechcyclingfederation.com\/en\/wp-json\/wp\/v2\/media\/10259"}],"wp:attachment":[{"href":"https:\/\/www.czechcyclingfederation.com\/en\/wp-json\/wp\/v2\/media?parent=10258"}],"wp:term":[{"taxonomy":"category","embeddable":true,"href":"https:\/\/www.czechcyclingfederation.com\/en\/wp-json\/wp\/v2\/categories?post=10258"},{"taxonomy":"post_tag","embeddable":true,"href":"https:\/\/www.czechcyclingfederation.com\/en\/wp-json\/wp\/v2\/tags?post=10258"}],"curies":[{"name":"wp","href":"https:\/\/api.w.org\/{rel}","templated":true}]}}