{"id":10243,"date":"2021-11-10T11:16:31","date_gmt":"2021-11-10T10:16:31","guid":{"rendered":"https:\/\/www.czechcyclingfederation.com\/?p=10243"},"modified":"2021-11-10T11:19:32","modified_gmt":"2021-11-10T10:19:32","slug":"daniel-babor-prestup-do-elkov-kasper-beru-jako-dalsi-krok-vpred","status":"publish","type":"post","link":"https:\/\/www.czechcyclingfederation.com\/en\/daniel-babor-prestup-do-elkov-kasper-beru-jako-dalsi-krok-vpred\/","title":{"rendered":"Daniel Babor: P\u0159estup do Elkov Kasper beru jako dal\u0161\u00ed krok vp\u0159ed"},"content":{"rendered":"\n<p>Na ned\u00e1vn\u00e9m mistrovstv\u00ed sv\u011bta na dr\u00e1ze se o nejlep\u0161\u00ed \u010desk\u00fd v\u00fdsledek postaral Daniel Babor, kdy\u017e skon\u010dil \u0161est\u00fd ve scratchi. Jako dr\u00e1ha\u0159 u\u017e m\u00e1 ve sb\u00edrce n\u011bkolik medail\u00ed ze \u0161ampion\u00e1t\u016f sv\u011bta i Evropy v&nbsp;ml\u00e1de\u017enick\u00fdch kategori\u00edch v\u010detn\u011b titul\u016f juniorsk\u00e9ho mistra sv\u011bta a Evropy ve scratchi z&nbsp;roku 2017.<\/p>\n\n\n\n<p>Posledn\u00ed roky se prosazuje i na silnici, letos se stal mistrem republiky v&nbsp;silni\u010dn\u00edm z\u00e1vod\u011b kategorie U23 a po sez\u00f3n\u011b podepsal cyklista t\u00fdmu Tufo-Pardus Prost\u011bjov p\u0159estup do nejlep\u0161\u00ed \u010desk\u00e9 silni\u010dn\u00ed st\u00e1je Elkov Kasper, kde by m\u011bl ve spurtech nahradit odch\u00e1zej\u00edc\u00ed legendu Aloise Ka\u0148kovsk\u00e9ho.<\/p>\n\n\n\n<p><strong>Dane, na mistrovstv\u00ed sv\u011bta v&nbsp;Roubaix jste skon\u010dil \u0161est\u00fd ve scratchi mezi mu\u017eskou elitou. Jak tenhle v\u00fdsledek berete?<\/strong><\/p>\n\n\n\n<p>Cht\u011bl jsem medaili, byla pro m\u011b dost bl\u00edzko. Pozici jsem m\u011bl dobrou, ale p\u0159i\u0161la tam n\u011bjak\u00e1 vlna a nevy\u0161lo to podle p\u0159edstav. Ur\u010dit\u011b jsem to m\u011bl zvl\u00e1dnout l\u00edp, ale bylo to moje druh\u00e9 mistrovstv\u00ed sv\u011bta v&nbsp;mu\u017e\u00edch, a je\u0161t\u011b asi pot\u0159ebuju posb\u00edrat n\u011bjak\u00e9 zku\u0161enosti.<\/p>\n\n\n\n<p><strong>P\u0159\u00ed\u0161t\u00ed rok budete m\u00edt dost n\u00e1ro\u010dn\u00fd program na silnici. Zapadne do n\u011bj i dr\u00e1ha?<\/strong><\/p>\n\n\n\n<p>Necht\u011bl bych se j\u00ed \u00fapln\u011b vzd\u00e1vat. D\u0159\u00edv jsem se vid\u011bl hlavn\u011b jako dr\u00e1ha\u0159, te\u010f se to za\u010d\u00edn\u00e1 vyv\u00edjet v\u00edc k&nbsp;silnici. Ale dr\u00e1hu bych nerad opou\u0161t\u011bl, po\u0159\u00e1d sn\u00edm o velk\u00e9m titulu mistra sv\u011bta, o olympi\u00e1d\u011b.<\/p>\n\n\n\n<p><strong>Dostanete i v&nbsp;nov\u00e9m t\u00fdmu El\u016fkov Kasper prostor na dr\u00e1hu?<\/strong><\/p>\n\n\n\n<p>P\u00e1r slov u\u017e o tom padlo a ur\u010dit\u011b nebude \u00fapln\u011b tabu. Jde sp\u00ed\u0161 jen o to zkusit n\u011bjak skloubit ty dva kalend\u00e1\u0159e.<\/p>\n\n\n\n<p><strong>Co pro v\u00e1s vlastn\u011b p\u0159estup do nejlep\u0161\u00ed \u010desk\u00e9 st\u00e1je znamen\u00e1?<\/strong><\/p>\n\n\n\n<p>Spln\u011bn\u00ed jednoho z&nbsp;c\u00edl\u016f, kter\u00fd jsem si vyt\u00fd\u010dil. Velk\u00fd krok dop\u0159edu. V\u011bd\u011bl jsem, \u017ee se pot\u0159ebuju posunout d\u00e1l, ke zku\u0161en\u011bj\u0161\u00edm z\u00e1vodn\u00edk\u016fm. Chci se na silnici zlep\u0161it a mus\u00edm se toho je\u0161t\u011b hodn\u011b nau\u010dit. Rozhodn\u011b to nen\u00ed tak, \u017ee by mi Prost\u011bjov byl mal\u00fd, ale jestli se chci zlep\u0161it, pot\u0159ebuju jezdit i na kvalitn\u011bj\u0161\u00ed z\u00e1vody a Elkov m\u00e1 ten program super. V\u00edm, \u017ee m\u011b \u010dek\u00e1 hodn\u011b d\u0159iny, ale t\u011b\u0161\u00edm se na to.<\/p>\n\n\n\n<p><strong>V&nbsp;Hradci si od v\u00e1s slibuj\u00ed, \u017ee nahrad\u00edte Aloise Ka\u0148kovsk\u00e9ho a budete vyhr\u00e1vat z\u00e1vody v&nbsp;hromadn\u00fdch dojezdech.<\/strong><\/p>\n\n\n\n<p>Je to pro m\u011b velk\u00fd z\u00e1vazek v\u016f\u010di cel\u00e9mu t\u00fdmu. Bude to hodn\u011b t\u011b\u017ek\u00e9, ale douf\u00e1m, \u017ee si s&nbsp;klukama pom\u016f\u017eeme a budeme \u00fasp\u011b\u0161n\u00ed. D\u016fle\u017eit\u00e9 je, abychom fungovali jako t\u00fdm. Brali m\u011b proto, abych n\u011bjak\u00e9 v\u00fdsledky ud\u011blal a budu se sna\u017eit jezdit co nejl\u00edp.<\/p>\n\n\n\n<p><strong>O sprinterech se \u0159\u00edk\u00e1, \u017ee jsou tak trochu bl\u00e1zni, kdy\u017e \u010dlov\u011bk kolikr\u00e1t vid\u00ed to riziko, do jak\u00e9ho p\u0159i hromadn\u00fdch dojezdech jdou. Mus\u00ed m\u00edt sprinter pokoru a respekt?<\/strong><\/p>\n\n\n\n<p>To ur\u010dit\u011b ano, ale ne strach. J\u00e1 kolikr\u00e1t taky t\u0159eba v&nbsp;p\u016flce etapy p\u0159em\u00fd\u0161l\u00edm, co by se mohlo st\u00e1t. Kdy\u017e se te\u010f voz\u00ed kotou\u010dov\u00e9 brzdy, tro\u0161ku se boj\u00edm, ale pak to ze m\u011b \u00fapln\u011b spadne. M\u00e1m pro strach ud\u011bl\u00e1no. Jinak to ani u sprintera nejde. Kdy\u017e to n\u00e1hodou lehne, tak to prost\u011b lehne. \u010clov\u011bk s&nbsp;t\u00edm nic nenad\u011bl\u00e1.<\/p>\n\n\n\n<p><strong>M\u011bl jste u\u017e z&nbsp;p\u00e1du n\u011bjak\u00e9 zran\u011bn\u00ed?<\/strong><\/p>\n\n\n\n<p>Zlomenou kl\u00ed\u010dn\u00ed kost, mo\u017en\u00e1 p\u00e1rkr\u00e1t ot\u0159es mozku, ale na\u0161t\u011bst\u00ed nic v\u00e1\u017en\u00e9ho.<\/p>\n\n\n\n<p><strong>M\u00e1te n\u011bjak\u00fd sprintersk\u00fd vzor?<\/strong><\/p>\n\n\n\n<p>J\u00e1 se asi zasekl v&nbsp;dob\u011b, kdy byli na vrcholu lidi jako Greipel nebo Cavendish. Moc se mi l\u00edbil Cipollini. Vid\u011bl jsem n\u011bjak\u00e1 jeho videa, \u010detl jsem o n\u011bm. Vyhr\u00e1val jak na b\u011b\u017e\u00edc\u00edm p\u00e1su, byl sv\u016fj\u2026<\/p>\n\n\n\n<p><strong>A co sou\u010dasn\u00ed sprinte\u0159i? Na koho se nejrad\u0161i kouk\u00e1te t\u0159eba v&nbsp;televizi?<\/strong><\/p>\n\n\n\n<p>J\u00e1 skoro na televizi nekouk\u00e1m, tak\u017ee ani moc na cyklistiku. Kdy\u017e je t\u0159eba Tour a m\u00e1m \u010das, pod\u00edv\u00e1m se a\u017e na konec etapy. Ale \u017ee bych koukal od za\u010d\u00e1tku do konce, to m\u011b nebav\u00ed. Kdy\u017e m\u00e1m volno, rad\u0161i se jdu proj\u00edt s\u00a0p\u0159\u00edtelkyn\u00ed ven nebo si jdu zacvi\u010dit do fitka.<\/p>\n\n\n\n<figure class=\"wp-block-image size-large\"><img decoding=\"async\" src=\"https:\/\/www.czechcyclingfederation.com\/wp-content\/uploads\/2021\/11\/MAS_6372-1024x730.jpg\" alt=\"\" class=\"wp-image-10245\"\/><\/figure>\n\n\n\n<figure class=\"wp-block-image size-large\"><img decoding=\"async\" src=\"https:\/\/www.czechcyclingfederation.com\/wp-content\/uploads\/2021\/11\/MAS_6334-1024x730.jpg\" alt=\"\" class=\"wp-image-10246\"\/><\/figure>\n\n\n\n<figure class=\"wp-block-image size-large\"><img decoding=\"async\" src=\"https:\/\/www.czechcyclingfederation.com\/wp-content\/uploads\/2021\/11\/MAS_6342-1024x709.jpg\" alt=\"\" class=\"wp-image-10247\"\/><\/figure>\n","protected":false},"excerpt":{"rendered":"<p>Na ned\u00e1vn\u00e9m mistrovstv\u00ed sv\u011bta na dr\u00e1ze se o nejlep\u0161\u00ed \u010desk\u00fd v\u00fdsledek postaral Daniel Babor, kdy\u017e skon\u010dil \u0161est\u00fd ve scratchi. Jako dr\u00e1ha\u0159 u\u017e m\u00e1 ve sb\u00edrce n\u011bkolik medail\u00ed ze \u0161ampion\u00e1t\u016f sv\u011bta i Evropy v&nbsp;ml\u00e1de\u017enick\u00fdch kategori\u00edch v\u010detn\u011b titul\u016f juniorsk\u00e9ho mistra sv\u011bta a Evropy ve scratchi z&nbsp;roku 2017. Posledn\u00ed roky se prosazuje i na silnici, letos se stal [&hellip;]<\/p>\n","protected":false},"author":15,"featured_media":0,"comment_status":"closed","ping_status":"open","sticky":false,"template":"","format":"standard","meta":{"footnotes":""},"categories":[105,2,18],"tags":[11],"class_list":["post-10243","post","type-post","status-publish","format-standard","hentry","category-draha-reprezentace","category-novinky","category-silnice","tag-silnice"],"_links":{"self":[{"href":"https:\/\/www.czechcyclingfederation.com\/en\/wp-json\/wp\/v2\/posts\/10243","targetHints":{"allow":["GET"]}}],"collection":[{"href":"https:\/\/www.czechcyclingfederation.com\/en\/wp-json\/wp\/v2\/posts"}],"about":[{"href":"https:\/\/www.czechcyclingfederation.com\/en\/wp-json\/wp\/v2\/types\/post"}],"author":[{"embeddable":true,"href":"https:\/\/www.czechcyclingfederation.com\/en\/wp-json\/wp\/v2\/users\/15"}],"replies":[{"embeddable":true,"href":"https:\/\/www.czechcyclingfederation.com\/en\/wp-json\/wp\/v2\/comments?post=10243"}],"version-history":[{"count":0,"href":"https:\/\/www.czechcyclingfederation.com\/en\/wp-json\/wp\/v2\/posts\/10243\/revisions"}],"wp:attachment":[{"href":"https:\/\/www.czechcyclingfederation.com\/en\/wp-json\/wp\/v2\/media?parent=10243"}],"wp:term":[{"taxonomy":"category","embeddable":true,"href":"https:\/\/www.czechcyclingfederation.com\/en\/wp-json\/wp\/v2\/categories?post=10243"},{"taxonomy":"post_tag","embeddable":true,"href":"https:\/\/www.czechcyclingfederation.com\/en\/wp-json\/wp\/v2\/tags?post=10243"}],"curies":[{"name":"wp","href":"https:\/\/api.w.org\/{rel}","templated":true}]}}