{"id":10212,"date":"2021-11-06T16:07:42","date_gmt":"2021-11-06T15:07:42","guid":{"rendered":"https:\/\/www.czechcyclingfederation.com\/?p=10212"},"modified":"2021-11-06T16:07:45","modified_gmt":"2021-11-06T15:07:45","slug":"juniorka-hanakova-na-cyklokrosovem-me-jedenacta","status":"publish","type":"post","link":"https:\/\/www.czechcyclingfederation.com\/en\/juniorka-hanakova-na-cyklokrosovem-me-jedenacta\/","title":{"rendered":"Juniorka Han\u00e1kov\u00e1 na cyklokrosov\u00e9m ME jeden\u00e1ct\u00e1"},"content":{"rendered":"\n<p>Nejlep\u0161\u00edm v\u00fdsledkem \u010desk\u00fdch reprezentant\u016f v \u00favodn\u00edm dnu evropsk\u00e9ho cyklokrosov\u00e9ho \u0161ampion\u00e1tu v nizozemsk\u00e9m Col du Vam bylo jeden\u00e1ct\u00e9 m\u00edsto Eli\u0161ky Han\u00e1kov\u00e9 v z\u00e1vod\u011b juniorek, o t\u0159i m\u00edsta za n\u00ed projela c\u00edlem Julia Kopecky. Mezi mu\u017ei U23 \u010ce\u0161i neusp\u011bli, nejlep\u0161\u00ed z p\u011btice startuj\u00edc\u00edch byl na 28. m\u00edst\u011b Robert Hula, hned za n\u00edm skon\u010dil Mat\u011bj Str\u00e1nsk\u00fd. V z\u00e1vodu \u017een jsme zastoupen\u00ed nem\u011bli, \u0161ampionkou se stala dom\u00e1c\u00ed Lucinda Brandov\u00e1.<\/p>\n\n\n\n<p>V \u00favodn\u00edm z\u00e1vodu \u0161ampion\u00e1tu \u010desk\u00e9 z\u00e1vodnice pom\u011brn\u011b dob\u0159e odstartovaly, ale a\u017e na Julii Kopecky, kter\u00e1 m\u011bla p\u00e1d a nav\u00edc na zemi skon\u010dila i Vanda Dlaskov\u00e1 a musely se pot\u00e9 startovn\u00edm polem slo\u017eit\u011b prokous\u00e1vat. Praktiky hned v \u00favodu odjela Zoe Backstedov\u00e1 z&nbsp;Brit\u00e1nie a v\u0161em soupe\u0159k\u00e1m uk\u00e1zala z\u00e1da, ji\u017e v polovin\u011b \u00favodn\u00edho okruhu m\u011bla n\u00e1skok kolem sta metr\u016f. Backstedov\u00e1 si tak jela prakticky sv\u016fj s\u00f3lo z\u00e1vod a v c\u00edli m\u011bla n\u00e1skok p\u0159es minutu p\u0159ed dom\u00e1c\u00ed Leonie Bentvedovou a t\u0159et\u00ed skon\u010dila dal\u0161\u00ed Nizozemka Nienke Vinkeov\u00e1.<\/p>\n\n\n\n<p>Cel\u00e1 p\u011btice \u010cech\u016f v z\u00e1vodu mu\u017e\u016f U23 \u0161patn\u011b odstartovala. Z p\u0159edn\u00edch \u0159ad startoval pouze Mat\u011bj Str\u00e1nsk\u00fd, ale i on se rychle propadl na konec t\u0159et\u00ed des\u00edtky a zlep\u0161it se nedok\u00e1zal. Na nesm\u00edrn\u011b n\u00e1ro\u010dn\u00e9m okruhu dominovali Belgi\u010dn\u00e9. Je\u0161t\u011b po \u0161est\u00e9m kole jich bylo sedm ve vedouc\u00ed jeden\u00e1cti\u010dlenn\u00e9 skupin\u011b, ale nikomu se moc z\u00e1vodit necht\u011blo, v\u00edce se taktizovalo a to se jim nakonec uk\u00e1zalo jako osudn\u00e9. V posledn\u00edm okruhu v\u00fdrazn\u011b Belgi\u010dan\u00e9 zrychlili a poda\u0159ilo se jim set\u0159\u00e1st v\u0161echny soupe\u0159e, ale&#8230;&nbsp;<\/p>\n\n\n\n<p>V z\u00e1v\u011bru se vz\u00e1jemn\u011b hl\u00eddali a zezadu je doslova p\u0159el\u00e9tl nizozemsk\u00fd jezdec Ryan Kamp. Ne\u017e soupe\u0159i sta\u010dili zareagovat tak mohl slavit obhajobu sv\u00e9ho lo\u0148sk\u00e9ho triumfu. Za n\u00edm s vte\u0159inov\u00fdm odstupem spurtovali Niels Vandeputte a Thibau Nys (oba Belg.)<\/p>\n\n\n\n<p>Hned od za\u010d\u00e1tku se z\u00e1vod \u017een odv\u00edjel podle p\u0159edpoklad\u016f. Na \u010dele se se\u0159adily Nizozemky Lucinda Brandov\u00e1, Yara Kastelijnov\u00e1, Denise Betsemaov\u00e1, Ceylin Del Carmen Alavaradov\u00e1, Annemarie Worstov\u00e1 a Ma\u010farka Kata Blanka Vasov\u00e1. Od t\u0159et\u00edho kola ji\u017e ale jezdila osamocen\u011b na \u010dele Brandov\u00e1 a za n\u00ed dr\u017eelo trio Vasov\u00e1, Alavaradov\u00e1 a Kastelijnov\u00e1, zat\u00edmco Betsemaov\u00e1 a Worstov\u00e1 p\u0159ekvapiv\u011b ztr\u00e1cely.<\/p>\n\n\n\n<p>Osamocen\u011b jedouc\u00ed Brandov\u00e1 neust\u00e1le sv\u016fj n\u00e1skok navy\u0161ovala a v \u0161est\u00e9m kole vypadla z boje o medaile obh\u00e1jkyn\u011b titulu Alvaradov\u00e1, zat\u00edmco Vasov\u00e1 a Kastelijnov\u00e1 jely bok po boku. O st\u0159\u00edbru rozhodla Vasov\u00e1 zrychlen\u00edm v z\u00e1v\u011bre\u010dn\u00fdch stovk\u00e1ch metr\u016f, kdy dok\u00e1zala Kastelijnov\u00e9 odjet.<\/p>\n\n\n\n<p>V\u00fdsledky:<\/p>\n\n\n\n<p>Juniorky:<\/p>\n\n\n\n<p>1. Backstedov\u00e1 (Brit.) 44:01, 2. Bentvedov\u00e1 +1:06, 3. Vinkeov\u00e1 (ob\u011b Niz.) +1:30, 4. van Sinaeyov\u00e1 (Belg.) +1:56, 5. Halterov\u00e1 (\u0160v\u00fdc.) +2:40, 6. Venturelliov\u00e1 (It.) +2:40, &#8230;11. Han\u00e1kov\u00e1 +3:13, 14.&nbsp; Kopecky +3:50, 21. Je\u0159\u00e1bkov\u00e1 +4:49, 22. Dlaskov\u00e1 +5:12, 26. Nov\u00e1kov\u00e1 +5:41, 34. Hlad\u00edkov\u00e1 (v\u0161echny \u010cR) -1 kolo.<\/p>\n\n\n\n<p>Mu\u017ei U23:<\/p>\n\n\n\n<p>1. Kamp (Niz.) 50:03, 2. Vandeputte, 3. Nys oba +1, 4. Wyseure +8, 5. Verstrynge (v\u0161ichni Belg.) +15, 6. Mason (Brit.) +19, &#8230;28. Hula +2:44, 29. Str\u00e1nsk\u00fd +2:55, 38. \u0158\u00edman +3:38, 45. Jind\u0159ich +5:27, 47. Fiala (v\u0161ichni \u010cR) -2 kola.<\/p>\n\n\n\n<p>\u017deny:<\/p>\n\n\n\n<p>1. Brandov\u00e1 (Niz.) 48:22, 2. Vasov\u00e1 (Ma\u010f.) +56, 3. Kastelijnov\u00e1 +1:02, 4. Alvaradov\u00e1 +1:29, 5. Betsemaov\u00e1 (v\u0161echny Niz.) +2:01, 6. H. Clauzelov\u00e1 (Fr.) +2:21.<\/p>\n\n\n\n<p>FOTO Petr Klou\u010dek<\/p>\n","protected":false},"excerpt":{"rendered":"<p>Nejlep\u0161\u00edm v\u00fdsledkem \u010desk\u00fdch reprezentant\u016f v \u00favodn\u00edm dnu evropsk\u00e9ho cyklokrosov\u00e9ho \u0161ampion\u00e1tu v nizozemsk\u00e9m Col du Vam bylo jeden\u00e1ct\u00e9 m\u00edsto Eli\u0161ky Han\u00e1kov\u00e9 v z\u00e1vod\u011b juniorek, o t\u0159i m\u00edsta za n\u00ed projela c\u00edlem Julia Kopecky. Mezi mu\u017ei U23 \u010ce\u0161i neusp\u011bli, nejlep\u0161\u00ed z p\u011btice startuj\u00edc\u00edch byl na 28. m\u00edst\u011b Robert Hula, hned za n\u00edm skon\u010dil Mat\u011bj Str\u00e1nsk\u00fd. V z\u00e1vodu [&hellip;]<\/p>\n","protected":false},"author":8,"featured_media":10213,"comment_status":"closed","ping_status":"open","sticky":false,"template":"","format":"standard","meta":{"footnotes":""},"categories":[58,2],"tags":[59],"class_list":["post-10212","post","type-post","status-publish","format-standard","has-post-thumbnail","hentry","category-cyklokros","category-novinky","tag-cyklokros"],"_links":{"self":[{"href":"https:\/\/www.czechcyclingfederation.com\/en\/wp-json\/wp\/v2\/posts\/10212","targetHints":{"allow":["GET"]}}],"collection":[{"href":"https:\/\/www.czechcyclingfederation.com\/en\/wp-json\/wp\/v2\/posts"}],"about":[{"href":"https:\/\/www.czechcyclingfederation.com\/en\/wp-json\/wp\/v2\/types\/post"}],"author":[{"embeddable":true,"href":"https:\/\/www.czechcyclingfederation.com\/en\/wp-json\/wp\/v2\/users\/8"}],"replies":[{"embeddable":true,"href":"https:\/\/www.czechcyclingfederation.com\/en\/wp-json\/wp\/v2\/comments?post=10212"}],"version-history":[{"count":1,"href":"https:\/\/www.czechcyclingfederation.com\/en\/wp-json\/wp\/v2\/posts\/10212\/revisions"}],"predecessor-version":[{"id":10214,"href":"https:\/\/www.czechcyclingfederation.com\/en\/wp-json\/wp\/v2\/posts\/10212\/revisions\/10214"}],"wp:featuredmedia":[{"embeddable":true,"href":"https:\/\/www.czechcyclingfederation.com\/en\/wp-json\/wp\/v2\/media\/10213"}],"wp:attachment":[{"href":"https:\/\/www.czechcyclingfederation.com\/en\/wp-json\/wp\/v2\/media?parent=10212"}],"wp:term":[{"taxonomy":"category","embeddable":true,"href":"https:\/\/www.czechcyclingfederation.com\/en\/wp-json\/wp\/v2\/categories?post=10212"},{"taxonomy":"post_tag","embeddable":true,"href":"https:\/\/www.czechcyclingfederation.com\/en\/wp-json\/wp\/v2\/tags?post=10212"}],"curies":[{"name":"wp","href":"https:\/\/api.w.org\/{rel}","templated":true}]}}