{"id":10206,"date":"2021-11-05T10:29:17","date_gmt":"2021-11-05T09:29:17","guid":{"rendered":"https:\/\/www.czechcyclingfederation.com\/?p=10206"},"modified":"2021-11-05T10:30:58","modified_gmt":"2021-11-05T09:30:58","slug":"trener-rampula-oslavil-osmdesatku","status":"publish","type":"post","link":"https:\/\/www.czechcyclingfederation.com\/en\/trener-rampula-oslavil-osmdesatku\/","title":{"rendered":"Tren\u00e9r Rampula oslavil osmdes\u00e1tku"},"content":{"rendered":"\n<p>V&nbsp;z\u00e1v\u011bru \u0159\u00edjna oslavil osmdes\u00e1tiny b\u00fdval\u00fd tren\u00e9r TJ MEZ Dr\u00e1sov a pozd\u011bji mal\u00ed\u0159 Petr Rampula. Pod jeho veden\u00edm za\u010d\u00ednali s&nbsp;cyklistikou Miroslav Junec, Jan Zav\u0159el, Ota s Pavel Klep\u00e1rn\u00edkov\u00e9, Ji\u0159\u00ed Hel\u00e1n \u010di Michal Vodi\u010dka.<\/p>\n\n\n\n<p>V&nbsp;restauraci Na Sklen\u00edku v&nbsp;Ti\u0161nov\u011b bude otev\u0159ena 6. a 7. Listopadu u t\u00e9to p\u0159\u00edle\u017eitosti v\u00fdstava Petr Rampula 80.<\/p>\n\n\n\n<figure class=\"wp-block-image size-large\"><img loading=\"lazy\" decoding=\"async\" width=\"480\" height=\"640\" src=\"https:\/\/www.czechcyclingfederation.com\/wp-content\/uploads\/2021\/11\/IMG_1068002.jpg\" alt=\"\" class=\"wp-image-10208\" srcset=\"https:\/\/www.czechcyclingfederation.com\/wp-content\/uploads\/2021\/11\/IMG_1068002.jpg 480w, https:\/\/www.czechcyclingfederation.com\/wp-content\/uploads\/2021\/11\/IMG_1068002-150x200.jpg 150w\" sizes=\"auto, (max-width: 480px) 100vw, 480px\" \/><\/figure>\n\n\n\n<figure class=\"wp-block-image size-large\"><img loading=\"lazy\" decoding=\"async\" width=\"724\" height=\"1024\" src=\"http:\/\/www.czechcyclingfederation.com\/wp-content\/uploads\/2021\/11\/Rampula-FullSizeR001-724x1024.jpg\" alt=\"\" class=\"wp-image-10207\" srcset=\"https:\/\/www.czechcyclingfederation.com\/wp-content\/uploads\/2021\/11\/Rampula-FullSizeR001-724x1024.jpg 724w, https:\/\/www.czechcyclingfederation.com\/wp-content\/uploads\/2021\/11\/Rampula-FullSizeR001-141x200.jpg 141w, https:\/\/www.czechcyclingfederation.com\/wp-content\/uploads\/2021\/11\/Rampula-FullSizeR001-768x1087.jpg 768w, https:\/\/www.czechcyclingfederation.com\/wp-content\/uploads\/2021\/11\/Rampula-FullSizeR001.jpg 935w\" sizes=\"auto, (max-width: 724px) 100vw, 724px\" \/><\/figure>\n","protected":false},"excerpt":{"rendered":"<p>V&nbsp;z\u00e1v\u011bru \u0159\u00edjna oslavil osmdes\u00e1tiny b\u00fdval\u00fd tren\u00e9r TJ MEZ Dr\u00e1sov a pozd\u011bji mal\u00ed\u0159 Petr Rampula. Pod jeho veden\u00edm za\u010d\u00ednali s&nbsp;cyklistikou Miroslav Junec, Jan Zav\u0159el, Ota s Pavel Klep\u00e1rn\u00edkov\u00e9, Ji\u0159\u00ed Hel\u00e1n \u010di Michal Vodi\u010dka. V&nbsp;restauraci Na Sklen\u00edku v&nbsp;Ti\u0161nov\u011b bude otev\u0159ena 6. a 7. Listopadu u t\u00e9to p\u0159\u00edle\u017eitosti v\u00fdstava Petr Rampula 80.<\/p>\n","protected":false},"author":8,"featured_media":10210,"comment_status":"closed","ping_status":"open","sticky":false,"template":"","format":"standard","meta":{"footnotes":""},"categories":[54,2,18],"tags":[9,11],"class_list":["post-10206","post","type-post","status-publish","format-standard","has-post-thumbnail","hentry","category-draha","category-novinky","category-silnice","tag-draha","tag-silnice"],"_links":{"self":[{"href":"https:\/\/www.czechcyclingfederation.com\/en\/wp-json\/wp\/v2\/posts\/10206","targetHints":{"allow":["GET"]}}],"collection":[{"href":"https:\/\/www.czechcyclingfederation.com\/en\/wp-json\/wp\/v2\/posts"}],"about":[{"href":"https:\/\/www.czechcyclingfederation.com\/en\/wp-json\/wp\/v2\/types\/post"}],"author":[{"embeddable":true,"href":"https:\/\/www.czechcyclingfederation.com\/en\/wp-json\/wp\/v2\/users\/8"}],"replies":[{"embeddable":true,"href":"https:\/\/www.czechcyclingfederation.com\/en\/wp-json\/wp\/v2\/comments?post=10206"}],"version-history":[{"count":2,"href":"https:\/\/www.czechcyclingfederation.com\/en\/wp-json\/wp\/v2\/posts\/10206\/revisions"}],"predecessor-version":[{"id":10211,"href":"https:\/\/www.czechcyclingfederation.com\/en\/wp-json\/wp\/v2\/posts\/10206\/revisions\/10211"}],"wp:featuredmedia":[{"embeddable":true,"href":"https:\/\/www.czechcyclingfederation.com\/en\/wp-json\/wp\/v2\/media\/10210"}],"wp:attachment":[{"href":"https:\/\/www.czechcyclingfederation.com\/en\/wp-json\/wp\/v2\/media?parent=10206"}],"wp:term":[{"taxonomy":"category","embeddable":true,"href":"https:\/\/www.czechcyclingfederation.com\/en\/wp-json\/wp\/v2\/categories?post=10206"},{"taxonomy":"post_tag","embeddable":true,"href":"https:\/\/www.czechcyclingfederation.com\/en\/wp-json\/wp\/v2\/tags?post=10206"}],"curies":[{"name":"wp","href":"https:\/\/api.w.org\/{rel}","templated":true}]}}