{"id":10203,"date":"2021-11-04T10:36:06","date_gmt":"2021-11-04T09:36:06","guid":{"rendered":"https:\/\/www.czechcyclingfederation.com\/?p=10203"},"modified":"2021-11-04T10:36:09","modified_gmt":"2021-11-04T09:36:09","slug":"michael-kukrle-prestup-do-gazpromu-je-super-a-muzu-se-odrazit-jeste-vys","status":"publish","type":"post","link":"https:\/\/www.czechcyclingfederation.com\/en\/michael-kukrle-prestup-do-gazpromu-je-super-a-muzu-se-odrazit-jeste-vys\/","title":{"rendered":"Michael Kukrle: P\u0159estup do Gazpromu je super a m\u016f\u017eu se odrazit je\u0161t\u011b v\u00fd\u0161"},"content":{"rendered":"\n<p>Po \u0161esti letech v&nbsp;kr\u00e1lov\u00e9hradeck\u00e9m t\u00fdmu Elkov-Kasper d\u00e1v\u00e1 Michael Kukrle sbohem z\u00e1vod\u011bn\u00ed v&nbsp;\u010cesku a m\u00ed\u0159\u00ed o patro v\u00fd\u0161. Po sv\u00e9 \u017eivotn\u00ed sez\u00f3n\u011b podepsal ro\u010dn\u00ed smlouvu s&nbsp;pro-kontinent\u00e1ln\u00edm t\u00fdmem Gazprom Rus-Velo, kde se stane kolegou krajana Mathiase Vacka.<\/p>\n\n\n\n<p><strong>Co pro v\u00e1s tenhle p\u0159estup znamen\u00e1?<\/strong><\/p>\n\n\n\n<p>Spln\u011bn\u00ed snu, dal\u0161\u00ed krok v&nbsp;moj\u00ed kari\u00e9\u0159e. V\u011bd\u011bl jsem, \u017ee jestli se chci posunout, je pot\u0159eba se dostat ven, proto\u017ee mi bude sedmadvacet. Jsem za tu \u0161anci moc r\u00e1d, proto\u017ee se dostanu na \u0159adu skv\u011bl\u00fdch z\u00e1vod\u016f a program bude daleko lep\u0161\u00ed.<\/p>\n\n\n\n<p><strong>Je re\u00e1ln\u00e9, \u017ee se v\u00e1\u0161 t\u00fdm dostane i na n\u011bkterou Grand Tour?<\/strong><\/p>\n\n\n\n<p>Netu\u0161\u00edm. Letos tam nebyli. Pro rusk\u00fd t\u00fdm je to samoz\u0159ejm\u011b t\u011b\u017e\u0161\u00ed, proto\u017ee z&nbsp;dvojek v\u011bt\u0161inou dost\u00e1vaj\u00ed divok\u00e9 karty dom\u00e1c\u00ed t\u00fdmy. Ale u\u017e jeli dvakr\u00e1t Giro a mysl\u00edm, \u017ee \u0161ance je. Ot\u00e1zka je, jak to vlastn\u011b dopadne ve WorldTour, proto\u017ee t\u0159eba Qhubeka m\u00e1 finan\u010dn\u00ed probl\u00e9my a zat\u00edm nem\u00e1 licenci. Uvid\u00edme. Ale i tak by m\u011bl b\u00fdt ten program skv\u011bl\u00fd.<\/p>\n\n\n\n<p><strong>Hovo\u0159il jste o t\u00fdmu s&nbsp;Romanem Kreuzigerem i Mathiasem Vackem, kte\u0159\u00ed tam letos jezdili?<\/strong><\/p>\n\n\n\n<p>Trochu jsme se bavili na z\u00e1vodech. Zhruba v\u00edm, do \u010deho jdu. Na mistrovstv\u00ed Evropy jsem se potkal i se sportovn\u00edm \u0159editelem t\u00fdmu Sedounem. V\u00edm, \u017ee se m\u011bn\u00ed materi\u00e1l, z&nbsp;Colnaga se p\u0159ech\u00e1z\u00ed na Look. D\u00edval jsem se na sestavu, kter\u00e1 by m\u011bla b\u00fdt v\u00edc mezin\u00e1rodn\u00ed. Je tam 9 Rus\u016f, 7 Ital\u016f, dva \u010ce\u0161i, \u0160pan\u011bl, Kostari\u010dan a Nor. Tak douf\u00e1m, \u017ee tam dob\u0159e zapadnu.<\/p>\n\n\n\n<p><strong>Jak\u00e1 bude prvn\u00ed akce s&nbsp;nov\u00fdm t\u00fdmem?<\/strong><\/p>\n\n\n\n<p>Od 14. do 19. listopadu m\u00e1me seznamovac\u00ed kemp u Lago di Garda v&nbsp;It\u00e1lii, kde m\u00e1 t\u00fdm z\u00e1kladnu. A od 3. do 21. prosince pojedeme na prvn\u00ed soust\u0159ed\u011bn\u00ed do \u0161pan\u011blsk\u00e9ho Calpe. Dokonce do stejn\u00e9ho hotelu, kam jsme jezdili s&nbsp;Elkovem. Kluci tam ve stejn\u00e9m term\u00ednu budou taky, tak se budeme potk\u00e1vat.<\/p>\n\n\n\n<p><strong>Jak vlastn\u011b prob\u00edhala jedn\u00e1n\u00ed o p\u0159estupu?<\/strong><\/p>\n\n\n\n<p>\u0158e\u0161il to m\u016fj mana\u017eer, Holan\u010fan \u017eij\u00edc\u00ed v&nbsp;It\u00e1lii. Bez n\u011bj by to bylo t\u011b\u017ek\u00e9. Sice jsem n\u011bjak\u00e9 v\u00fdsledky zajel, ale zas jsem nevyhr\u00e1val jeden z\u00e1vod za druh\u00fdm. A \u010dlov\u011bk nem\u00e1 kontakty na lidi, kte\u0159\u00ed v&nbsp;t\u00fdmech o podpisu nov\u00fdch z\u00e1vodn\u00edk\u016f rozhoduj\u00ed. Mysl\u00edm, \u017ee docela d\u016fle\u017eitou roli hr\u00e1lo moje vystoupen\u00ed na olympi\u00e1d\u011b, po Sazka Tour jsem dostal nab\u00eddku a podepsal jsem ro\u010dn\u00ed smlouvu s&nbsp;opc\u00ed na dal\u0161\u00ed rok.<\/p>\n\n\n\n<p><strong>Bylo ve h\u0159e v\u00edce nab\u00eddek?<\/strong><\/p>\n\n\n\n<p>Asi t\u0159i t\u00fdmy se ozvaly, n\u011bco i z&nbsp;WorldTour. Ale bylo to sp\u00ed\u0161 tak, \u017ee se na m\u011b mrknou\u2026 Gazprom dal nab\u00eddku prvn\u00ed a pak u\u017e jsem necht\u011bl vy\u010dk\u00e1vat. Je to pro m\u011b postup v\u00fd\u0161 a dal jsem p\u0159ednost jistot\u011b. Jsem opravdu moc r\u00e1d, \u017ee ten p\u0159estup vy\u0161el a te\u010f budu d\u011blat v\u0161echno pro to, abych do nov\u00e9ho t\u00fdmu co nejl\u00edp zapadl a p\u0159idal i n\u011bjak\u00e9 v\u00fdsledky.<\/p>\n\n\n\n<p><strong>Polep\u0161\u00edte si finan\u010dn\u011b hodn\u011b?<\/strong><\/p>\n\n\n\n<p>Mana\u017eer mi u\u017e p\u0159ed jedn\u00e1n\u00edm \u0159ekl, co bychom asi mohli po\u017eadovat, oni mi zhruba tu \u010d\u00e1stku nab\u00eddli a j\u00e1 s&nbsp;t\u00edm byl spokojen. Je to t\u0159eba dvojn\u00e1sobek toho, co jsem m\u011bl tady, mo\u017en\u00e1 o tro\u0161ku v\u00edc. Ale pro m\u011b nebyly pen\u00edze a\u017e tak d\u016fle\u017eit\u00e9, sp\u00ed\u0161 jsem se cht\u011bl dostat v\u00fd\u0161, abych m\u011bl \u0161anci na lep\u0161\u00ed z\u00e1vody. To byla priorita. Kdy\u017e tu \u0161anci chyt\u00edm za pa\u010desy, m\u016f\u017ee se mi t\u0159eba otev\u0159\u00edt cesta je\u0161t\u011b d\u00e1l.<\/p>\n\n\n\n<p><strong>M\u00e1te za sebou zat\u00edm \u017eivotn\u00ed sez\u00f3nu?<\/strong><\/p>\n\n\n\n<p>Asi ano. Vyhr\u00e1l jsem mistr\u00e1k, vy\u0161la mi olympi\u00e1da i Evropa. D\u00e1 se \u0159\u00edct, \u017ee jsem formu dr\u017eel skoro celou sez\u00f3nu. A na olympi\u00e1du se mi to poda\u0159ilo je\u0161t\u011b vyladit. A\u017e na Okolo Slovenska jsem se nachladil, marodil jsem. Doufal jsem, \u017ee se to zlep\u0161\u00ed do mistrovstv\u00ed sv\u011bta, ale u\u017e jsem se do toho \u00fapln\u011b nedostal. To m\u011b mrzelo, cht\u011bl jsem tam zajet co nejl\u00edp. Ale i tak m\u016f\u017eu ten rok hodnotit dob\u0159e.<\/p>\n\n\n\n<p><strong>Jak budete vzpom\u00ednat na Elkov Kasper?<\/strong><\/p>\n\n\n\n<p>Pro\u017eil jsem tam kr\u00e1sn\u00fdch \u0161est let a v\u0161em za to moc d\u011bkuju. A\u0165 u\u017e panu V\u00e1vrovi, Otovi Fialovi i koleg\u016fm z\u00a0t\u00fdmu. Hodn\u011b jsem se toho v\u00a0Hradci nau\u010dil, jako z\u00e1vodn\u00edk jsem ur\u010dit\u011b vyzr\u00e1l. A m\u00e1m radost, \u017ee jsme se ka\u017ed\u00fd rok jako t\u00fdm zlep\u0161ovali a dok\u00e1zali jsme se prosadit i na mezin\u00e1rodn\u00ed sc\u00e9n\u011b.<\/p>\n\n\n\n<p>Foto: Jan Brychta<\/p>\n\n\n\n<figure class=\"wp-block-image size-large\"><img loading=\"lazy\" decoding=\"async\" width=\"1024\" height=\"768\" src=\"http:\/\/www.czechcyclingfederation.com\/wp-content\/uploads\/2021\/07\/Kukrle-IMG_8434-1024x768.jpg\" alt=\"\" class=\"wp-image-8385\" srcset=\"https:\/\/www.czechcyclingfederation.com\/wp-content\/uploads\/2021\/07\/Kukrle-IMG_8434-1024x768.jpg 1024w, https:\/\/www.czechcyclingfederation.com\/wp-content\/uploads\/2021\/07\/Kukrle-IMG_8434-267x200.jpg 267w, https:\/\/www.czechcyclingfederation.com\/wp-content\/uploads\/2021\/07\/Kukrle-IMG_8434-768x576.jpg 768w, https:\/\/www.czechcyclingfederation.com\/wp-content\/uploads\/2021\/07\/Kukrle-IMG_8434-1536x1152.jpg 1536w, https:\/\/www.czechcyclingfederation.com\/wp-content\/uploads\/2021\/07\/Kukrle-IMG_8434-1320x990.jpg 1320w, https:\/\/www.czechcyclingfederation.com\/wp-content\/uploads\/2021\/07\/Kukrle-IMG_8434.jpg 2048w\" sizes=\"auto, (max-width: 1024px) 100vw, 1024px\" \/><\/figure>\n\n\n\n<figure class=\"wp-block-image size-large\"><img loading=\"lazy\" decoding=\"async\" width=\"1024\" height=\"768\" src=\"http:\/\/www.czechcyclingfederation.com\/wp-content\/uploads\/2021\/07\/7214c96f-55c9-4742-abc3-21c1e3bc2193-3.jpg\" alt=\"\" class=\"wp-image-8383\" srcset=\"https:\/\/www.czechcyclingfederation.com\/wp-content\/uploads\/2021\/07\/7214c96f-55c9-4742-abc3-21c1e3bc2193-3.jpg 1024w, https:\/\/www.czechcyclingfederation.com\/wp-content\/uploads\/2021\/07\/7214c96f-55c9-4742-abc3-21c1e3bc2193-3-267x200.jpg 267w, https:\/\/www.czechcyclingfederation.com\/wp-content\/uploads\/2021\/07\/7214c96f-55c9-4742-abc3-21c1e3bc2193-3-768x576.jpg 768w\" sizes=\"auto, (max-width: 1024px) 100vw, 1024px\" \/><\/figure>\n\n\n\n<figure class=\"wp-block-image size-large\"><img decoding=\"async\" src=\"http:\/\/www.czechcyclingfederation.com\/wp-content\/uploads\/2021\/09\/DSC_5987-1024x682.jpg\" alt=\"\" class=\"wp-image-9559\"\/><\/figure>\n","protected":false},"excerpt":{"rendered":"<p>Po \u0161esti letech v&nbsp;kr\u00e1lov\u00e9hradeck\u00e9m t\u00fdmu Elkov-Kasper d\u00e1v\u00e1 Michael Kukrle sbohem z\u00e1vod\u011bn\u00ed v&nbsp;\u010cesku a m\u00ed\u0159\u00ed o patro v\u00fd\u0161. Po sv\u00e9 \u017eivotn\u00ed sez\u00f3n\u011b podepsal ro\u010dn\u00ed smlouvu s&nbsp;pro-kontinent\u00e1ln\u00edm t\u00fdmem Gazprom Rus-Velo, kde se stane kolegou krajana Mathiase Vacka. Co pro v\u00e1s tenhle p\u0159estup znamen\u00e1? Spln\u011bn\u00ed snu, dal\u0161\u00ed krok v&nbsp;moj\u00ed kari\u00e9\u0159e. V\u011bd\u011bl jsem, \u017ee jestli se chci posunout, je [&hellip;]<\/p>\n","protected":false},"author":15,"featured_media":0,"comment_status":"closed","ping_status":"open","sticky":false,"template":"","format":"standard","meta":{"footnotes":""},"categories":[2,18],"tags":[11],"class_list":["post-10203","post","type-post","status-publish","format-standard","hentry","category-novinky","category-silnice","tag-silnice"],"_links":{"self":[{"href":"https:\/\/www.czechcyclingfederation.com\/en\/wp-json\/wp\/v2\/posts\/10203","targetHints":{"allow":["GET"]}}],"collection":[{"href":"https:\/\/www.czechcyclingfederation.com\/en\/wp-json\/wp\/v2\/posts"}],"about":[{"href":"https:\/\/www.czechcyclingfederation.com\/en\/wp-json\/wp\/v2\/types\/post"}],"author":[{"embeddable":true,"href":"https:\/\/www.czechcyclingfederation.com\/en\/wp-json\/wp\/v2\/users\/15"}],"replies":[{"embeddable":true,"href":"https:\/\/www.czechcyclingfederation.com\/en\/wp-json\/wp\/v2\/comments?post=10203"}],"version-history":[{"count":0,"href":"https:\/\/www.czechcyclingfederation.com\/en\/wp-json\/wp\/v2\/posts\/10203\/revisions"}],"wp:attachment":[{"href":"https:\/\/www.czechcyclingfederation.com\/en\/wp-json\/wp\/v2\/media?parent=10203"}],"wp:term":[{"taxonomy":"category","embeddable":true,"href":"https:\/\/www.czechcyclingfederation.com\/en\/wp-json\/wp\/v2\/categories?post=10203"},{"taxonomy":"post_tag","embeddable":true,"href":"https:\/\/www.czechcyclingfederation.com\/en\/wp-json\/wp\/v2\/tags?post=10203"}],"curies":[{"name":"wp","href":"https:\/\/api.w.org\/{rel}","templated":true}]}}