{"id":10196,"date":"2021-11-03T12:54:38","date_gmt":"2021-11-03T11:54:38","guid":{"rendered":"https:\/\/www.czechcyclingfederation.com\/?p=10196"},"modified":"2021-11-03T17:42:43","modified_gmt":"2021-11-03T16:42:43","slug":"zemrel-jan-moravek","status":"publish","type":"post","link":"https:\/\/www.czechcyclingfederation.com\/en\/zemrel-jan-moravek\/","title":{"rendered":"Zem\u0159el Jan Mor\u00e1vek"},"content":{"rendered":"\n<p>Ve v\u011bku p\u011btasedmdes\u00e1ti let zem\u0159el 1. listopadu cyklistick\u00fd nad\u0161enec a p\u0159edev\u0161\u00edm&nbsp; organiz\u00e1tor z\u00e1vod\u016f Jan Mor\u00e1vek. Za\u010d\u00e1tkem \u00fanora oslavil narozeniny a do\u010dkal se, s ro\u010dn\u00edm odkladem pro coronavirovou pandemii, kon\u00e1n\u00ed jubilejn\u00edho pades\u00e1t\u00e9ho ro\u010dn\u00edku Mal\u00e9ho Z\u00e1vodu m\u00edru.<\/p>\n\n\n\n<p>V \u010dele organiza\u010dn\u00edho t\u00fdmu tohoto z\u00e1vodu v Lan\u0161kroun\u011b, v n\u011bm\u017e startuj\u00ed chlapci ve v\u011bku 13-14 let a d\u00edvky 15-16let\u00e9, st\u00e1l p\u0159es t\u0159icet let. Od roku 1975 byl Jan Mor\u00e1vek tak\u00e9 p\u0159edseda klubu SKP Duha Lan\u0161kroun, kde pod jeho veden\u00edm ve st\u0159edisku vrcholov\u00e9ho sportu ml\u00e1de\u017ee vyrostli mj. Franti\u0161ek Trkal, Radovan Fo\u0159t \u010di Ren\u00e9 Andrle. Pot\u00e9 p\u0159estoupil do CK Lan\u0161kroun kde byl p\u0159edsedou ji\u017e zm\u00edn\u011bn\u00e9ho Mal\u00e9ho Z\u00e1vodu m\u00edru.<\/p>\n\n\n\n<p>Rozlou\u010den\u00ed s Janem Mor\u00e1vkem se uskute\u010dn\u00ed 12. listopadu ve 12:00 v ob\u0159adn\u00ed s\u00edni na h\u0159bitov\u011b v Lan\u0161kroun\u011b.<\/p>\n","protected":false},"excerpt":{"rendered":"<p>Ve v\u011bku p\u011btasedmdes\u00e1ti let zem\u0159el 1. listopadu cyklistick\u00fd nad\u0161enec a p\u0159edev\u0161\u00edm&nbsp; organiz\u00e1tor z\u00e1vod\u016f Jan Mor\u00e1vek. Za\u010d\u00e1tkem \u00fanora oslavil narozeniny a do\u010dkal se, s ro\u010dn\u00edm odkladem pro coronavirovou pandemii, kon\u00e1n\u00ed jubilejn\u00edho pades\u00e1t\u00e9ho ro\u010dn\u00edku Mal\u00e9ho Z\u00e1vodu m\u00edru. V \u010dele organiza\u010dn\u00edho t\u00fdmu tohoto z\u00e1vodu v Lan\u0161kroun\u011b, v n\u011bm\u017e startuj\u00ed chlapci ve v\u011bku 13-14 let a d\u00edvky 15-16let\u00e9, st\u00e1l [&hellip;]<\/p>\n","protected":false},"author":8,"featured_media":10202,"comment_status":"closed","ping_status":"open","sticky":false,"template":"","format":"standard","meta":{"footnotes":""},"categories":[2,65],"tags":[11],"class_list":["post-10196","post","type-post","status-publish","format-standard","has-post-thumbnail","hentry","category-novinky","category-subdisciplina","tag-silnice"],"_links":{"self":[{"href":"https:\/\/www.czechcyclingfederation.com\/en\/wp-json\/wp\/v2\/posts\/10196","targetHints":{"allow":["GET"]}}],"collection":[{"href":"https:\/\/www.czechcyclingfederation.com\/en\/wp-json\/wp\/v2\/posts"}],"about":[{"href":"https:\/\/www.czechcyclingfederation.com\/en\/wp-json\/wp\/v2\/types\/post"}],"author":[{"embeddable":true,"href":"https:\/\/www.czechcyclingfederation.com\/en\/wp-json\/wp\/v2\/users\/8"}],"replies":[{"embeddable":true,"href":"https:\/\/www.czechcyclingfederation.com\/en\/wp-json\/wp\/v2\/comments?post=10196"}],"version-history":[{"count":2,"href":"https:\/\/www.czechcyclingfederation.com\/en\/wp-json\/wp\/v2\/posts\/10196\/revisions"}],"predecessor-version":[{"id":10199,"href":"https:\/\/www.czechcyclingfederation.com\/en\/wp-json\/wp\/v2\/posts\/10196\/revisions\/10199"}],"wp:featuredmedia":[{"embeddable":true,"href":"https:\/\/www.czechcyclingfederation.com\/en\/wp-json\/wp\/v2\/media\/10202"}],"wp:attachment":[{"href":"https:\/\/www.czechcyclingfederation.com\/en\/wp-json\/wp\/v2\/media?parent=10196"}],"wp:term":[{"taxonomy":"category","embeddable":true,"href":"https:\/\/www.czechcyclingfederation.com\/en\/wp-json\/wp\/v2\/categories?post=10196"},{"taxonomy":"post_tag","embeddable":true,"href":"https:\/\/www.czechcyclingfederation.com\/en\/wp-json\/wp\/v2\/tags?post=10196"}],"curies":[{"name":"wp","href":"https:\/\/api.w.org\/{rel}","templated":true}]}}